{"id":286847,"date":"2025-12-13T22:33:16","date_gmt":"2025-12-13T22:33:16","guid":{"rendered":"https:\/\/www.europesays.com\/es\/286847\/"},"modified":"2025-12-13T22:33:16","modified_gmt":"2025-12-13T22:33:16","slug":"charlene-de-monaco-vuelve-a-inspirarse-en-kate-middleton-para-su-gran-noche-en-el-baile-de-navidad-del-principado","status":"publish","type":"post","link":"https:\/\/www.europesays.com\/es\/286847\/","title":{"rendered":"Charlene de M\u00f3naco vuelve a inspirarse en Kate Middleton para su gran noche en el Baile de Navidad del Principado"},"content":{"rendered":"<p id=\"eYZuen72bsI\" data-wc=\"126\">Charlene de M\u00f3naco ha vuelto a situarse en el centro del foco internacional con motivo del tradicional <strong data-end=\"455\" data-start=\"420\">Baile de Navidad del Principado<\/strong>, una de las citas solidarias m\u00e1s relevantes del calendario monegasco. La velada, celebrada ayer, viernes 12 de diciembre, en el majestuoso <strong data-end=\"627\" data-start=\"591\">Sal\u00f3n Imperio del H\u00f4tel de Paris<\/strong>, reuni\u00f3 a numerosos invitados para conmemorar la <strong data-end=\"692\" data-start=\"677\">20\u00aa edici\u00f3n<\/strong> de este evento ben\u00e9fico que, una vez m\u00e1s, tuvo a la princesa como gran protagonista. Acompa\u00f1ada por el pr\u00edncipe Alberto, Charlene ejerci\u00f3 de anfitriona en una noche marcada por la elegancia, la filantrop\u00eda y una elecci\u00f3n estil\u00edstica que no pas\u00f3 desapercibida: un vestido blanco de inspiraci\u00f3n et\u00e9rea que interpretamos como <a class=\"hm-link ho-link\" href=\"https:\/\/www.hola.com\/moda\/20251122868943\/charlene-monaco-vestido-verde-estilo-kate-middleton\/\" rel=\"noopener nofollow\" target=\"_blank\" data-mrf-recirculation=\"article-body-link\">un nuevo gui\u00f1o a Kate Middleton<\/a>, la princesa de Gales, y a una de sus siluetas m\u00e1s ic\u00f3nicas.<\/p>\n<p> <img src=\"https:\/\/www.europesays.com\/es\/wp-content\/uploads\/2025\/12\/f7f3d2027867-587510901183344408682375513096860921338495022n.jpg\"   width=\"819\" height=\"1024\" loading=\"lazy\" decoding=\"async\" alt=\"Charlene de M\u00f3naco en el tradicional Baile de Navidad del Principado, 2025.\" fetchpriority=\"auto\" class=\"image ho-image\"\/>\u00a9 Micha\u00ebl Alesi \/ Palais princier<br \/>\nUn vestido blanco de estreno absoluto que ha acaparado todas las miradas<\/p>\n<p id=\"eHSP-ji4F_7\" data-wc=\"52\">Para una de las galas m\u00e1s importantes del a\u00f1o en M\u00f3naco, Charlene ha postado por un <strong data-end=\"1321\" data-start=\"1286\">vestido blanco de Jenny Packham<\/strong>, de la <strong data-end=\"1377\" data-start=\"1342\">colecci\u00f3n primavera-verano 2026<\/strong>, a\u00fan no disponible a la venta. Un estreno absoluto que confirma su afinidad con las grandes casas internacionales y <a class=\"hm-link ho-link\" href=\"https:\/\/www.hola.com\/moda\/20251207871568\/charlene-de-monaco-look-felicitacion-navidad-vestido-punto-boho\/\" rel=\"noopener nofollow\" target=\"_blank\" data-mrf-recirculation=\"article-body-link\">su gusto por adelantarse a las tendencias<\/a>.<\/p>\n<p> <img src=\"https:\/\/www.europesays.com\/es\/wp-content\/uploads\/2025\/12\/82643b09447f-587404770183344407812375515488510946606443006n.jpg\"   width=\"819\" height=\"1024\" loading=\"lazy\" decoding=\"async\" alt=\"Charlene de M\u00f3naco en el tradicional Baile de Navidad del Principado, 2025.\" fetchpriority=\"auto\" class=\"image ho-image\"\/>\u00a9 Micha\u00ebl Alesi \/ Palais princier<\/p>\n<p id=\"eNtZcA9W3brv\" data-wc=\"93\">El dise\u00f1o destaca por su <strong data-end=\"1593\" data-start=\"1565\">silueta larga y vaporosa<\/strong>, realzada por una <strong data-end=\"1637\" data-start=\"1612\">delicada capa plisada<\/strong> que nace en los hombros y cae con movimiento, envolviendo la figura con un aire casi ceremonial. La pieza se completa con un <strong data-end=\"1814\" data-start=\"1767\">cintur\u00f3n ancho de pedrer\u00eda en tonos dorados<\/strong>, que marca la cintura y aporta sofisticaci\u00f3n y dramatismo al conjunto. El blanco elegido, con tonos azul pastel muy sutiles, evoca una est\u00e9tica luminosa y depurada, perfecta tanto para el esp\u00edritu navide\u00f1o como para esa <a class=\"hm-link ho-link\" href=\"https:\/\/www.hola.com\/moda\/20250907854301\/charlene-monaco-picnic-anual-2025\/\" rel=\"noopener nofollow\" target=\"_blank\" data-mrf-recirculation=\"article-body-link\">inspiraci\u00f3n nupcial que Charlene ha abrazado<\/a> en varias de sus \u00faltimas apariciones p\u00fablicas.<\/p>\n<p> <img src=\"https:\/\/www.europesays.com\/es\/wp-content\/uploads\/2025\/12\/9805159172a9-589908008183344407212375514130995529580021641n.jpg\"   width=\"819\" height=\"1024\" loading=\"lazy\" decoding=\"async\" alt=\"Charlene de M\u00f3naco en el tradicional Baile de Navidad del Principado, 2025.\" fetchpriority=\"auto\" class=\"image ho-image\"\/>\u00a9 Micha\u00ebl Alesi \/ Palais princier<br \/>\nEl paralelismo inevitable con Kate Middleton<\/p>\n<p id=\"esU13nB2gn9d\" data-wc=\"88\">Lo m\u00e1s comentado del look no ha sido solo su elegancia, sino la <strong data-end=\"2338\" data-start=\"2293\">inevitable comparaci\u00f3n con Kate Middleton<\/strong>. El vestido de Charlene comparte una silueta casi id\u00e9ntica con <a class=\"hm-link ho-link\" href=\"https:\/\/www.hola.com\/moda\/tendencias\/20211001196954\/kate-middleton-vestido-lentejuelas-james-bond-coleccion-exclusiva\/\" rel=\"noopener nofollow\" target=\"_blank\" data-mrf-recirculation=\"article-body-link\">el famoso dise\u00f1o que la princesa de Gales llev\u00f3 a la premiere de James Bond No Time To Die en 2021<\/a>, tambi\u00e9n firmado por Jenny Packham. Aquel vestido dorado con capa, escote en V y ca\u00edda fluida se convirti\u00f3 en uno de los looks m\u00e1s ic\u00f3nicos de Kate y marc\u00f3 un antes y un despu\u00e9s en su imagen m\u00e1s glamurosa.<\/p>\n<p> <img src=\"https:\/\/www.europesays.com\/es\/wp-content\/uploads\/2025\/12\/ebe01f1311e0-gettyimages-1370721807.jpg\"   width=\"741\" height=\"1024\" loading=\"lazy\" decoding=\"async\" alt=\"Kate Middleton, princesa de Gales, en la premiere de James Bond &quot;No Time To Die&quot; en Londres, 2021.\" fetchpriority=\"auto\" class=\"image ho-image\"\/>\u00a9 Getty<\/p>\n<p id=\"eNRv46DJtf8M\" data-wc=\"104\">En esta ocasi\u00f3n, Charlene ha reinterpretado esa misma estructura con un enfoque m\u00e1s et\u00e9reo y minimalista, apostando por el blanco con un sutil toque azul pastel. El <strong data-end=\"2906\" data-start=\"2879\">escote pronunciado en V<\/strong>, la <strong data-end=\"2944\" data-start=\"2911\">capa ligera sobre los hombros<\/strong> y el <strong data-end=\"2967\" data-start=\"2950\">cintur\u00f3n joya<\/strong> refuerzan la sensaci\u00f3n de que la princesa de M\u00f3naco sigue muy de cerca los c\u00f3digos est\u00e9ticos de la princesa de Gales, adapt\u00e1ndolos a su propio lenguaje. No es un caso aislado: hace apenas unas semanas, <a class=\"hm-link ho-link\" href=\"https:\/\/www.hola.com\/moda\/20251122868943\/charlene-monaco-vestido-verde-estilo-kate-middleton\/\" rel=\"noopener nofollow\" target=\"_blank\" data-mrf-recirculation=\"article-body-link\">Charlene sorprend\u00eda con un vestido verde de una firma brit\u00e1nica habitual en el armario de Kate<\/a>, confirmando una evoluci\u00f3n hacia un estilo m\u00e1s cl\u00e1sico, atemporal y marcadamente royal.<\/p>\n<p> <img src=\"https:\/\/www.europesays.com\/es\/wp-content\/uploads\/2025\/12\/a06dd2a6b477-gettyimages-1343717216.jpg\"   width=\"832\" height=\"1024\" loading=\"lazy\" decoding=\"async\" alt=\"Kate Middleton, princesa de Gales, en la premiere de James Bond &quot;No Time To Die&quot; en Londres, 2021.\" fetchpriority=\"auto\" class=\"image ho-image\"\/>\u00a9 Getty<br \/>\nPeinado, maquillaje y joyas: glamour cl\u00e1sico de diva de cine<\/p>\n<p id=\"eh9ymguhRYb8\" data-wc=\"52\">Charlene ha completado el look con un recogido con ondas y <strong data-end=\"3516\" data-start=\"3500\">raya lateral<\/strong>, un peinado que evoca a las grandes divas del cine cl\u00e1sico. El maquillaje ha sido m\u00e1s elaborado de lo habitual, con una <strong data-end=\"3666\" data-start=\"3635\">mirada intensamente marcada<\/strong>, pesta\u00f1as definidas y labios en tono natural, reforzando el car\u00e1cter glamuroso de la noche.<\/p>\n<p id=\"eHYacvlCUmEd\" data-wc=\"48\">En cuanto a las joyas, ha optado por unos <strong data-end=\"3840\" data-start=\"3797\">pendientes de diamantes tipo trepadores<\/strong>, elegantes y discretos, que aportan luz al rostro sin restar protagonismo al vestido. La manicura, en cambio, se ha mantenido en una l\u00ednea sobria y natural, en consonancia con la pureza crom\u00e1tica del conjunto.<\/p>\n<p> <img src=\"https:\/\/www.europesays.com\/es\/wp-content\/uploads\/2025\/12\/0e17b1ff3a2a-586647145183344407482375519082307977150856190n.jpg\"   width=\"819\" height=\"1024\" loading=\"lazy\" decoding=\"async\" alt=\" Charlene de M\u00f3naco en el tradicional Baile de Navidad del Principado, 2025.\" fetchpriority=\"auto\" class=\"image ho-image\"\/>\u00a9 Micha\u00ebl Alesi \/ Palais princier<br \/>\nUn baile solidario con protagonismo institucional<\/p>\n<p id=\"eURWhHANodcr\" data-wc=\"57\">El <strong data-end=\"4143\" data-start=\"4113\">Baile de Navidad de M\u00f3naco<\/strong>, organizado bajo el alto patrocinio de la princesa Charlene, es uno de los eventos ben\u00e9ficos m\u00e1s emblem\u00e1ticos del Principado. En esta 20\u00aa edici\u00f3n, la gala volvi\u00f3 a recaudar fondos para la <strong data-end=\"4373\" data-start=\"4332\">Fundaci\u00f3n Princesa Charlene de M\u00f3naco<\/strong>, centrada en la prevenci\u00f3n de ahogamientos y en la educaci\u00f3n infantil a trav\u00e9s del deporte.<\/p>\n<p id=\"exoC0-3yRGhh\" data-wc=\"60\">Uno de los momentos m\u00e1s destacados de la noche fue la <strong data-end=\"4567\" data-start=\"4521\">subasta solidaria organizada por Sotheby\u2019s<\/strong>, cuyos beneficios se destinaron \u00edntegramente a los proyectos de la fundaci\u00f3n. Adem\u00e1s, Charlene recibi\u00f3 el <strong data-end=\"4696\" data-start=\"4674\">premio Monaco Star<\/strong>, entregado por Sandrine Knoell, en reconocimiento a su compromiso con la infancia. Una distinci\u00f3n que refuerza su papel como figura activa y comprometida dentro del Principado.<\/p>\n<p> <img src=\"https:\/\/www.europesays.com\/es\/wp-content\/uploads\/2025\/12\/d5ea7d5b3b2f-587549060183344407302375513170480693331350457n.jpg\"   width=\"819\" height=\"1024\" loading=\"lazy\" decoding=\"async\" alt=\"Charlene de M\u00f3naco en el tradicional Baile de Navidad del Principado, 2025.\" fetchpriority=\"auto\" class=\"image ho-image\"\/>\u00a9 Micha\u00ebl Alesi \/ Palais princier<br \/>\nLa familia Grimaldi y la Navidad en M\u00f3naco<\/p>\n<p id=\"e_MaVtohY_D1\" data-wc=\"73\">La cita navide\u00f1a dej\u00f3 tambi\u00e9n otras im\u00e1genes destacadas de la familia Grimaldi. Esta semana, <a class=\"hm-link ho-link\" href=\"https:\/\/www.hola.com\/moda\/20251208871630\/gabriella-de-monaco-look-abrigo-pelo-leopardo-charlene\/\" rel=\"noopener nofollow\" target=\"_blank\" data-mrf-recirculation=\"article-body-link\">la princesa Gabriella, hija de Charlene y Alberto, sorprend\u00eda con un abrigo de pelo con estampado de leopardo<\/a> que demostraba que el estilo comienza a hacerse notar incluso entre los m\u00e1s peque\u00f1os del Principado. Adem\u00e1s, la Casa Real de M\u00f3naco ha compartido recientemente su <a class=\"hm-link ho-link\" href=\"https:\/\/www.hola.com\/realeza\/casa_inglesa\/20251207871555\/dos-coronas-un-mismo-mensaje-carlos-iii-y-alberto-de-monaco-dan-la-bienvenida-a-la-navidad\/\" rel=\"noopener nofollow\" target=\"_blank\" data-mrf-recirculation=\"article-body-link\">tradicional felicitaci\u00f3n navide\u00f1a<\/a>, reforzando esa imagen de unidad familiar que acompa\u00f1a estas fechas tan se\u00f1aladas.<\/p>\n","protected":false},"excerpt":{"rendered":"Charlene de M\u00f3naco ha vuelto a situarse en el centro del foco internacional con motivo del tradicional Baile&hellip;\n","protected":false},"author":2,"featured_media":286848,"comment_status":"","ping_status":"","sticky":false,"template":"","format":"standard","meta":{"footnotes":""},"categories":[174],"tags":[1024,255,56615,146,147,25,24,256,1028,1023,17329,23],"class_list":{"0":"post-286847","1":"post","2":"type-post","3":"status-publish","4":"format-standard","5":"has-post-thumbnail","7":"category-famosos","8":"tag-actualidad-moda","9":"tag-celebrities","10":"tag-charlene-de-monaco","11":"tag-entertainment","12":"tag-entretenimiento","13":"tag-es","14":"tag-espana","15":"tag-famosos","16":"tag-looks-realeza","17":"tag-moda","18":"tag-realeza-monaco","19":"tag-spain"},"share_on_mastodon":{"url":"https:\/\/pubeurope.com\/@es\/115714641847223735","error":""},"_links":{"self":[{"href":"https:\/\/www.europesays.com\/es\/wp-json\/wp\/v2\/posts\/286847","targetHints":{"allow":["GET"]}}],"collection":[{"href":"https:\/\/www.europesays.com\/es\/wp-json\/wp\/v2\/posts"}],"about":[{"href":"https:\/\/www.europesays.com\/es\/wp-json\/wp\/v2\/types\/post"}],"author":[{"embeddable":true,"href":"https:\/\/www.europesays.com\/es\/wp-json\/wp\/v2\/users\/2"}],"replies":[{"embeddable":true,"href":"https:\/\/www.europesays.com\/es\/wp-json\/wp\/v2\/comments?post=286847"}],"version-history":[{"count":0,"href":"https:\/\/www.europesays.com\/es\/wp-json\/wp\/v2\/posts\/286847\/revisions"}],"wp:featuredmedia":[{"embeddable":true,"href":"https:\/\/www.europesays.com\/es\/wp-json\/wp\/v2\/media\/286848"}],"wp:attachment":[{"href":"https:\/\/www.europesays.com\/es\/wp-json\/wp\/v2\/media?parent=286847"}],"wp:term":[{"taxonomy":"category","embeddable":true,"href":"https:\/\/www.europesays.com\/es\/wp-json\/wp\/v2\/categories?post=286847"},{"taxonomy":"post_tag","embeddable":true,"href":"https:\/\/www.europesays.com\/es\/wp-json\/wp\/v2\/tags?post=286847"}],"curies":[{"name":"wp","href":"https:\/\/api.w.org\/{rel}","templated":true}]}}