{"id":286849,"date":"2025-12-13T22:34:19","date_gmt":"2025-12-13T22:34:19","guid":{"rendered":"https:\/\/www.europesays.com\/es\/286849\/"},"modified":"2025-12-13T22:34:19","modified_gmt":"2025-12-13T22:34:19","slug":"valencia-redescubre-a-manuel-benedito-en-su-150o-aniversario","status":"publish","type":"post","link":"https:\/\/www.europesays.com\/es\/286849\/","title":{"rendered":"Valencia redescubre a Manuel Benedito en su 150\u00ba aniversario"},"content":{"rendered":"<p><strong>Valencia redescubre a Manuel Benedito en su 150\u00ba aniversario con una exposici\u00f3n in\u00e9dita que desvela el alma de sus modelos<\/strong><\/p>\n<p>Valencia salda una deuda hist\u00f3rica con uno de sus pinceles m\u00e1s virtuosos. Coincidiendo con el 150\u00ba aniversario de su nacimiento, el Ayuntamiento de Valencia, en colaboraci\u00f3n con el Consorci de Museus de la Comunitat Valenciana (CMCV), ha inaugurado en el Museo de la Ciudad una ambiciosa exposici\u00f3n antol\u00f3gica dedicada a Manuel Benedito (1875-1963). Bajo el t\u00edtulo \u2018Manuel Benedito. El pintor y los modelos\u2019, la muestra no solo celebra la figura del que fuera el disc\u00edpulo predilecto de Joaqu\u00edn Sorolla, sino que se adentra como nunca antes en la intimidad de su taller, desvelando el complejo proceso creativo que esconden sus lienzos.<\/p>\n<p>La exposici\u00f3n, que podr\u00e1 visitarse hasta el pr\u00f3ximo 29 de marzo de 2026, se presenta como un hito cultural que re\u00fane 65 obras \u201450 \u00f3leos y 15 dibujos\u2014 procedentes de instituciones de primer nivel como el Museo del Prado, la Colecci\u00f3n Carmen Thyssen-Bornemisza, el Museo Sorolla, la Colecci\u00f3n Banco Santander y el propio Museo de Bellas Artes de Valencia, adem\u00e1s de los fondos de la Fundaci\u00f3n Manuel Benedito y diversas colecciones particulares.<\/p>\n<p><a href=\"https:\/\/www.europesays.com\/es\/wp-content\/uploads\/2025\/12\/IMG_20251211_194236-Copia-de-NXPowerLite.jpg\"><img loading=\"lazy\" decoding=\"async\" width=\"1445\" height=\"1920\" class=\"attachment-full size-full lazyload\" alt=\"Valencia redescubre a Manuel Benedito en su 150\u00ba aniversario con una exposici\u00f3n in\u00e9dita que desvela el alma de sus modelos\" aria-describedby=\"gallery_1-102800\" src=\"https:\/\/www.europesays.com\/es\/wp-content\/uploads\/2025\/12\/IMG_20251211_194236-Copia-de-NXPowerLite.jpg\" data-  data-expand=\"700\" title=\"Valencia redescubre a Manuel Benedito en su 150\u00ba aniversario con una exposici\u00f3n in\u00e9dita que desvela el alma de sus modelos 2\"\/><\/a><br \/>\nCaminArt<br \/>\n<a href=\"https:\/\/www.europesays.com\/es\/wp-content\/uploads\/2025\/12\/IMG_20251211_195055-Copia-de-NXPowerLite.jpg\"><img loading=\"lazy\" decoding=\"async\" width=\"1445\" height=\"1920\" class=\"attachment-full size-full lazyload\" alt=\"Valencia redescubre a Manuel Benedito en su 150\u00ba aniversario con una exposici\u00f3n in\u00e9dita que desvela el alma de sus modelos\" aria-describedby=\"gallery_1-102801\" src=\"https:\/\/www.europesays.com\/es\/wp-content\/uploads\/2025\/12\/IMG_20251211_195055-Copia-de-NXPowerLite.jpg\" data-  data-expand=\"700\" title=\"Valencia redescubre a Manuel Benedito en su 150\u00ba aniversario con una exposici\u00f3n in\u00e9dita que desvela el alma de sus modelos 3\"\/><\/a><br \/>\nCaminArt<br style=\"clear: both\"\/><strong>Un di\u00e1logo entre el boceto y la obra maestra<\/strong><\/p>\n<p>Lejos de ser una retrospectiva convencional, el comisario Pascual Masi\u00e0 ha dise\u00f1ado un recorrido que invita al espectador a ejercer de voyeur en el estudio del artista. La tesis de la muestra gira en torno a la importancia capital que Benedito otorgaba al dibujo y al trabajo del natural, una faceta a veces eclipsada por la soltura de su pincelada final.<\/p>\n<p>Por primera vez, el p\u00fablico podr\u00e1 confrontar las obras acabadas con sus estudios preparatorios, entendiendo las dudas, las correcciones y la arquitectura interna de cuadros c\u00e9lebres. Este di\u00e1logo se hace especialmente vibrante en piezas como \u2018El Infierno de Dante\u2019 (Canto VII de la Divina Comedia). De esta obra monumental se exhibe, saliendo por primera vez de la Fundaci\u00f3n madrile\u00f1a, la parte superior del gran d\u00edptico que colgaba en el estudio del pintor, acompa\u00f1ada de un epistolario con Sorolla donde ambos maestros debat\u00edan sobre la composici\u00f3n de la escena.<\/p>\n<p><img loading=\"lazy\" decoding=\"async\" class=\"wp-image-102802 lazyload\" src=\"https:\/\/www.europesays.com\/es\/wp-content\/uploads\/2025\/12\/IMG_20251211_194405-Copia-de-NXPowerLite-300x226.jpg\" alt=\"Valencia redescubre a Manuel Benedito en su 150\u00ba aniversario con una exposici\u00f3n in\u00e9dita que desvela el alma de sus modelos\" width=\"446\" height=\"336\" title=\"Valencia redescubre a Manuel Benedito en su 150\u00ba aniversario con una exposici\u00f3n in\u00e9dita que desvela el alma de sus modelos 4\"  data- style=\"--smush-placeholder-width: 446px; --smush-placeholder-aspect-ratio: 446\/336;\"\/>CaminArt<\/p>\n<p><strong>Joyas in\u00e9ditas: del Prado a Concha Piquer<\/strong><\/p>\n<p>Uno de los grandes atractivos de la muestra es la presentaci\u00f3n p\u00fablica de \u2018Autorretrato con la vuelta del trabajo\u2019 (1905). Esta obra, adquirida por el Museo del Prado en 2024 y que hab\u00eda permanecido en manos privadas desde su creaci\u00f3n, se exhibe por primera vez ante el gran p\u00fablico, subrayando la vigencia y revalorizaci\u00f3n de Benedito en el mercado y la historiograf\u00eda del arte actual.<\/p>\n<p><img loading=\"lazy\" decoding=\"async\" class=\"wp-image-102804 lazyload\" src=\"https:\/\/www.europesays.com\/es\/wp-content\/uploads\/2025\/12\/IMG_20251211_200442-Copia-de-NXPowerLite-300x169.jpg\" alt=\"Valencia redescubre a Manuel Benedito en su 150\u00ba aniversario con una exposici\u00f3n in\u00e9dita que desvela el alma de sus modelos\" width=\"405\" height=\"228\" title=\"Valencia redescubre a Manuel Benedito en su 150\u00ba aniversario con una exposici\u00f3n in\u00e9dita que desvela el alma de sus modelos 5\"  data- style=\"--smush-placeholder-width: 405px; --smush-placeholder-aspect-ratio: 405\/228;\"\/>CaminArt<\/p>\n<p>Sin embargo, el apartado que despertar\u00e1 mayor curiosidad social y art\u00edstica es el dedicado a los retratos, g\u00e9nero en el que Benedito alcanz\u00f3 la excelencia y una fama internacional que le llev\u00f3 a inmortalizar a la alta sociedad europea. La exposici\u00f3n saca a la luz una serie de dibujos de desnudos de Concha Piquer que permanec\u00edan in\u00e9ditos. Estos bocetos, junto con el famoso retrato final de la artista que tambi\u00e9n se expone, evidencian la relaci\u00f3n de complicidad y confianza absoluta que se establec\u00eda entre el pintor y sus modelos, rompiendo la barrera entre el artista y la musa.<\/p>\n<p><strong>Un homenaje institucional a un \u00abHijo Predilecto\u00bb<\/strong><\/p>\n<p>El concejal de Acci\u00f3n Cultural y Patrimonio, Jos\u00e9 Luis Moreno, record\u00f3 la profunda vinculaci\u00f3n del artista con la capital del Turia. \u00abManuel Benedito fue nombrado Hijo Predilecto de la ciudad en 1926 y recibi\u00f3 la Medalla de Oro en 1949. Su presencia en el Museo de la Ciudad era indispensable\u00bb, se\u00f1al\u00f3 Moreno, adelantando que la exposici\u00f3n servir\u00e1 de puente para las celebraciones del centenario de dicho nombramiento el pr\u00f3ximo a\u00f1o.<\/p>\n<p><img loading=\"lazy\" decoding=\"async\" class=\"wp-image-102796 aligncenter lazyload\" src=\"https:\/\/www.europesays.com\/es\/wp-content\/uploads\/2025\/12\/IMG_20251211_191358-Copia-de-NXPowerLite-300x226.jpg\" alt=\"Valencia redescubre a Manuel Benedito en su 150\u00ba aniversario con una exposici\u00f3n in\u00e9dita que desvela el alma de sus modelos\" width=\"388\" height=\"292\" title=\"Valencia redescubre a Manuel Benedito en su 150\u00ba aniversario con una exposici\u00f3n in\u00e9dita que desvela el alma de sus modelos 6\"  data- style=\"--smush-placeholder-width: 388px; --smush-placeholder-aspect-ratio: 388\/292;\"\/><\/p>\n<p>Durante la presentaci\u00f3n oficial, la Consellera de Educaci\u00f3n y Cultura de la Generalitat Valenciana, Mar\u00eda del Carmen Ort\u00ed Ferre, subray\u00f3 la importancia de la colaboraci\u00f3n institucional. Ort\u00ed Ferre destac\u00f3 que la uni\u00f3n de la Generalitat con el Consistorio permite \u00abcelebrar una de las \u00e9pocas doradas de la pintura espa\u00f1ola a trav\u00e9s de una de sus escuelas m\u00e1s brillantes\u00bb, refiri\u00e9ndose a la tradici\u00f3n valenciana.<\/p>\n<p><img loading=\"lazy\" decoding=\"async\" class=\"wp-image-102798 aligncenter lazyload\" src=\"https:\/\/www.europesays.com\/es\/wp-content\/uploads\/2025\/12\/IMG_20251211_191313-Copia-de-NXPowerLite-300x226.jpg\" alt=\"Valencia redescubre a Manuel Benedito en su 150\u00ba aniversario con una exposici\u00f3n in\u00e9dita que desvela el alma de sus modelos\" width=\"392\" height=\"295\" title=\"Valencia redescubre a Manuel Benedito en su 150\u00ba aniversario con una exposici\u00f3n in\u00e9dita que desvela el alma de sus modelos 7\"  data- style=\"--smush-placeholder-width: 392px; --smush-placeholder-aspect-ratio: 392\/295;\"\/><\/p>\n<p>En un an\u00e1lisis de la figura de Benedito, la Consellera remarc\u00f3 que, si bien el artista \u00abbebi\u00f3 de la luz de Sorolla\u00bb, fue capaz de desarrollar su propia identidad pict\u00f3rica, ya que \u00absupo encontrar su propio lenguaje\u00bb. Esta singularidad le permiti\u00f3 erigirse como un cronista visual de la Belle \u00c9poque a trav\u00e9s de su extensa producci\u00f3n de retratos, de los que se conocen m\u00e1s de 600.<\/p>\n<p><strong>La etapa holandesa y la plenitud pict\u00f3rica<\/strong><\/p>\n<p>El recorrido expositivo culmina con un tercer \u00e1mbito dedicado a la producci\u00f3n de Benedito en Holanda hacia 1909. Seg\u00fan el comisario Masi\u00e0, es aqu\u00ed donde encontramos a un pintor \u00aben plenas facultades\u00bb, capaz de sintetizar la tradici\u00f3n espa\u00f1ola con las atm\u00f3sferas del norte de Europa. Estas obras, premiadas internacionalmente en su momento, demuestran la versatilidad de un artista que no se conform\u00f3 con el costumbrismo local, sino que aspir\u00f3 a una pintura universal.<\/p>\n<p><img loading=\"lazy\" decoding=\"async\" class=\"wp-image-102803 lazyload\" src=\"https:\/\/www.europesays.com\/es\/wp-content\/uploads\/2025\/12\/IMG_20251211_200244-Copia-de-NXPowerLite-300x169.jpg\" alt=\"Valencia redescubre a Manuel Benedito en su 150\u00ba aniversario con una exposici\u00f3n in\u00e9dita que desvela el alma de sus modelos\" width=\"405\" height=\"228\" title=\"Valencia redescubre a Manuel Benedito en su 150\u00ba aniversario con una exposici\u00f3n in\u00e9dita que desvela el alma de sus modelos 8\"  data- style=\"--smush-placeholder-width: 405px; --smush-placeholder-aspect-ratio: 405\/228;\"\/>CaminArt<\/p>\n<p>Con esta exposici\u00f3n, Valencia no solo recupera el legado de uno de sus pintores m\u00e1s internacionales, sino que ofrece una lecci\u00f3n magistral sobre el oficio de pintar. Una oportunidad \u00fanica para redescubrir, m\u00e1s all\u00e1 de la sombra de Sorolla, la luz propia de Manuel Benedito.<\/p>\n","protected":false},"excerpt":{"rendered":"Valencia redescubre a Manuel Benedito en su 150\u00ba aniversario con una exposici\u00f3n in\u00e9dita que desvela el alma de&hellip;\n","protected":false},"author":2,"featured_media":286850,"comment_status":"","ping_status":"","sticky":false,"template":"","format":"standard","meta":{"footnotes":""},"categories":[173],"tags":[229,233,231,230,232,234,146,147,25,24,23],"class_list":{"0":"post-286849","1":"post","2":"type-post","3":"status-publish","4":"format-standard","5":"has-post-thumbnail","7":"category-arte-y-diseno","8":"tag-arte","9":"tag-arte-y-diseno","10":"tag-arts","11":"tag-arts-and-design","12":"tag-design","13":"tag-diseno","14":"tag-entertainment","15":"tag-entretenimiento","16":"tag-es","17":"tag-espana","18":"tag-spain"},"share_on_mastodon":{"url":"https:\/\/pubeurope.com\/@es\/115714645636035410","error":""},"_links":{"self":[{"href":"https:\/\/www.europesays.com\/es\/wp-json\/wp\/v2\/posts\/286849","targetHints":{"allow":["GET"]}}],"collection":[{"href":"https:\/\/www.europesays.com\/es\/wp-json\/wp\/v2\/posts"}],"about":[{"href":"https:\/\/www.europesays.com\/es\/wp-json\/wp\/v2\/types\/post"}],"author":[{"embeddable":true,"href":"https:\/\/www.europesays.com\/es\/wp-json\/wp\/v2\/users\/2"}],"replies":[{"embeddable":true,"href":"https:\/\/www.europesays.com\/es\/wp-json\/wp\/v2\/comments?post=286849"}],"version-history":[{"count":0,"href":"https:\/\/www.europesays.com\/es\/wp-json\/wp\/v2\/posts\/286849\/revisions"}],"wp:featuredmedia":[{"embeddable":true,"href":"https:\/\/www.europesays.com\/es\/wp-json\/wp\/v2\/media\/286850"}],"wp:attachment":[{"href":"https:\/\/www.europesays.com\/es\/wp-json\/wp\/v2\/media?parent=286849"}],"wp:term":[{"taxonomy":"category","embeddable":true,"href":"https:\/\/www.europesays.com\/es\/wp-json\/wp\/v2\/categories?post=286849"},{"taxonomy":"post_tag","embeddable":true,"href":"https:\/\/www.europesays.com\/es\/wp-json\/wp\/v2\/tags?post=286849"}],"curies":[{"name":"wp","href":"https:\/\/api.w.org\/{rel}","templated":true}]}}