{"id":286851,"date":"2025-12-13T22:36:20","date_gmt":"2025-12-13T22:36:20","guid":{"rendered":"https:\/\/www.europesays.com\/es\/286851\/"},"modified":"2025-12-13T22:36:20","modified_gmt":"2025-12-13T22:36:20","slug":"resucita-la-serie-que-marco-a-una-generacion-a-base-de-cinismo-humor-negro-y-mala-leche-esta-vez-con-santiago-segura-y-jordi-wild","status":"publish","type":"post","link":"https:\/\/www.europesays.com\/es\/286851\/","title":{"rendered":"Resucita la serie que marc\u00f3 a una generaci\u00f3n a base de cinismo, humor negro y mala leche, esta vez con Santiago Segura y Jordi Wild"},"content":{"rendered":"<p data-journey-content=\"true\" data-node-id=\"3\" class=\"css-6wxqfj emevuu60\">\u00abSi est\u00e1s leyendo esto, Vincent Finch est\u00e1 muerto\u00bb, ment\u00eda David Su\u00e1rez en la \u00faltima entrada del <a href=\"https:\/\/vincent-finch.blogspot.com\/2014\/06\/si-estas-leyendo-esto-vincent-finch.html\" target=\"_blank\" rel=\"nofollow noopener\" data-vars-ga-outbound-link=\"https:\/\/vincent-finch.blogspot.com\/2014\/06\/si-estas-leyendo-esto-vincent-finch.html\" data-vars-ga-ux-element=\"Hyperlink\" data-vars-ga-call-to-action=\"blog dedicado a su inc\u00f3modo alter ego\" data-vars-ga-product-id=\"17e95f60-d87c-4831-b706-79388911765a\" data-node-id=\"3.1\" class=\"body-link product-links css-d2so5l emevuu60\">blog dedicado a su inc\u00f3modo alter ego<\/a>. \u00abNo se puede vivir de Internet, al menos no de momento\u00bb, reflexionaba mientras se desped\u00eda del proyecto que le dio a conocer para, tras seis cap\u00edtulos publicados en YouTube entre junio y julio de 2013, abandonar al insufrible intento de director de cine definitivamente. O, al menos, hasta que <a href=\"https:\/\/www.fotogramas.es\/filmin-series-peliculas\/\" data-vars-ga-outbound-link=\"https:\/\/www.fotogramas.es\/filmin-series-peliculas\/\" data-vars-ga-ux-element=\"Hyperlink\" data-vars-ga-call-to-action=\"Filmin\" data-node-id=\"3.3\" class=\"body-link css-d2so5l emevuu60\" rel=\"nofollow noopener\" target=\"_blank\">Filmin<\/a> llamase a su puerta.<\/p>\n<p><img draggable=\"true\" alt=\"vincent finch\" title=\"vincent finch\" loading=\"lazy\" width=\"1439\" height=\"1800\" decoding=\"async\" data-nimg=\"1\" style=\"color:transparent;width:100%;height:auto;\"   src=\"https:\/\/www.europesays.com\/es\/wp-content\/uploads\/2025\/12\/vincent-finch-693d7cb441756.jpg\" class=\"css-0 e1g79fud0\"\/><\/p>\n<p>Filmin<\/p>\n<p data-journey-content=\"true\" data-node-id=\"8\" class=\"css-6wxqfj emevuu60\"><strong data-node-id=\"8.0\">&#8216;Vincent Finch: 10 a\u00f1os despu\u00e9s&#8217;, coescrita y codirigida junto a Cristina Gal\u00e1n, nos descubre que el aspirante a cineasta sigue obcecado en triunfar mientras pisa a todos a su alrededor<\/strong>. Una segunda temporada que, adem\u00e1s de contar con el reparto original, suma a su ya sorprendente lista de colaboraciones c\u00e9lebres a Jordi Wild, \u00c1lex de la Iglesia, Jedet, Carlos Areces, Santiago Segura, Rodrigo Cort\u00e9s, Abril Zamora, Pimp Flaco, Juan Mu\u00f1oz, Miguel Rell\u00e1n y Ricardo G\u00f3mez.<\/p>\n<p><img draggable=\"true\" alt=\"vincent finch\" title=\"vincent finch\" loading=\"lazy\" width=\"2600\" height=\"2600\" decoding=\"async\" data-nimg=\"1\" style=\"color:transparent;width:100%;height:auto;\"   src=\"https:\/\/www.europesays.com\/es\/wp-content\/uploads\/2025\/12\/vincent-finch-10-anos-despues-serie-693d81231b413.jpg\" class=\"css-0 e1g79fud0\"\/><\/p>\n<p>Filmin<\/p>\n<p data-journey-content=\"true\" data-node-id=\"11\" class=\"css-6wxqfj emevuu60\">Formada por tres cap\u00edtulos, <strong data-node-id=\"11.1\">&#8216;Vincent Finch: 10 a\u00f1os despu\u00e9s&#8217; est\u00e1 disponible en Filmin desde el 12 de diciembre<\/strong>, un cambio de distribuci\u00f3n notable que, adem\u00e1s de servir para inflar a\u00fan m\u00e1s el ego de su protagonista, subraya el talento de Su\u00e1rez en particular, y de aquella brillante ficci\u00f3n espa\u00f1ola de guerrilla en Internet en general. <\/p>\n<p>La edad de oro de las webseries espa\u00f1olas<\/p>\n<p data-journey-content=\"true\" data-node-id=\"15\" class=\"css-6wxqfj emevuu60\">En la Edad Antigua de la red de redes, cuando comenz\u00e1bamos a entender que todo iba a cambiar incluso sin que advirti\u00e9semos hasta qu\u00e9 punto lo har\u00eda, p\u00e1ginas como Elrellano, Minijuegos y Yonkis nos nutr\u00edan de v\u00eddeos para compartir en Messenger. Aunque el t\u00e9rmino \u00abwebserie\u00bb todav\u00eda no se hab\u00eda consolidado, el \u00e9xito de ideas internacionales como &#8216;Happy Tree Friends&#8217; nos hac\u00eda pensar en la inminente llegada del primer t\u00edtulo patrio del reci\u00e9n nacido formato.<\/p>\n<p><img draggable=\"true\" alt=\"calico electronico\" title=\"calico electronico\" loading=\"lazy\" width=\"1813\" height=\"1299\" decoding=\"async\" data-nimg=\"1\" style=\"color:transparent;width:100%;height:auto;\"   src=\"https:\/\/www.europesays.com\/es\/wp-content\/uploads\/2025\/12\/calico-electronico-693d81714ac9b.jpg\" class=\"css-0 e1g79fud0\"\/><\/p>\n<p>Nikodemo Animation<\/p>\n<p data-journey-content=\"true\" data-node-id=\"18\" class=\"css-6wxqfj emevuu60\">Fue as\u00ed como conocimos a <strong data-node-id=\"18.1\">&#8216;C\u00e1lico Electr\u00f3nico&#8217;, la serie de animaci\u00f3n flash que, desde su aparici\u00f3n en 2004, cop\u00f3 todas las webs de v\u00eddeo y buzones de correo del pa\u00eds<\/strong>. Niko, su creador, se convirti\u00f3 as\u00ed en el primer autor espa\u00f1ol de una webserie de \u00e9xito y, con la llegada de YouTube y las facilidades que ofreci\u00f3 la plataforma, no tardaron en llegar otros.<\/p>\n<p><img draggable=\"true\" alt=\"que vida mas triste\" title=\"que vida mas triste\" loading=\"lazy\" width=\"2500\" height=\"1406\" decoding=\"async\" data-nimg=\"1\" style=\"color:transparent;width:100%;height:auto;\"   src=\"https:\/\/www.europesays.com\/es\/wp-content\/uploads\/2025\/12\/que-vida-mas-triste-693d829d1e150.jpg\" class=\"css-0 e1g79fud0\"\/><\/p>\n<p>YouTube<\/p>\n<p data-journey-content=\"true\" data-node-id=\"21\" class=\"css-6wxqfj emevuu60\">Faltaban a\u00f1os para que comenz\u00e1semos a hablar de youtubers cuando Rub\u00e9n Ontiveros y Borja P\u00e9rez comenzaron a colgar en 2005 cap\u00edtulos de <strong data-node-id=\"21.3\">&#8216;Qu\u00e9 vida m\u00e1s triste&#8217;, las desventuras de un basauritarra que, a modo de videoblog, termin\u00f3 convirti\u00e9ndose en un aut\u00e9ntico fen\u00f3meno apoy\u00e1ndose en el boca a boca digital en un mundo en el que predominaban foros y blogs<\/strong>. Su humor cotidiano y generacional conect\u00f3 r\u00e1pidamente con un p\u00fablico joven que ve\u00eda en Borja y su colega Joseba una representaci\u00f3n cercana y sin filtros de su propia vida. Precariedad, amistad, cultura friki y referencias constantes a la televisi\u00f3n, los videojuegos y la cultura pop poblaban una serie que lleg\u00f3 justo antes de que la nostalgia se convirtiese en una aut\u00e9ntica plaga.<\/p>\n<p><img draggable=\"true\" alt=\"malviviendo\" title=\"malviviendo\" loading=\"lazy\" width=\"1000\" height=\"1000\" decoding=\"async\" data-nimg=\"1\" style=\"color:transparent;width:100%;height:auto;\"   src=\"https:\/\/www.europesays.com\/es\/wp-content\/uploads\/2025\/12\/malviviendo-693b734fc5250.jpg\" class=\"css-0 e1g79fud0\"\/><\/p>\n<p>Diffferent Entertainment<\/p>\n<p data-journey-content=\"true\" data-node-id=\"24\" class=\"css-6wxqfj emevuu60\">En 2008, justo cuando La Sexta convirti\u00f3 en serie cl\u00e1sica las peripecias de Borja y Joseba, David Sainz present\u00f3 la imprescindible <strong data-node-id=\"24.1\">&#8216;Malviviendo&#8217;, la producci\u00f3n que revolucion\u00f3 por completo la ficci\u00f3n online espa\u00f1ola y que demostr\u00f3 que era posible crear un universo propio, coherente y adictivo con recursos m\u00ednimos<\/strong>. Rodada en Sevilla con un presupuesto anecd\u00f3tico, &#8216;Malviviendo&#8217; se convirti\u00f3 en un fen\u00f3meno viral gracias a su mezcla de comedia, thriller, s\u00e1tira social y un lenguaje audiovisual sorprendentemente sofisticado para su tiempo.<\/p>\n<p>Vincent Finch: el monstruo original<\/p>\n<p data-journey-content=\"true\" data-node-id=\"27\" class=\"css-6wxqfj emevuu60\">Durante el lustro en el que Sainz nos sumergi\u00f3 en el barrio de Los Banderilleros, un joven David Su\u00e1rez descubr\u00eda con asombro la libertad con la que Ricky Gervais y Stephen Merchant creaban magn\u00e9ticos antih\u00e9roes en la original &#8216;The Office&#8217; y decidi\u00f3 construir el suyo a su imagen y semejanza.<\/p>\n<p><img draggable=\"true\" alt=\"vincent finch\" title=\"vincent finch\" loading=\"lazy\" width=\"2480\" height=\"3508\" decoding=\"async\" data-nimg=\"1\" style=\"color:transparent;width:100%;height:auto;\"   src=\"https:\/\/www.europesays.com\/es\/wp-content\/uploads\/2025\/12\/vincent-finch-10-anos-despues-693d7f7c4d4e8.jpg\" class=\"css-0 e1g79fud0\"\/><\/p>\n<p>Filmin<\/p>\n<p data-journey-content=\"true\" data-node-id=\"30\" class=\"css-6wxqfj emevuu60\">Tras casi cuatro a\u00f1os de preparaci\u00f3n, se estren\u00f3 por fin<strong data-node-id=\"30.1\"> &#8216;<a href=\"https:\/\/www.youtube.com\/watch?v=qOi6pEmDNS8\" target=\"_blank\" rel=\"nofollow noopener\" data-vars-ga-outbound-link=\"https:\/\/www.youtube.com\/watch?v=qOi6pEmDNS8\" data-vars-ga-ux-element=\"Hyperlink\" data-vars-ga-call-to-action=\"Vincent Finch: Diario de un ego\" data-node-id=\"30.1.1\" class=\"body-link css-d2so5l emevuu60\">Vincent Finch: Diario de un ego<\/a>&#8216;, una propuesta que exploraba la figura del creador narcisista y la obsesi\u00f3n por la fama que ya se viv\u00eda en la red<\/strong>. La serie jugaba con el formato de falso documental para mostrar, desde la perspectiva del propio Finch, las tribulaciones de un aspirante a cineasta convencido de su genialidad mientras todo a su alrededor desment\u00eda constantemente esa visi\u00f3n. Esta mirada sat\u00edrica sobre los egos desbordados conect\u00f3 con una audiencia que reconoc\u00eda en Vincent muchos de los rasgos exagerados de la autoexposici\u00f3n online que estaba empezando a normalizarse.<\/p>\n<p data-journey-content=\"true\" data-node-id=\"32\" class=\"css-6wxqfj emevuu60\">El t\u00edtulo destac\u00f3 tambi\u00e9n por su calidad narrativa y visual, el humor negro, la iron\u00eda constante y la interpretaci\u00f3n de Su\u00e1rez, cara visible de esta cr\u00edtica mordaz del narcisismo digital, una reflexi\u00f3n sobre los l\u00edmites entre realidad, ficci\u00f3n y deseo de reconocimiento.<\/p>\n<p><img draggable=\"true\" alt=\"vincent finch\" title=\"vincent finch\" loading=\"lazy\" width=\"1360\" height=\"765\" decoding=\"async\" data-nimg=\"1\" style=\"color:transparent;width:100%;height:auto;\"   src=\"https:\/\/www.europesays.com\/es\/wp-content\/uploads\/2025\/12\/vincent-finch-4-693b71b59f789.jpg\" class=\"css-0 e1g79fud0\"\/><\/p>\n<p>Filmin<\/p>\n<p data-journey-content=\"true\" data-node-id=\"35\" class=\"css-6wxqfj emevuu60\">Doce a\u00f1os despu\u00e9s de aquello, y con un mill\u00f3n y medio de visitas acumuladas en el primer cap\u00edtulo de aquella aventura, Su\u00e1rez s\u00ed ha logrado el \u00e9xito con el que so\u00f1aba su personaje. Convertido en todo un referente del humor m\u00e1s c\u00ednico y libre de prejuicios, su gusto por mantenerse en el borde de la navaja le ha permitido hacerse con un nutrido grupo de ac\u00f3litos y alguna que otra denuncia en la Audiencia Provincial de Madrid. Pese a su pedregoso paso por &#8216;Late Motiv&#8217; y &#8216;Yu: No te pierdas nada&#8217;, proyectos como &#8216;Famosos y una vieja&#8217;, el especial &#8216;Todos vamos a morir&#8217; (disponible tambi\u00e9n en Filmin) y los podcast &#8216;Pegarle a la Lej\u00eda&#8217; y &#8216;Directos en directo&#8217; han terminado llevando al c\u00f3mico a reencontrarse con su primer monstruo, un Vincent Finch que, ahora s\u00ed, est\u00e1 listo para petarlo.<\/p>\n<p><img draggable=\"true\" alt=\"vincent finch\" title=\"vincent finch\" loading=\"lazy\" width=\"720\" height=\"1035\" decoding=\"async\" data-nimg=\"1\" style=\"color:transparent;width:100%;height:auto;\"   src=\"https:\/\/www.europesays.com\/es\/wp-content\/uploads\/2025\/12\/c704e7f69859270947a693afbfcdea0d.jpg\" class=\"css-0 e1g79fud0\"\/><\/p>\n<p>Filmin<\/p>\n<p><img src=\"https:\/\/www.europesays.com\/es\/wp-content\/uploads\/2025\/12\/1765665380_128_7541bb6a-16f2-4527-9c94-b4ff6ee098ce_1646215165.file\" alt=\"Headshot of Ricardo Rosado\" title=\"Headshot of Ricardo Rosado\" width=\"100%\" height=\"100%\" decoding=\"async\" loading=\"lazy\" class=\"css-o0wq4v ev8dhu53\"\/><\/p>\n<p><a href=\"https:\/\/www.linkedin.com\/in\/ricardo-rosado-benito-609a5a40\/\" rel=\"nofollow noopener\" target=\"_blank\">Ricardo Rosado<\/a> es cr\u00edtico de cine, periodista cultural, experto en comedia norteamericana, pel\u00edculas de terror de cualquier tipo y todo lo que ocurra entre g\u00e9neros y formatos. Criado entre pel\u00edculas de Steven Spielberg, y malcriado desde que se top\u00f3 con David Lynch, lleva una d\u00e9cada escribiendo sobre el arte que consume.<\/p>\n<p>En FOTOGRAMAS le leer\u00e1s comentando los \u00faltimos estrenos en salas, fomentando la paz entre fans de Marvel y DC, repasando todas las novedades de Star Wars o sumergido en las profundidades de los cat\u00e1logos de Netflix, HBO Max, Prime Video y Filmin. Tambi\u00e9n le gusta hacer galer\u00edas y rankings de pel\u00edculas y series, pero nadie se f\u00eda demasiado de su criterio.<\/p>\n<p>Tras estudiar Comunicaci\u00f3n Audiovisual en la Universidad Complutense de Madrid, cre\u00f3 <a href=\"http:\/\/www.comboduoplus.com\/\" rel=\"nofollow noopener\" target=\"_blank\">un blog de rese\u00f1as cinematogr\u00e1ficas<\/a> con la esperanza de acudir gratis a festivales de cine y pases de prensa. Ahora, tras siete a\u00f1os escribiendo en FOTOGRAMAS sobre los \u00faltimos estrenos en salas, las series del momento y cualquier contenido disponible en los diferentes canales de streaming, sigue pensando que mereci\u00f3 la pena.<\/p>\n<p>Frontman de dos vergonzantes proyectos musicales, director de diversos videoclips de bandas de heavy metal madrile\u00f1as y autor de no pocos cortometrajes escondidos en la red de redes, es el editor y uno de los orgullosos contertulios del podcast cultural &#8216;<a href=\"https:\/\/www.ivoox.com\/podcast-de-al-lado-pumares_sq_f1627488_1.html\" rel=\"nofollow noopener\" target=\"_blank\">Los de al lado de Pumares<\/a>&#8216;, espacio que le ha permitido participar como colaborador en otros formatos de radio como &#8216;Estamos de cine&#8217; (Castilla-La Mancha Media) y <a href=\"https:\/\/cadenaser.com\/audio\/1627348931165\/\" rel=\"nofollow noopener\" target=\"_blank\">&#8216;El faro&#8217; (Cadena SER)<\/a>, adem\u00e1s de haberle convertido en una de las voces principales de los v\u00eddeos de FOTOGRAMAS. \u00a0<\/p>\n","protected":false},"excerpt":{"rendered":"\u00abSi est\u00e1s leyendo esto, Vincent Finch est\u00e1 muerto\u00bb, ment\u00eda David Su\u00e1rez en la \u00faltima entrada del blog dedicado&hellip;\n","protected":false},"author":2,"featured_media":286852,"comment_status":"","ping_status":"","sticky":false,"template":"","format":"standard","meta":{"footnotes":""},"categories":[171],"tags":[1180,146,147,25,24,8788,23,214],"class_list":{"0":"post-286851","1":"post","2":"type-post","3":"status-publish","4":"format-standard","5":"has-post-thumbnail","7":"category-tv","8":"tag-editorial","9":"tag-entertainment","10":"tag-entretenimiento","11":"tag-es","12":"tag-espana","13":"tag-prescripcion","14":"tag-spain","15":"tag-tv"},"share_on_mastodon":{"url":"https:\/\/pubeurope.com\/@es\/115714653877629155","error":""},"_links":{"self":[{"href":"https:\/\/www.europesays.com\/es\/wp-json\/wp\/v2\/posts\/286851","targetHints":{"allow":["GET"]}}],"collection":[{"href":"https:\/\/www.europesays.com\/es\/wp-json\/wp\/v2\/posts"}],"about":[{"href":"https:\/\/www.europesays.com\/es\/wp-json\/wp\/v2\/types\/post"}],"author":[{"embeddable":true,"href":"https:\/\/www.europesays.com\/es\/wp-json\/wp\/v2\/users\/2"}],"replies":[{"embeddable":true,"href":"https:\/\/www.europesays.com\/es\/wp-json\/wp\/v2\/comments?post=286851"}],"version-history":[{"count":0,"href":"https:\/\/www.europesays.com\/es\/wp-json\/wp\/v2\/posts\/286851\/revisions"}],"wp:featuredmedia":[{"embeddable":true,"href":"https:\/\/www.europesays.com\/es\/wp-json\/wp\/v2\/media\/286852"}],"wp:attachment":[{"href":"https:\/\/www.europesays.com\/es\/wp-json\/wp\/v2\/media?parent=286851"}],"wp:term":[{"taxonomy":"category","embeddable":true,"href":"https:\/\/www.europesays.com\/es\/wp-json\/wp\/v2\/categories?post=286851"},{"taxonomy":"post_tag","embeddable":true,"href":"https:\/\/www.europesays.com\/es\/wp-json\/wp\/v2\/tags?post=286851"}],"curies":[{"name":"wp","href":"https:\/\/api.w.org\/{rel}","templated":true}]}}