{"id":286860,"date":"2025-12-13T22:42:07","date_gmt":"2025-12-13T22:42:07","guid":{"rendered":"https:\/\/www.europesays.com\/es\/286860\/"},"modified":"2025-12-13T22:42:07","modified_gmt":"2025-12-13T22:42:07","slug":"lo-hemos-observado-muy-bien","status":"publish","type":"post","link":"https:\/\/www.europesays.com\/es\/286860\/","title":{"rendered":"\u00abLo hemos observado muy bien\u00bb"},"content":{"rendered":"<p class=\"paragraph\">El director general de la Agencia Espacial Europea (ESA), Josef Aschbacher lo tiene claro. Tras estudiar y observar el <b>cometa interestelar 3I\/Atlas,<\/b> ha decidido pronunciarse al respecto mediante una entrevista en Europa Press, donde ha rechazado todas las \u00abespeculaciones\u00bb del cuerpo que viaja por el interior del sistema solar.<\/p>\n<p class=\"paragraph\">En este sentido, el experto ha afirmado que lo han observado \u00abmuy bien\u00bb y  por ello, puede asegurar \u00abque no son alien\u00edgenas\u00bb. As\u00ed, se\u00f1ala que es \u00abun cometa que<b> se mueve a muy alta velocidad<\/b>\u00bb y est\u00e1 pasando por nuestro sistema solar. Lo han medido, lo est\u00e1n observando y saben muy bien lo que pasa, ha declarado durante en el mismo sitio donde ha firmado un memorando con IE University.<\/p>\n<p class=\"paragraph\">Esta incertidumbre ha vuelto a estallar despu\u00e9s de que la misi\u00f3n Juice, destinada al estudio de las lunas heladas de J\u00fapiter, captase im\u00e1genes de 3I\/Atlas para <b>analizar los materiales que desprende <\/b>y comprender \u00abc\u00f3mo se comportan los cometas a gran velocidad\u00bb, ha explicado el director general de la ESA.<\/p>\n<p class=\"paragraph\">Este cometa,<b> tambi\u00e9n llamado C\/2025 N1, <\/b>es especial, puesto que tiene un n\u00facleo de entre 10 y 30 kil\u00f3metros de di\u00e1metro, viaja a m\u00e1s de 68 km\/s (245.000 km\/h) y sigue una \u00f3rbita hiperb\u00f3lica, confirmando que procede de otro sistema estelar. Descubierto el 1 de julio de 2025 por la red ATLAS en Chile, es el tercer objeto interestelar confirmado, ofreciendo la oportunidad de estudiar material formado fuera del sistema solar.<\/p>\n<p>\u00bfCu\u00e1ndo llegar\u00e1 a la Tierra?<\/p>\n<p class=\"paragraph\">Faltan pocos d\u00edas para que 3I\/Atlas llegue a nuestro planeta. Concretamente, seg\u00fan los estudios realizados, es posible que acerque su punto m\u00e1s cercano a la Tierra el pr\u00f3ximo viernes 19 de diciembre. Se trata de <b>un momento \u00fanico que no se volver\u00e1 a repetir <\/b>debido a su trayectoria interestelar. Por ello, hay que saber muy bien c\u00f3mo verlo.<\/p>\n<p class=\"paragraph\">En menos de una semana el gran cuerpo estar\u00e1 a unos 270 millones de kil\u00f3metros de la Tierra, lo que la convertir\u00e1 en su acercamiento m\u00e1s pr\u00f3ximo. Aunque esta distancia es enorme \u2013lo que impide que impacte\u2013 no ser\u00e1 f\u00e1cil verlo. Por ello, no bastar\u00e1 con mirar al cielo y esperar, sino que habr\u00e1 que contar instrumentos astron\u00f3micos como <b>telescopios profesionales. <\/b><\/p>\n<p class=\"paragraph\">Tampoco vale cualquier ubicaci\u00f3n. Seg\u00fan los expertos, habr\u00e1 que evitar la contaminaci\u00f3n lum\u00ednica y acudir<b> antes del amanecer a sitios elevados<\/b> del hemisferio norte. Esto facilitar\u00e1 las condiciones y te har\u00e1 disfrutar de una velada completamente m\u00e1gica. Tambi\u00e9n recomiendan seguir toda la informaci\u00f3n de la NASA, ya que, como ha ocurrido en diversas ocasiones, su trayectoria podr\u00eda cambiar.<\/p>\n","protected":false},"excerpt":{"rendered":"El director general de la Agencia Espacial Europea (ESA), Josef Aschbacher lo tiene claro. Tras estudiar y observar&hellip;\n","protected":false},"author":2,"featured_media":286861,"comment_status":"","ping_status":"","sticky":false,"template":"","format":"standard","meta":{"footnotes":""},"categories":[81],"tags":[119,123,124,25,24,117,121,122,23,118,120],"class_list":{"0":"post-286860","1":"post","2":"type-post","3":"status-publish","4":"format-standard","5":"has-post-thumbnail","7":"category-ciencia-y-tecnologia","8":"tag-ciencia","9":"tag-ciencia-y-tecnologia","10":"tag-cienciaytecnologia","11":"tag-es","12":"tag-espana","13":"tag-science","14":"tag-science-and-technology","15":"tag-scienceandtechnology","16":"tag-spain","17":"tag-technology","18":"tag-tecnologia"},"share_on_mastodon":{"url":"https:\/\/pubeurope.com\/@es\/115714677159043579","error":""},"_links":{"self":[{"href":"https:\/\/www.europesays.com\/es\/wp-json\/wp\/v2\/posts\/286860","targetHints":{"allow":["GET"]}}],"collection":[{"href":"https:\/\/www.europesays.com\/es\/wp-json\/wp\/v2\/posts"}],"about":[{"href":"https:\/\/www.europesays.com\/es\/wp-json\/wp\/v2\/types\/post"}],"author":[{"embeddable":true,"href":"https:\/\/www.europesays.com\/es\/wp-json\/wp\/v2\/users\/2"}],"replies":[{"embeddable":true,"href":"https:\/\/www.europesays.com\/es\/wp-json\/wp\/v2\/comments?post=286860"}],"version-history":[{"count":0,"href":"https:\/\/www.europesays.com\/es\/wp-json\/wp\/v2\/posts\/286860\/revisions"}],"wp:featuredmedia":[{"embeddable":true,"href":"https:\/\/www.europesays.com\/es\/wp-json\/wp\/v2\/media\/286861"}],"wp:attachment":[{"href":"https:\/\/www.europesays.com\/es\/wp-json\/wp\/v2\/media?parent=286860"}],"wp:term":[{"taxonomy":"category","embeddable":true,"href":"https:\/\/www.europesays.com\/es\/wp-json\/wp\/v2\/categories?post=286860"},{"taxonomy":"post_tag","embeddable":true,"href":"https:\/\/www.europesays.com\/es\/wp-json\/wp\/v2\/tags?post=286860"}],"curies":[{"name":"wp","href":"https:\/\/api.w.org\/{rel}","templated":true}]}}