{"id":286864,"date":"2025-12-13T22:44:10","date_gmt":"2025-12-13T22:44:10","guid":{"rendered":"https:\/\/www.europesays.com\/es\/286864\/"},"modified":"2025-12-13T22:44:10","modified_gmt":"2025-12-13T22:44:10","slug":"hamas-acusa-a-israel-de-socavar-el-alto-el-fuego-en-gaza-al-atacar-al-numero-dos-de-su-brazo-armado-internacional","status":"publish","type":"post","link":"https:\/\/www.europesays.com\/es\/286864\/","title":{"rendered":"Ham\u00e1s acusa a Israel de \u201csocavar el alto el fuego\u201d en Gaza al atacar al n\u00famero dos de su brazo armado | Internacional"},"content":{"rendered":"<p class=\"\">El ej\u00e9rcito israel\u00ed ha asegurado este s\u00e1bado haber asesinado al n\u00famero dos del brazo armado de Ham\u00e1s, Raad Saad, en un bombardeo con un dron contra su veh\u00edculo en Gaza. Aunque el movimiento islamista no ha confirmado la muerte, se trata en cualquier caso del objetivo de mayor perfil de Ham\u00e1s <a href=\"https:\/\/elpais.com\/internacional\/2025-10-28\/en-la-gaza-bajo-control-israeli-escombros-silencio-y-una-frontera-emergente.html\" target=\"_self\" rel=\"nofollow noopener\" title=\"https:\/\/elpais.com\/internacional\/2025-10-28\/en-la-gaza-bajo-control-israeli-escombros-silencio-y-una-frontera-emergente.html\">en m\u00e1s de dos meses de tregua<\/a>. Fuentes sanitarias en la Franja cifran en cinco los muertos por el bombardeo, que Ham\u00e1s ha interpretado como una nueva muestra de la voluntad del Gobierno de Benjam\u00edn Netanyahu de \u201csocavar y hacer fracasar el acuerdo de alto el fuego mediante la escalada de sus continuas vulneraciones\u201d.<\/p>\n<p class=\"\">Israel lo ha justificado en que Saad lideraba <a href=\"https:\/\/elpais.com\/internacional\/2025-10-26\/hamas-afronta-el-dilema-de-desarmarse-en-la-paz-de-trump.html\" target=\"_self\" rel=\"nofollow noopener\" title=\"https:\/\/elpais.com\/internacional\/2025-10-26\/hamas-afronta-el-dilema-de-desarmarse-en-la-paz-de-trump.html\">los intentos de Ham\u00e1s de reconstituirse<\/a> y colocar explosivos para emboscar a las tropas en el 58% de Gaza que controla el ej\u00e9rcito israel\u00ed a ra\u00edz del alto el fuego. Las oficinas del primer ministro, Benjam\u00edn Netanyahu, y del ministro de Defensa, Israel Katz, han emitido un comunicado en el que explican que ordenaron el asesinato despu\u00e9s de que un explosivo hiriese horas antes a dos soldados.<\/p>\n<p class=\"\">El ej\u00e9rcito ha difundido una imagen a\u00e9rea del momento en el que un misil lanzado por un dron impacta en el \u00faltimo de tres coches que circulaban por Rashid, la carretera que conecta Gaza de norte a sur en paralelo a la costa. Fotograf\u00edas posteriores desde el terreno muestran el coche calcinado, con una mancha de sangre en el suelo. Las Fuerzas Armadas han presentado a Saad como el jefe de producci\u00f3n de armamento de la milicia de Ham\u00e1s y uno de los arquitectos del ataque de octubre de 2023, que caus\u00f3 unos 1.200 muertos y dio pie a dos a\u00f1os de invasi\u00f3n<a href=\"https:\/\/elpais.com\/internacional\/2025-10-05\/gaza-dos-anos-de-horror-indescriptible-y-un-pequeno-horizonte-de-esperanza.html\" target=\"_self\" rel=\"nofollow noopener\" title=\"https:\/\/elpais.com\/internacional\/2025-10-05\/gaza-dos-anos-de-horror-indescriptible-y-un-pequeno-horizonte-de-esperanza.html\"> con m\u00e1s de 70.000 palestinos muertos<\/a>.<\/p>\n<p class=\"\">Si bien se trata de un ataque excepcional, por la entidad del objetivo, el ej\u00e9rcito israel\u00ed viene bombardeando Gaza casi a diario en vulneraci\u00f3n del alto el fuego. Suelen ser ataques puntuales ante lo que describe como intentos de Ham\u00e1s de reorganizarse y rearmarse en la zona que controla, pese a su debilidad. Los bombardeos son particularmente violentos y prolongados cuando el ej\u00e9rcito denuncia una emboscada previa contra sus tropas. Es lo que sucedi\u00f3 <a href=\"https:\/\/elpais.com\/internacional\/2025-10-29\/mas-de-90-muertos-entre-ellos-24-ninos-por-los-bombardeos-israelies-en-gaza.html\" rel=\"nofollow noopener\" title=\"https:\/\/elpais.com\/internacional\/2025-10-29\/mas-de-90-muertos-entre-ellos-24-ninos-por-los-bombardeos-israelies-en-gaza.html\" target=\"_blank\">el 28 de octubre<\/a>, matando a m\u00e1s de cien palestinos, o el 20 de noviembre, a 32. La mayor\u00eda, en ambos casos, eran menores y mujeres. <\/p>\n<p class=\"\">Desde que el art\u00edfice del acuerdo de tregua permanente, el presidente de Estados Unidos, Donald Trump, declarase a principios de octubre<a href=\"https:\/\/elpais.com\/internacional\/2025-10-09\/trump-sobre-el-acuerdo-entre-israel-y-hamas-creo-que-sera-el-principio-de-una-paz-duradera.html\" target=\"_self\" rel=\"nofollow noopener\" title=\"https:\/\/elpais.com\/internacional\/2025-10-09\/trump-sobre-el-acuerdo-entre-israel-y-hamas-creo-que-sera-el-principio-de-una-paz-duradera.html\"> el \u201cfin de la guerra\u201d,<\/a> el fuego de drones, cazas, ametralladoras y tanques israel\u00edes ha matado a cerca de 400 personas en la min\u00fascula Franja palestina, seg\u00fan el recuento hospitalario. Tambi\u00e9n han muerto tres soldados israel\u00edes, en ataques sorpresa de milicianos palestinos, seg\u00fan el ej\u00e9rcito.<\/p>\n","protected":false},"excerpt":{"rendered":"El ej\u00e9rcito israel\u00ed ha asegurado este s\u00e1bado haber asesinado al n\u00famero dos del brazo armado de Ham\u00e1s, Raad&hellip;\n","protected":false},"author":2,"featured_media":286865,"comment_status":"","ping_status":"","sticky":false,"template":"","format":"standard","meta":{"footnotes":""},"categories":[42],"tags":[17,18,68,70,71,72,13,14,73,69,75,11,61,62,63,64,74,19,20,9,10,15,16,77,76,12,21,22,65,66,67],"class_list":{"0":"post-286864","1":"post","2":"type-post","3":"status-publish","4":"format-standard","5":"has-post-thumbnail","7":"category-internacional","8":"tag-breaking-news","9":"tag-breakingnews","10":"tag-conflicto-arabe-israeli","11":"tag-conflictos","12":"tag-conflictos-armados","13":"tag-conflictos-internacionales","14":"tag-featured-news","15":"tag-featurednews","16":"tag-franja-gaza","17":"tag-guerra","18":"tag-hamas","19":"tag-headlines","20":"tag-internacional","21":"tag-international","22":"tag-international-news","23":"tag-internationalnews","24":"tag-israel","25":"tag-latest-news","26":"tag-latestnews","27":"tag-news","28":"tag-noticias","29":"tag-noticias-destacadas","30":"tag-noticiasdestacadas","31":"tag-oriente-proximo","32":"tag-palestina","33":"tag-titulares","34":"tag-ultimas-noticias","35":"tag-ultimasnoticias","36":"tag-world","37":"tag-world-news","38":"tag-worldnews"},"share_on_mastodon":{"url":"","error":"Validation failed: Text character limit of 500 exceeded"},"_links":{"self":[{"href":"https:\/\/www.europesays.com\/es\/wp-json\/wp\/v2\/posts\/286864","targetHints":{"allow":["GET"]}}],"collection":[{"href":"https:\/\/www.europesays.com\/es\/wp-json\/wp\/v2\/posts"}],"about":[{"href":"https:\/\/www.europesays.com\/es\/wp-json\/wp\/v2\/types\/post"}],"author":[{"embeddable":true,"href":"https:\/\/www.europesays.com\/es\/wp-json\/wp\/v2\/users\/2"}],"replies":[{"embeddable":true,"href":"https:\/\/www.europesays.com\/es\/wp-json\/wp\/v2\/comments?post=286864"}],"version-history":[{"count":0,"href":"https:\/\/www.europesays.com\/es\/wp-json\/wp\/v2\/posts\/286864\/revisions"}],"wp:featuredmedia":[{"embeddable":true,"href":"https:\/\/www.europesays.com\/es\/wp-json\/wp\/v2\/media\/286865"}],"wp:attachment":[{"href":"https:\/\/www.europesays.com\/es\/wp-json\/wp\/v2\/media?parent=286864"}],"wp:term":[{"taxonomy":"category","embeddable":true,"href":"https:\/\/www.europesays.com\/es\/wp-json\/wp\/v2\/categories?post=286864"},{"taxonomy":"post_tag","embeddable":true,"href":"https:\/\/www.europesays.com\/es\/wp-json\/wp\/v2\/tags?post=286864"}],"curies":[{"name":"wp","href":"https:\/\/api.w.org\/{rel}","templated":true}]}}