{"id":286866,"date":"2025-12-13T22:45:23","date_gmt":"2025-12-13T22:45:23","guid":{"rendered":"https:\/\/www.europesays.com\/es\/286866\/"},"modified":"2025-12-13T22:45:23","modified_gmt":"2025-12-13T22:45:23","slug":"el-alcalde-visita-las-obras-de-mejora-en-la-avenida-el-conchudo","status":"publish","type":"post","link":"https:\/\/www.europesays.com\/es\/286866\/","title":{"rendered":"El alcalde visita las obras de mejora en la avenida El Conchudo"},"content":{"rendered":"<p>El ayuntamiento de San Roque, a trav\u00e9s de la delegaci\u00f3n de Obras y Servicios, ha realizado una mejora en el firme de la avenida El Conchudo.<br \/>El alcalde de San Roque, Juan Carlos Ruiz Boix, la teniente de alcalde de Obras y Servicios, Bel\u00e9n Jim\u00e9nez, y la edil de la zona Eva Gil, visitaron la zona para ver el estado de las obras.\u00a0<br \/>El primer edil ha indicado que la intervenci\u00f3n ha permitido dotar a esta avenida, que carec\u00eda de acerado, de una nueva acera de casi 500 metros de longitud, facilitando el tr\u00e1nsito peatonal. Adem\u00e1s, se ha reforzado la iluminaci\u00f3n mediante la instalaci\u00f3n de nuevas farolas, lo que incrementa la seguridad de los viandantes.<\/p>\n<p>Ruiz Boix se\u00f1al\u00f3 que las actuaciones se completan con la colocaci\u00f3n de papeleras y bancos, as\u00ed como nueva jardiner\u00eda, contribuyendo a la mejora est\u00e9tica y funcional del entorno.<\/p>\n<p>El alcalde indic\u00f3 que la actuaci\u00f3n ha supuesto una inversi\u00f3n de m\u00e1s de 90.000 euros y se enmarca dentro de las obligaciones urban\u00edsticas de la empresa promotora de la zona, Sotogrande S.A., que ha llevado a cabo la reposici\u00f3n completa del firme en ambos lados de la avenida.<\/p>\n<p>Adem\u00e1s Ruiz Boix puntualiz\u00f3 que por su parte, el Ayuntamiento ha actuado en el tramo del firme m\u00e1s cercano a la barriada de Pueblo Nuevo, mejorando el acceso al Club de Golf La Ca\u00f1ada, as\u00ed como a las distintas urbanizaciones y zonas comerciales del entorno.<\/p>\n<p>El alcalde ha destacado que se trata de una actuaci\u00f3n pensada para mejorar el d\u00eda a d\u00eda de los vecinos, apostando por espacios m\u00e1s seguros, accesibles y agradables.<\/p>\n","protected":false},"excerpt":{"rendered":"El ayuntamiento de San Roque, a trav\u00e9s de la delegaci\u00f3n de Obras y Servicios, ha realizado una mejora&hellip;\n","protected":false},"author":2,"featured_media":286867,"comment_status":"","ping_status":"","sticky":false,"template":"","format":"standard","meta":{"footnotes":""},"categories":[8],"tags":[1250,17,18,2193,2191,25,24,13,14,2190,11,19,20,9,10,15,16,2186,2189,2185,2187,23,2192,12,2188,21,22],"class_list":{"0":"post-286866","1":"post","2":"type-post","3":"status-publish","4":"format-standard","5":"has-post-thumbnail","7":"category-espana","8":"tag-ayuntamiento","9":"tag-breaking-news","10":"tag-breakingnews","11":"tag-cadiz","12":"tag-campamento","13":"tag-es","14":"tag-espana","15":"tag-featured-news","16":"tag-featurednews","17":"tag-guadiaro","18":"tag-headlines","19":"tag-latest-news","20":"tag-latestnews","21":"tag-news","22":"tag-noticias","23":"tag-noticias-destacadas","24":"tag-noticiasdestacadas","25":"tag-roque","26":"tag-san-enrique","27":"tag-san-roque","28":"tag-soto-grande","29":"tag-spain","30":"tag-taraguilla","31":"tag-titulares","32":"tag-torreguadiaro","33":"tag-ultimas-noticias","34":"tag-ultimasnoticias"},"share_on_mastodon":{"url":"https:\/\/pubeurope.com\/@es\/115714688777993883","error":""},"_links":{"self":[{"href":"https:\/\/www.europesays.com\/es\/wp-json\/wp\/v2\/posts\/286866","targetHints":{"allow":["GET"]}}],"collection":[{"href":"https:\/\/www.europesays.com\/es\/wp-json\/wp\/v2\/posts"}],"about":[{"href":"https:\/\/www.europesays.com\/es\/wp-json\/wp\/v2\/types\/post"}],"author":[{"embeddable":true,"href":"https:\/\/www.europesays.com\/es\/wp-json\/wp\/v2\/users\/2"}],"replies":[{"embeddable":true,"href":"https:\/\/www.europesays.com\/es\/wp-json\/wp\/v2\/comments?post=286866"}],"version-history":[{"count":0,"href":"https:\/\/www.europesays.com\/es\/wp-json\/wp\/v2\/posts\/286866\/revisions"}],"wp:featuredmedia":[{"embeddable":true,"href":"https:\/\/www.europesays.com\/es\/wp-json\/wp\/v2\/media\/286867"}],"wp:attachment":[{"href":"https:\/\/www.europesays.com\/es\/wp-json\/wp\/v2\/media?parent=286866"}],"wp:term":[{"taxonomy":"category","embeddable":true,"href":"https:\/\/www.europesays.com\/es\/wp-json\/wp\/v2\/categories?post=286866"},{"taxonomy":"post_tag","embeddable":true,"href":"https:\/\/www.europesays.com\/es\/wp-json\/wp\/v2\/tags?post=286866"}],"curies":[{"name":"wp","href":"https:\/\/api.w.org\/{rel}","templated":true}]}}