{"id":286868,"date":"2025-12-13T22:46:11","date_gmt":"2025-12-13T22:46:11","guid":{"rendered":"https:\/\/www.europesays.com\/es\/286868\/"},"modified":"2025-12-13T22:46:11","modified_gmt":"2025-12-13T22:46:11","slug":"doce-horas-de-homenaje-en-plasencia-para-despedir-a-robe-iniesta","status":"publish","type":"post","link":"https:\/\/www.europesays.com\/es\/286868\/","title":{"rendered":"Doce horas de homenaje en Plasencia para despedir a Robe Iniesta"},"content":{"rendered":"<p class=\"c-paragraph\"><a href=\"https:\/\/www.20minutos.es\/extremadura\/ciudad-extremena-donde-nacio-robe-lider-extremoduro-dos-catedrales_6908605_0.html\" title=\"La ciudad extreme\u00f1a donde naci\u00f3 Robe, l\u00edder de Extremoduro: una de las pocas de Espa\u00f1a con dos catedrales\" rel=\"nofollow noopener\" target=\"_blank\">La ciudad de <b>Plasencia<\/b><\/a> ha organizado un <b>homenaje<\/b> al m\u00fasico Roberto Iniesta, fallecido el pasado mi\u00e9rcoles, que se celebrar\u00e1 este domingo durante doce horas en el Palacio de Congresos, al que desde ahora dar\u00e1 nombre el m\u00edtico compositor y vocalista de <a href=\"https:\/\/www.20minutos.es\/musica\/robe-inista-frases-10-iconicas-rock-extremoduro-manera-filosofia-vida-politica_6908612_0.html\" title=\"&quot;La correcci\u00f3n pol\u00edtica siempre me ha parecido un disfraz para los malos&quot;: 10 frases de Robe Iniesta que definieron su forma de entender la vida\" rel=\"nofollow noopener\" target=\"_blank\">Extremoduro. <\/a>Seg\u00fan la informaci\u00f3n facilitada por la\u00a0<b><b>organizaci\u00f3n<\/b><\/b>, el acto comenzar\u00e1 a las\u00a0<b><b>10:00 horas<\/b><\/b>\u00a0y se prolongar\u00e1 hasta las 22:00 horas.<\/p>\n<p class=\"c-paragraph\">Durante toda la <b>jornada<\/b> se dispondr\u00e1 de varios <b>libros de condolencias<\/b> para que las personas asistentes puedan dejar unas breves palabras de despedida. La organizaci\u00f3n ha solicitado que los\u00a0<b><b>mensajes<\/b><\/b>\u00a0\u00absean concisos\u00bb y ha pedido\u00a0<b><b>respeto<\/b><\/b>\u00a0y comprensi\u00f3n para facilitar la despedida en estos d\u00edas dif\u00edciles para la familia, el equipo y los amigos del m\u00fasico.<\/p>\n<p class=\"c-paragraph\">En materia de <b>tr\u00e1fico<\/b> y <b>accesos<\/b>, desde este s\u00e1bado a las 15:00 horas permanece cortada la calle Luis V\u00e9lez de Guevara, en el entorno del Palacio de Congresos. Este domingo, a partir de las\u00a0<b><b>8:00 horas<\/b><\/b>, se establecer\u00e1n nuevos\u00a0<b><b>cortes de tr\u00e1fico<\/b><\/b>, salvo para el acceso a garajes, en varias calles pr\u00f3ximas al recinto.<\/p>\n<p class=\"c-paragraph\">La recepci\u00f3n del <b>p\u00fablico<\/b> y el <b>estacionamiento<\/b> se organizar\u00e1n principalmente en el recinto ferial \u2018El Berrocal\u2019, habilitado para autobuses y turismos. Los\u00a0<b><b>autobuses<\/b><\/b>\u00a0acceder\u00e1n por la avenida de Salamanca y v\u00edas colindantes, mientras que los\u00a0<b><b>veh\u00edculos particulares<\/b><\/b>\u00a0podr\u00e1n hacerlo tambi\u00e9n por la avenida Roberto Iniesta.<\/p>\n<p class=\"c-paragraph\">En caso de que el recinto ferial complete su <b>ocupaci\u00f3n<\/b>, se habilitar\u00e1n <b>aparcamientos alternativos<\/b> en la Ciudad Deportiva y en la avenida de Portugal. La\u00a0<b><b>organizaci\u00f3n<\/b><\/b>\u00a0ha agradecido las numerosas\u00a0<b><b>muestras de cari\u00f1o<\/b><\/b>\u00a0y apoyo recibidas desde distintos puntos del mundo tras el <a href=\"https:\/\/www.20minutos.es\/musica\/muere-robe-iniesta-lider-extremoduro-los-63-anos_6908523_0.html\" title=\"Muere Robe Iniesta, l\u00edder de Extremoduro, a los 63 a\u00f1os\" rel=\"nofollow noopener\" target=\"_blank\">fallecimiento del m\u00fasico.<\/a><\/p>\n","protected":false},"excerpt":{"rendered":"La ciudad de Plasencia ha organizado un homenaje al m\u00fasico Roberto Iniesta, fallecido el pasado mi\u00e9rcoles, que se&hellip;\n","protected":false},"author":2,"featured_media":286869,"comment_status":"","ping_status":"","sticky":false,"template":"","format":"standard","meta":{"footnotes":""},"categories":[5],"tags":[17,18,25,24,21388,13,14,11,6552,19,20,9,10,15,16,1249,69044,23,12,21,22],"class_list":{"0":"post-286868","1":"post","2":"type-post","3":"status-publish","4":"format-standard","5":"has-post-thumbnail","7":"category-titulares","8":"tag-breaking-news","9":"tag-breakingnews","10":"tag-es","11":"tag-espana","12":"tag-extremoduro","13":"tag-featured-news","14":"tag-featurednews","15":"tag-headlines","16":"tag-homenaje","17":"tag-latest-news","18":"tag-latestnews","19":"tag-news","20":"tag-noticias","21":"tag-noticias-destacadas","22":"tag-noticiasdestacadas","23":"tag-plasencia","24":"tag-roberto-iniesta","25":"tag-spain","26":"tag-titulares","27":"tag-ultimas-noticias","28":"tag-ultimasnoticias"},"share_on_mastodon":{"url":"https:\/\/pubeurope.com\/@es\/115714692438985309","error":""},"_links":{"self":[{"href":"https:\/\/www.europesays.com\/es\/wp-json\/wp\/v2\/posts\/286868","targetHints":{"allow":["GET"]}}],"collection":[{"href":"https:\/\/www.europesays.com\/es\/wp-json\/wp\/v2\/posts"}],"about":[{"href":"https:\/\/www.europesays.com\/es\/wp-json\/wp\/v2\/types\/post"}],"author":[{"embeddable":true,"href":"https:\/\/www.europesays.com\/es\/wp-json\/wp\/v2\/users\/2"}],"replies":[{"embeddable":true,"href":"https:\/\/www.europesays.com\/es\/wp-json\/wp\/v2\/comments?post=286868"}],"version-history":[{"count":0,"href":"https:\/\/www.europesays.com\/es\/wp-json\/wp\/v2\/posts\/286868\/revisions"}],"wp:featuredmedia":[{"embeddable":true,"href":"https:\/\/www.europesays.com\/es\/wp-json\/wp\/v2\/media\/286869"}],"wp:attachment":[{"href":"https:\/\/www.europesays.com\/es\/wp-json\/wp\/v2\/media?parent=286868"}],"wp:term":[{"taxonomy":"category","embeddable":true,"href":"https:\/\/www.europesays.com\/es\/wp-json\/wp\/v2\/categories?post=286868"},{"taxonomy":"post_tag","embeddable":true,"href":"https:\/\/www.europesays.com\/es\/wp-json\/wp\/v2\/tags?post=286868"}],"curies":[{"name":"wp","href":"https:\/\/api.w.org\/{rel}","templated":true}]}}