{"id":286870,"date":"2025-12-13T22:52:15","date_gmt":"2025-12-13T22:52:15","guid":{"rendered":"https:\/\/www.europesays.com\/es\/286870\/"},"modified":"2025-12-13T22:52:15","modified_gmt":"2025-12-13T22:52:15","slug":"homenaje-al-biker-noticias-la-tribuna-de-albacete","status":"publish","type":"post","link":"https:\/\/www.europesays.com\/es\/286870\/","title":{"rendered":"Homenaje al &#8216;biker&#8217; | Noticias La Tribuna de Albacete"},"content":{"rendered":"<p>La Diputaci\u00f3n de Albacete celebr\u00f3 hoy la gala de clausura y entrega de premios de su XVIII Circuito Provincial de BTT en un acto que pueo el broche de oro a una edici\u00f3n muy especial al coincidir con la mayor\u00eda de edad de esta consolidada competici\u00f3n que ha vivido con \u00e9xito su reestructuraci\u00f3n, reforzando la calidad, la participaci\u00f3n y el impacto en el territorio.\u00a0<\/p>\n<p>El vicepresidente provincial, Francisco Valera, y el diputado provincial de Deportes, Daniel Sancha, encabezaron la representaci\u00f3n de la instituci\u00f3n en esta cita, en la que el Circuito volvi\u00f3 a vertebrar la provincia a trav\u00e9s del deporte \u00a0con el mejor ciclismo popular.<\/p>\n<p>Durante la gala, Sancha agradeci\u00f3 la implicaci\u00f3n de todas las personas y entidades que hacen posible este evento deportivo cada fin de semana, y se dirigi\u00f3 en primer lugar a \u00absus protagonistas\u00bb, los y las ciclistas, asegurando que cada una de sus pedaladas hace grande este Circuito y a la provincia.<\/p>\n<p><img decoding=\"async\" loading=\"lazy\" src=\"https:\/\/www.europesays.com\/es\/wp-content\/uploads\/2025\/12\/7859A415-5C8F-40F1-A3DFDEB1D03E9D1E.JPG\" alt=\"Homenaje al 'biker'\" border=\"0\"\/>Homenaje al &#8216;biker&#8217; &#8211; Foto: Rub\u00e9n Serrall\u00e9\u00abHoy celebramos a quienes han destacado en la clasificaci\u00f3n, pero tambi\u00e9n celebramos algo m\u00e1s importante: el deporte en may\u00fasculas, el esp\u00edritu que hab\u00e9is mostrado a lo largo de toda la temporada; celebramos la constancia, la ilusi\u00f3n que llev\u00e1is cada domingo a los circuitos; celebramos que, independientemente del resultado, hab\u00e9is demostrado que la verdadera victoria est\u00e1 en el camino, en el esfuerzo compartido, en la forma de vivir este deporte\u00bb, afirm\u00f3 Sancha, asegurando que este Circuito \u00abes un espacio de encuentro y convivencia, y una experiencia enriquecedora para sus dos protagonistas: los deportistas y los pueblos\u00bb, subray\u00f3 el diputado.<\/p>\n<p>Adem\u00e1s, Sancha tuvo palabras de gratitud para los clubes y ayuntamientos (\u00abnuestros grandes aliados\u00bb, asegur\u00f3) con muchos alcaldes, y concejales presentes en la gala, as\u00ed como para las personas voluntarias, los patrocinadores, los Cuerpos y Fuerzas de Seguridad del Estado y familias, al tiempo que se dirigi\u00f3 con especial cari\u00f1o a su equipo en el Servicio de Deportes Provincial.<\/p>\n<p>En este punto, remarc\u00f3 que la suma de todos sus esfuerzos hizo que en este 2025 se hayan rozado los 8.000 participantes, increment\u00e1ndose la media de inscritos por prueba en un 26 por ciento con respecto al a\u00f1o pasado, confirmando el \u00e9xito de los diferentes cambios introducidos esta temporada.<\/p>\n<p><img decoding=\"async\" loading=\"lazy\" src=\"https:\/\/www.europesays.com\/es\/wp-content\/uploads\/2025\/12\/43089196-2424-4959-938318D784D37BCA.JPG\" alt=\"Homenaje al 'biker'\" border=\"0\"\/>Homenaje al &#8216;biker&#8217; &#8211; Foto: Rub\u00e9n Serrall\u00e9Sancha tambi\u00e9n felicit\u00f3 a quienes se han alzado con el oro en este Circuito \u00abcon tanto nivel\u00bb e hizo extensivo el reconocimiento a los equipos La Pur\u00edsima Yecla Team, Bicicletas El Hellinero Acecho Fot\u00f3n y Nutriobelix, que se alzaron con el oro, la plata y el bronce, respectivamente, y al Ferlo Factory Racing, que obtuvo el premio Club con mayor participaci\u00f3n femenina.<\/p>\n<p>Adem\u00e1s, Sancha tuvo palabras para los 10 ciclistas que recibir\u00e1n el premio a la fidelidad (Rosario Alacid Moreno, Gines L\u00f3pez del Castillo Alejo, Javier Jim\u00e9nez Trujillo, Jos\u00e9 Luis Cantos Mart\u00ednez, Mario P\u00e9rez S\u00e1nchez, Miguel L\u00f3pez Palaz\u00f3n, Marciano Cu\u00e9llar Salvatierra, Rub\u00e9n Mu\u00f1oz Carrillo, Marlene Gamarra Cantero y Francisco Terres Montiel) y, de forma muy especial, se dirigi\u00f3 a Isidro Garc\u00eda Gonz\u00e1lez, que con 73 a\u00f1os se ha convertido en el ciclista m\u00e1s veterano en subirse a la bicicleta, al tiempo que destac\u00f3 el trabajo de Bienservida, que logr\u00f3 el t\u00edtulo a la Carrera m\u00e1s Sostenible y a Villaverde de Guadalimar, cuya prueba fue la mejor valorada por los deportistas.<\/p>\n<p>Junto a esto, Sancha adelant\u00f3 que la Diputaci\u00f3n Provincial destinar\u00e1 m\u00e1s de 3,5 millones de euros al \u00e1rea deportiva en 2026.<\/p>\n<p>Por otra parte,\u00a0Daniel Sancha adelant\u00f3 algunas de las novedades de la pr\u00f3xima edici\u00f3n del Circuito BTT, que mantendr\u00e1 la \u00faltima reestructuraci\u00f3n con 25 pruebas, apostando<\/p>\n<p><img decoding=\"async\" loading=\"lazy\" src=\"https:\/\/www.europesays.com\/es\/wp-content\/uploads\/2025\/12\/3F25D712-6B4A-4DC4-80F3C3501577D9D4.JPG\" alt=\"Homenaje al 'biker'\" border=\"0\"\/>Homenaje al &#8216;biker&#8217; &#8211; Foto: Rub\u00e9n Serrall\u00e9por menos pero de mayor calidad, con mayor protagonismo de clubes y ayuntamientos.<\/p>\n<p>Adem\u00e1s, se est\u00e1 trabajando para diversificar las modalidades que se impulsan, reforzando la presencia del gravel, con cinco pruebas incluidas en el propio calendario, y la bicicleta de carretera, con iniciativas ya consolidadas como la Gran Fondo Sierra de Albacete, cuyas cerca de 2.500 inscripciones est\u00e1n pr\u00e1cticamente completas, y la Gran Fondo Sierra de Alcaraz, que en 2026 acoger\u00e1 el Campeonato de Espa\u00f1a de Gravel.<\/p>\n<p>El diputado tambi\u00e9n \u00a0subray\u00f3 el compromiso con el incremento de la participaci\u00f3n femenina, la igualdad de oportunidades y la ampliaci\u00f3n de \u00abcomunidad ciclista albacetense\u00bb, para lo que se pondr\u00e1 en marcha la innovadora iniciativa &#8216;Social Bike Brunch&#8217;.<\/p>\n","protected":false},"excerpt":{"rendered":"La Diputaci\u00f3n de Albacete celebr\u00f3 hoy la gala de clausura y entrega de premios de su XVIII Circuito&hellip;\n","protected":false},"author":2,"featured_media":286871,"comment_status":"","ping_status":"","sticky":false,"template":"","format":"standard","meta":{"footnotes":""},"categories":[273],"tags":[2545,4736,69047,313,312,168,9496,25,24,69045,10422,69046,23,167],"class_list":{"0":"post-286870","1":"post","2":"type-post","3":"status-publish","4":"format-standard","5":"has-post-thumbnail","7":"category-ciclismo","8":"tag-albacete","9":"tag-alcaraz","10":"tag-bienservida","11":"tag-ciclismo","12":"tag-cycling","13":"tag-deportes","14":"tag-diputacion-de-albacete","15":"tag-es","16":"tag-espana","17":"tag-francisco-valera","18":"tag-montiel","19":"tag-sierra-de-alcaraz","20":"tag-spain","21":"tag-sports"},"share_on_mastodon":{"url":"https:\/\/pubeurope.com\/@es\/115714716445307328","error":""},"_links":{"self":[{"href":"https:\/\/www.europesays.com\/es\/wp-json\/wp\/v2\/posts\/286870","targetHints":{"allow":["GET"]}}],"collection":[{"href":"https:\/\/www.europesays.com\/es\/wp-json\/wp\/v2\/posts"}],"about":[{"href":"https:\/\/www.europesays.com\/es\/wp-json\/wp\/v2\/types\/post"}],"author":[{"embeddable":true,"href":"https:\/\/www.europesays.com\/es\/wp-json\/wp\/v2\/users\/2"}],"replies":[{"embeddable":true,"href":"https:\/\/www.europesays.com\/es\/wp-json\/wp\/v2\/comments?post=286870"}],"version-history":[{"count":0,"href":"https:\/\/www.europesays.com\/es\/wp-json\/wp\/v2\/posts\/286870\/revisions"}],"wp:featuredmedia":[{"embeddable":true,"href":"https:\/\/www.europesays.com\/es\/wp-json\/wp\/v2\/media\/286871"}],"wp:attachment":[{"href":"https:\/\/www.europesays.com\/es\/wp-json\/wp\/v2\/media?parent=286870"}],"wp:term":[{"taxonomy":"category","embeddable":true,"href":"https:\/\/www.europesays.com\/es\/wp-json\/wp\/v2\/categories?post=286870"},{"taxonomy":"post_tag","embeddable":true,"href":"https:\/\/www.europesays.com\/es\/wp-json\/wp\/v2\/tags?post=286870"}],"curies":[{"name":"wp","href":"https:\/\/api.w.org\/{rel}","templated":true}]}}