{"id":286874,"date":"2025-12-13T22:55:13","date_gmt":"2025-12-13T22:55:13","guid":{"rendered":"https:\/\/www.europesays.com\/es\/286874\/"},"modified":"2025-12-13T22:55:13","modified_gmt":"2025-12-13T22:55:13","slug":"minsu-congela-al-real-valladolid","status":"publish","type":"post","link":"https:\/\/www.europesays.com\/es\/286874\/","title":{"rendered":"Minsu congela al Real Valladolid"},"content":{"rendered":"<p class=\"\">El <b>punto de inflexi\u00f3n fue para el Andorra gracias a un gol de Kim Minsu<\/b> en el tiempo de descuento que rompe 10 jornadas sin ganar de los suyos, mientras que deja <b>muy tocado, otra vez, al Real Valladolid<\/b> que ven\u00eda de golear al Huesca. Los vallisoletanos se volvieron a encontrar con su falta de efectividad y, encima, ante el espejo del equipo andorrano, dej\u00f3 clara su <b>falta de f\u00fatbol<\/b>. El estadio grit\u00f3 \u201cAlmada vete ya\u201d y la <b>desesperaci\u00f3n vuelve a Zorrilla.<\/b><\/p>\n<p class=\"\"><b>\u00c1ron Yaakobishvili, el meta andorrano, fue protagonista de los primeros 45 minutos en un duelo muy equilibrado<\/b>. El portero cedido por el Bar\u00e7a hizo dos grandes paradas a disparos croatas. <b>El h\u00fangaro sac\u00f3 dos manos incre\u00edbles a tiros de Biuk y de Juric<\/b> que impidieron que los pucelanos se adelantaran en una primera parte en la que hubo una lucha de estilos. Los pucelanos mandaron al principio, entraron por la banda derecha y generaron algunas ocasiones en las falt\u00f3 precisi\u00f3n y efectividad. <b>Los de Piqu\u00e9 fueron haci\u00e9ndose con el bal\u00f3n<\/b> y con la posesi\u00f3n llegaron tambi\u00e9n los primeros acercamientos donde fallaron el \u00faltimo pase. Y cuando \u00e9ste llegaba, como en la ocasi\u00f3n que remat\u00f3 \u00c1lvaro, Bueno se cruz\u00f3 para evitar el primer tanto del partido.<\/p>\n<p>Noticias relacionadas<a href=\"https:\/\/as.com\/futbol\/segunda\/amath-ndiaye-operado-estara-cinco-meses-de-baja-f202512-n\/\" class=\"s_m_w\" title=\"El jugador fue operado con \u00e9xito, pero en el quir\u00f3fano se detect\u00f3 que la fractura iba acompa\u00f1ada de una afectaci\u00f3n al ligamento.\" data-tb-link=\"\" rel=\"nofollow noopener\" target=\"_blank\"><img decoding=\"async\" src=\"https:\/\/www.europesays.com\/es\/wp-content\/uploads\/2025\/12\/FOTVVAI6IJFP7L23VMYBL2XMWE.jpg\" alt=\"Amath Ndiaye, operado, estar\u00e1 cinco meses de baja\" class=\"\" height=\"9\" width=\"16\"   loading=\"lazy\" data-tb-thumbnail=\"\"\/><\/a><a href=\"https:\/\/as.com\/futbol\/segunda\/el-mercado-de-invierno-del-real-valladolid-calienta-motores-f202512-n\/\" class=\"s_m_w\" title=\"El club rastrea el mercado nacional, se ha fijado en Carlos Esp\u00ed, e internacional para reforzar la parte ofensiva del equipo de Almada.\" data-tb-link=\"\" rel=\"nofollow noopener\" target=\"_blank\"><img decoding=\"async\" src=\"https:\/\/www.europesays.com\/es\/wp-content\/uploads\/2025\/12\/RPWPMZNPHZF4TGY3TIFZGXATRI.jpeg\" alt=\"El mercado de invierno del Real Valladolid calienta motores\" class=\"\" height=\"9\" width=\"16\"   loading=\"lazy\" data-tb-thumbnail=\"\"\/><\/a><\/p>\n<p class=\"\"><b>Todo cambi\u00f3 tras el descanso. El Andorra dio un recital de f\u00fatbol en la segunda parte. <\/b>Sin llegar demasiado al \u00e1rea, pero lo suficiente para ganar en el tiempo de descuento con el maravilloso Kim Minsu. <b>Los pucelanos fueron de m\u00e1s a menos <\/b>porque si bien Guilherme tuvo que intervenir con \u00e9xito a disparo de Lautaro, al menos intent\u00f3 empujar, pero con los cambios de Almada el equipo empeor\u00f3. Y eso que tanto Peter como Biuk pudieron marcar, tremenda la ocasi\u00f3n del croata, que dispar\u00f3 terriblemente mal delante de la porter\u00eda, de nuevo. Con el paso de los minutos, <b>el equipo de Mans\u00f3 se hizo due\u00f1o del partido a trav\u00e9s del bal\u00f3n y empez\u00f3 a avisar con el cabezazo de Villahermosa que se fue fuera por poco<\/b> y encendi\u00f3 los \u00e1nimos de la grada que, por primera vez, empez\u00f3 a gritar contra Almada. Los dos disparos de Lachuer, sin demasiado peligro, dieron paso a la<b> traca final de Minsu<\/b>, que recibi\u00f3 un pase al espacio, se orient\u00f3 y sorprendi\u00f3 con su disparo a Guilherme por el palo m\u00e1s cercano&#8230; llevando la alegr\u00eda al Andorra y sumiendo en una <b>depresi\u00f3n absoluta al Real Valladolid que vuelve a las tinieblas.<\/b><\/p>\n<p class=\"\"><b>\u00a1Tus opiniones importan!<\/b> Comenta en los art\u00edculos y suscr\u00edbete gratis a nuestra <a href=\"https:\/\/asfan.as.com\/newsletters\/\" target=\"_blank\" rel=\"nofollow noopener\" title=\"https:\/\/asfan.as.com\/newsletters\/\">newsletter<\/a> y a las alertas informativas en la <a href=\"https:\/\/as.com\/aplicacion-de-as-n\/\" target=\"_blank\" rel=\"nofollow noopener\" title=\"https:\/\/as.com\/aplicacion-de-as-n\/\">App<\/a> o el canal de <a href=\"https:\/\/www.whatsapp.com\/channel\/0029VaAasdA7j6g745nz9M10\" target=\"_blank\" rel=\"nofollow noopener\" title=\"https:\/\/www.whatsapp.com\/channel\/0029VaAasdA7j6g745nz9M10\">WhatsApp<\/a>. \u00bfBuscas licenciar contenido? Haz clic <a href=\"https:\/\/profesional.elpais.com\/soluciones-sindicacion?utm_medium=interno&amp;utm_source=crosslinking&amp;utm_campaign=sindicacion_as_pie_articulos\" target=\"_blank\" rel=\"nofollow noopener\" title=\"https:\/\/profesional.elpais.com\/soluciones-sindicacion?utm_medium=interno&amp;utm_source=crosslinking&amp;utm_campaign=sindicacion_as_pie_articulos\">aqu\u00ed<\/a><\/p>\n<p class=\"stat-tl ev-fw-tl\"><strong>Cambios<\/strong><\/p>\n<p class=\"ev-text-aux\">\n                            <strong>V\u00edctor Meseguer<\/strong> (51&#8242;, Julien Ponceau),                             <strong>Aingeru Olabarrieta<\/strong> (59&#8242;, Lautaro de Le\u00f3n),                             <strong>Josep Cerd\u00e0<\/strong> (59&#8242;, Jastin Garcia),                             <strong>Sergi Can\u00f3s<\/strong> (61&#8242;, Stipe Biuk),                             <strong>Adri\u00e1n Arnu<\/strong> (70&#8242;, Juanmi Latasa),                             <strong>Mathis Lachuer<\/strong> (70&#8242;, Chuki),                             <strong>Kim Min-Su<\/strong> (74&#8242;, Manu Nieto),                             <strong>Th\u00e9o Le Normand<\/strong> (90&#8242;, Efe Akman),                             <strong>Marc Dom\u00e8nech<\/strong> (90&#8242;, \u00c1lvaro Mart\u00edn)                        <\/p>\n<p class=\"stat-tl ev-fw-tl\"><strong>Goles<\/strong><\/p>\n<p class=\"ev-text-aux\">\n                                                                                                        0-1, 91&#8242;: <strong>Kim Min-Su<\/strong>                        <\/p>\n<p class=\"stat-tl ev-fw-tl\"><strong>Tarjetas<\/strong><\/p>\n<p class=\"ev-text-aux\">\n                Arbitro: Marta Huerta de Aza<br \/>Arbitro VAR: Ra\u00fal Mart\u00edn Gonz\u00e1lez Franc\u00e9s, Daniel Jes\u00fas Trujillo Su\u00e1rez<br \/><strong>Julien Ponceau<\/strong> (3&#8242;,Amarilla),                                     <strong>Sergio Molina<\/strong> (14&#8242;,Amarilla),                                     <strong>Guille Bueno<\/strong> (34&#8242;,Amarilla),                                     <strong>Aingeru Olabarrieta<\/strong> (70&#8242;,Amarilla),                                     <strong>Iv\u00e1n Alejo<\/strong> (77&#8242;,Amarilla)                            <\/p>\n","protected":false},"excerpt":{"rendered":"El punto de inflexi\u00f3n fue para el Andorra gracias a un gol de Kim Minsu en el tiempo&hellip;\n","protected":false},"author":2,"featured_media":286875,"comment_status":"","ping_status":"","sticky":false,"template":"","format":"standard","meta":{"footnotes":""},"categories":[268],"tags":[168,25,24,280,282,281,23,167],"class_list":{"0":"post-286874","1":"post","2":"type-post","3":"status-publish","4":"format-standard","5":"has-post-thumbnail","7":"category-futbol","8":"tag-deportes","9":"tag-es","10":"tag-espana","11":"tag-football","12":"tag-futbol","13":"tag-soccer","14":"tag-spain","15":"tag-sports"},"share_on_mastodon":{"url":"https:\/\/pubeurope.com\/@es\/115714728664334018","error":""},"_links":{"self":[{"href":"https:\/\/www.europesays.com\/es\/wp-json\/wp\/v2\/posts\/286874","targetHints":{"allow":["GET"]}}],"collection":[{"href":"https:\/\/www.europesays.com\/es\/wp-json\/wp\/v2\/posts"}],"about":[{"href":"https:\/\/www.europesays.com\/es\/wp-json\/wp\/v2\/types\/post"}],"author":[{"embeddable":true,"href":"https:\/\/www.europesays.com\/es\/wp-json\/wp\/v2\/users\/2"}],"replies":[{"embeddable":true,"href":"https:\/\/www.europesays.com\/es\/wp-json\/wp\/v2\/comments?post=286874"}],"version-history":[{"count":0,"href":"https:\/\/www.europesays.com\/es\/wp-json\/wp\/v2\/posts\/286874\/revisions"}],"wp:featuredmedia":[{"embeddable":true,"href":"https:\/\/www.europesays.com\/es\/wp-json\/wp\/v2\/media\/286875"}],"wp:attachment":[{"href":"https:\/\/www.europesays.com\/es\/wp-json\/wp\/v2\/media?parent=286874"}],"wp:term":[{"taxonomy":"category","embeddable":true,"href":"https:\/\/www.europesays.com\/es\/wp-json\/wp\/v2\/categories?post=286874"},{"taxonomy":"post_tag","embeddable":true,"href":"https:\/\/www.europesays.com\/es\/wp-json\/wp\/v2\/tags?post=286874"}],"curies":[{"name":"wp","href":"https:\/\/api.w.org\/{rel}","templated":true}]}}