{"id":286878,"date":"2025-12-13T22:59:09","date_gmt":"2025-12-13T22:59:09","guid":{"rendered":"https:\/\/www.europesays.com\/es\/286878\/"},"modified":"2025-12-13T22:59:09","modified_gmt":"2025-12-13T22:59:09","slug":"la-teleco-rumana-digi-se-nacionaliza-para-su-asalto-definitivo-al-mercado-espanol","status":"publish","type":"post","link":"https:\/\/www.europesays.com\/es\/286878\/","title":{"rendered":"La teleco rumana Digi se &#8216;nacionaliza&#8217; para su asalto definitivo al mercado espa\u00f1ol"},"content":{"rendered":"<p class=\"article-text\">\n        \u201cNo somos vendedores de activos. Queremos ser los titulares a largo plazo. Buscamos las soluciones mejores y m\u00e1s eficaces para aumentar nuestro valor\u201d, afirma Serghei Bulgac, m\u00e1ximo responsable del grupo Digi. Casi 18 a\u00f1os despu\u00e9s de entrar en el mercado espa\u00f1ol, la teleco rumana se prepara para dejar de ser un agitador de precios y consolidarse como operador estructural. La compa\u00f1\u00eda ha logrado consolidarse como la principal operadora de bajo coste del sector y afronta un 2026 clave en su expansi\u00f3n: prepara su salida a bolsa en Madrid con el compromiso de invertir 2.000 millones de euros en su red de fibra \u00f3ptica espa\u00f1ola.\n    <\/p>\n<p class=\"article-text\">\n        En Ruman\u00eda, Digi controla tres de cada cuatro conexiones de fibra y es el segundo operador m\u00f3vil, con una cuota de mercado cercana al 30%. La compa\u00f1\u00eda decidi\u00f3 extender su negocio a Espa\u00f1a en 2008, aprovechando la rampa de lanzamiento que le ofrec\u00eda la comunidad migrante y con una estrategia de precios agresivos.\n    <\/p>\n","protected":false},"excerpt":{"rendered":"\u201cNo somos vendedores de activos. Queremos ser los titulares a largo plazo. Buscamos las soluciones mejores y m\u00e1s&hellip;\n","protected":false},"author":2,"featured_media":286879,"comment_status":"","ping_status":"","sticky":false,"template":"","format":"standard","meta":{"footnotes":""},"categories":[171],"tags":[17223,1433,34205,146,147,25,24,1489,1239,69050,69049,23,69048,214],"class_list":{"0":"post-286878","1":"post","2":"type-post","3":"status-publish","4":"format-standard","5":"has-post-thumbnail","7":"category-tv","8":"tag-asalto","9":"tag-definitivo","10":"tag-digi","11":"tag-entertainment","12":"tag-entretenimiento","13":"tag-es","14":"tag-espana","15":"tag-espanol","16":"tag-mercado","17":"tag-nacionaliza","18":"tag-rumana","19":"tag-spain","20":"tag-teleco","21":"tag-tv"},"share_on_mastodon":{"url":"https:\/\/pubeurope.com\/@es\/115714743522091651","error":""},"_links":{"self":[{"href":"https:\/\/www.europesays.com\/es\/wp-json\/wp\/v2\/posts\/286878","targetHints":{"allow":["GET"]}}],"collection":[{"href":"https:\/\/www.europesays.com\/es\/wp-json\/wp\/v2\/posts"}],"about":[{"href":"https:\/\/www.europesays.com\/es\/wp-json\/wp\/v2\/types\/post"}],"author":[{"embeddable":true,"href":"https:\/\/www.europesays.com\/es\/wp-json\/wp\/v2\/users\/2"}],"replies":[{"embeddable":true,"href":"https:\/\/www.europesays.com\/es\/wp-json\/wp\/v2\/comments?post=286878"}],"version-history":[{"count":0,"href":"https:\/\/www.europesays.com\/es\/wp-json\/wp\/v2\/posts\/286878\/revisions"}],"wp:featuredmedia":[{"embeddable":true,"href":"https:\/\/www.europesays.com\/es\/wp-json\/wp\/v2\/media\/286879"}],"wp:attachment":[{"href":"https:\/\/www.europesays.com\/es\/wp-json\/wp\/v2\/media?parent=286878"}],"wp:term":[{"taxonomy":"category","embeddable":true,"href":"https:\/\/www.europesays.com\/es\/wp-json\/wp\/v2\/categories?post=286878"},{"taxonomy":"post_tag","embeddable":true,"href":"https:\/\/www.europesays.com\/es\/wp-json\/wp\/v2\/tags?post=286878"}],"curies":[{"name":"wp","href":"https:\/\/api.w.org\/{rel}","templated":true}]}}