{"id":286884,"date":"2025-12-13T23:03:10","date_gmt":"2025-12-13T23:03:10","guid":{"rendered":"https:\/\/www.europesays.com\/es\/286884\/"},"modified":"2025-12-13T23:03:10","modified_gmt":"2025-12-13T23:03:10","slug":"investigacion-en-diabetes-fede-somos-pacientes","status":"publish","type":"post","link":"https:\/\/www.europesays.com\/es\/286884\/","title":{"rendered":"Investigaci\u00f3n en diabetes FEDE | Somos Pacientes"},"content":{"rendered":"<p>El Centro de Investigaci\u00f3n Biom\u00e9dica en Red (CIBER) a trav\u00e9s de su \u00e1rea tem\u00e1tica de Diabetes y Enfermedades Metab\u00f3licas Asociadas (CIBERDEM) y la Federaci\u00f3n Espa\u00f1ola de Diabetes (FEDE) han firmado <strong>un Protocolo General de Actuaci\u00f3n<\/strong> para colaborar en el impulso de la investigaci\u00f3n en diabetes en Espa\u00f1a. El acuerdo ha sido suscrito por Margarita Bl\u00e1zquez, gerente del CIBER, y Antonio Lavado, presidente de FEDE.<\/p>\n<p>En Espa\u00f1a, cerca de seis millones de personas conviven con la diabetes, de los cuales se calcula que en torno a un 50% est\u00e1 a\u00fan sin diagnosticar. A nivel global, la Federaci\u00f3n Internacional de Diabetes (IDF) prev\u00e9 que la prevalencia aumente hasta los 783 millones de casos en 2050 (un 12.2% de toda la poblaci\u00f3n adulta). El crecimiento sostenido de la diabetes y de las patolog\u00edas metab\u00f3licas asociadas supone <strong>un reto creciente para el Sistema Nacional de Salud<\/strong>, tanto en t\u00e9rminos asistenciales como econ\u00f3micos. En este contexto, la investigaci\u00f3n adquiere un papel esencial para generar conocimiento que permita mejorar la prevenci\u00f3n, el diagn\u00f3stico precoz y el abordaje de estas condiciones. Con este prop\u00f3sito, FEDE y CIBERDEM colaborar\u00e1n en actividades cient\u00edficas e institucionales que impulsen la investigaci\u00f3n en diabetes y contribuyan a un sistema sanitario m\u00e1s eficiente y orientado a las necesidades reales del colectivo.<\/p>\n<p>Para <strong>D\u00eddac Mauricio, director cient\u00edfico de CIBERDEM<\/strong>, \u201cEste acuerdo con FEDE representa un paso fundamental para reforzar la interacci\u00f3n entre nuestros grupos de investigaci\u00f3n y las personas con diabetes. Nos permitir\u00e1 impulsar acciones conjuntas que integren la voz y la visi\u00f3n del paciente en nuestras prioridades cient\u00edficas. Desde CIBERDEM, creemos firmemente que la participaci\u00f3n ciudadana es clave para avanzar hacia una investigaci\u00f3n m\u00e1s \u00fatil, cercana y transformadora. Esta colaboraci\u00f3n contribuir\u00e1 a fortalecer nuestra capacidad de generar conocimiento con impacto real en la vida de quienes conviven con la diabetes\u201d<\/p>\n<p>Para <strong>Antonio Lavado, presidente de FEDE<\/strong>, \u201cEste acuerdo supone un paso muy importante en el reconocimiento del papel de las personas con diabetes dentro de la investigaci\u00f3n. Queremos que el colectivo participe activamente en los estudios y en el desarrollo de nuevas soluciones. La colaboraci\u00f3n con CIBERDEM nos permitir\u00e1 avanzar hacia una investigaci\u00f3n m\u00e1s participativa, centrada en mejorar la calidad de vida de quienes conviven con la patolog\u00eda\u201d.<\/p>\n<p>Entre las <strong>l\u00edneas de colaboraci\u00f3n<\/strong> recogidas en el acuerdo se incluyen: la participaci\u00f3n de CIBERDEM en la revista DiabetesFEDE; la incorporaci\u00f3n de un representante de FEDE en el Comit\u00e9 Cient\u00edfico Asesor Externo de CIBERDEM; la puesta en marcha de acciones conjuntas de comunicaci\u00f3n sobre avances cient\u00edficos; y la cooperaci\u00f3n en actividades relacionadas con la investigaci\u00f3n biom\u00e9dica y la participaci\u00f3n del paciente. El acuerdo tendr\u00e1 una duraci\u00f3n inicial de tres a\u00f1os, prorrogables otros tres.<\/p>\n","protected":false},"excerpt":{"rendered":"El Centro de Investigaci\u00f3n Biom\u00e9dica en Red (CIBER) a trav\u00e9s de su \u00e1rea tem\u00e1tica de Diabetes y Enfermedades&hellip;\n","protected":false},"author":2,"featured_media":286885,"comment_status":"","ping_status":"","sticky":false,"template":"","format":"standard","meta":{"footnotes":""},"categories":[92],"tags":[5738,25,24,165,1294,166,23],"class_list":{"0":"post-286884","1":"post","2":"type-post","3":"status-publish","4":"format-standard","5":"has-post-thumbnail","7":"category-salud","8":"tag-al-dia","9":"tag-es","10":"tag-espana","11":"tag-health","12":"tag-investigacion","13":"tag-salud","14":"tag-spain"},"share_on_mastodon":{"url":"https:\/\/pubeurope.com\/@es\/115714759487540433","error":""},"_links":{"self":[{"href":"https:\/\/www.europesays.com\/es\/wp-json\/wp\/v2\/posts\/286884","targetHints":{"allow":["GET"]}}],"collection":[{"href":"https:\/\/www.europesays.com\/es\/wp-json\/wp\/v2\/posts"}],"about":[{"href":"https:\/\/www.europesays.com\/es\/wp-json\/wp\/v2\/types\/post"}],"author":[{"embeddable":true,"href":"https:\/\/www.europesays.com\/es\/wp-json\/wp\/v2\/users\/2"}],"replies":[{"embeddable":true,"href":"https:\/\/www.europesays.com\/es\/wp-json\/wp\/v2\/comments?post=286884"}],"version-history":[{"count":0,"href":"https:\/\/www.europesays.com\/es\/wp-json\/wp\/v2\/posts\/286884\/revisions"}],"wp:featuredmedia":[{"embeddable":true,"href":"https:\/\/www.europesays.com\/es\/wp-json\/wp\/v2\/media\/286885"}],"wp:attachment":[{"href":"https:\/\/www.europesays.com\/es\/wp-json\/wp\/v2\/media?parent=286884"}],"wp:term":[{"taxonomy":"category","embeddable":true,"href":"https:\/\/www.europesays.com\/es\/wp-json\/wp\/v2\/categories?post=286884"},{"taxonomy":"post_tag","embeddable":true,"href":"https:\/\/www.europesays.com\/es\/wp-json\/wp\/v2\/tags?post=286884"}],"curies":[{"name":"wp","href":"https:\/\/api.w.org\/{rel}","templated":true}]}}