{"id":286890,"date":"2025-12-13T23:06:21","date_gmt":"2025-12-13T23:06:21","guid":{"rendered":"https:\/\/www.europesays.com\/es\/286890\/"},"modified":"2025-12-13T23:06:21","modified_gmt":"2025-12-13T23:06:21","slug":"cuando-es-mas-barata-y-cara-en-el-mercado-mayorista-4","status":"publish","type":"post","link":"https:\/\/www.europesays.com\/es\/286890\/","title":{"rendered":"cu\u00e1ndo es m\u00e1s barata y cara en el mercado mayorista"},"content":{"rendered":"<p><strong>El precio medio de la luz ma\u00f1ana domingo, 14 de diciembre de 2025, ser\u00e1 de 78,57 euros por megavatio hora (MWh) en el mercado mayorista<\/strong>, seg\u00fan los datos publicados por el Operador del Mercado Ib\u00e9rico de la Energ\u00eda (OMIE). As\u00ed pues, la electricidad termina la semana con una leve bajada del 0,80%\u00a0<a href=\"https:\/\/noticiastrabajo.huffingtonpost.es\/economia\/consumo\/precio-luz-por-horas-13-diciembre-2025-mercado-mayorista\/\" rel=\"nofollow noopener\" target=\"_blank\">en comparaci\u00f3n con el s\u00e1bado<\/a>. De hecho, ser\u00e1 pr\u00e1cticamente imperceptible, pag\u00e1ndose por el \u2018pool\u2019 tan solo unos 0,63 euros menos.<\/p>\n<p>Ahora, en t\u00e9rminos anuales, la bajada s\u00ed que es mayor, costando un 39,02% m\u00e1s barata respecto hace un a\u00f1o. Es as\u00ed porque la electricidad\u00a0<a href=\"https:\/\/noticiastrabajo.huffingtonpost.es\/economia\/consumo\/precio-luz-14-diciembre-2024-horas-mas-baratas-caras\/\" rel=\"nofollow noopener\" target=\"_blank\">el 14 de diciembre de 2024<\/a> se situ\u00f3 en los 128,85 euros\/MWh, pag\u00e1ndose hoy unos 50,28 euros menos.<\/p>\n<p>Te puede interesar<br \/>\n<a href=\"https:\/\/noticiastrabajo.huffingtonpost.es\/economia\/consumo\/precio-luz-14-diciembre-2025-por-horas-pvpc\/\" class=\"!no-underline !text-lg !text-gray-700 content\" rel=\"nofollow noopener\" target=\"_blank\"><img decoding=\"async\" src=\"https:\/\/www.europesays.com\/es\/wp-content\/uploads\/2025\/12\/precio-luz-14-diciembre-2025-pvpc-241781-480-270.jpg\" loading=\"lazy\" class=\"w-[224px] h-auto object-contain\"\/><\/a><br \/>\n              <a href=\"https:\/\/noticiastrabajo.huffingtonpost.es\/economia\/consumo\/precio-luz-13-diciembre-2025-por-horas-pvpc\/\" class=\"!no-underline !text-lg !text-gray-700 content\" rel=\"nofollow noopener\" target=\"_blank\"><img decoding=\"async\" src=\"https:\/\/www.europesays.com\/es\/wp-content\/uploads\/2025\/12\/bombilla-luz-encendia-241763-480-270.jpg\" loading=\"lazy\" class=\"w-[224px] h-auto object-contain\"\/><\/a> <\/p>\n<p>Hay que tener en cuenta que este importe publicado por el OMIE hace referencia al precio del mercado mayorista, que no incluye conceptos como los impuestos o los peajes. Estos vienen incluidos en el Precio Voluntario para el Peque\u00f1o Consumidor (PVPC), que es el que afecta a los consumidores con tarifa regulada o indexada en el mercado libre (se publica a \u00faltima hora de la tarde por Red El\u00e9ctrica).<\/p>\n<p>\u00bfCu\u00e1ndo es m\u00e1s barata la luz este domingo?<\/p>\n<p>La<strong> hora m\u00e1s barata de luz\u00a0<\/strong>ser\u00e1 de\u00a0<strong>13:00 a 14:00 horas<\/strong>, con un precio de\u00a0<strong>59,40 euros\/MWh<\/strong>. Las franjas m\u00e1s econ\u00f3micas de la electricidad se concentrar\u00e1n entre media ma\u00f1ana y primera hora de la tarde, todas por debajo de la barrera de los 100 euros.<\/p>\n<p>\u00bfCu\u00e1ndo es m\u00e1s cara la electricidad ma\u00f1ana domingo?<\/p>\n<p>El\u00a0<strong>pico m\u00e1ximo de la electricidad\u00a0<\/strong>se producir\u00e1 de\u00a0<strong>20 a 21 horas<\/strong>, momento en el que se alcanzar\u00e1n los\u00a0<strong>106,68 euros\/MWh<\/strong>. Las horas m\u00e1s caras de la luz empiezan a producirse a mitad de la tarde y continuar\u00e1n todo el dia, hasta el final de la noche.<\/p>\n<p>Precio de la luz por horas, domingo 14 de diciembre<\/p>\n<p>Tanto para aprovechar la bajada de la electricidad como para evitar las franjas m\u00e1s caras, es recomendable ajustar el consumo a lo largo del d\u00eda. Este es el\u00a0<strong>precio de la luz hora a hora del domingo 14 de diciembre de 2025 en el mercado mayorista<\/strong>:<\/p>\n<p><img decoding=\"async\" style=\"aspect-ratio:758\/755;\" src=\"https:\/\/www.europesays.com\/es\/wp-content\/uploads\/2025\/12\/1765630219731precio-luz-horas-14-diciembre-2025-820-x.jpg\" loading=\"lazy\" width=\"758\" height=\"755\" alt=\"Gr\u00e1fico con el precio de la luz por horas del 14 de diciembre en el mercado mayorista\"\/><\/p>\n<ul>\n<li>00:00 a 01:00: 86,78 euros\/MWh<\/li>\n<li>01:00 a 02:00: 76,06 euros\/MWh<\/li>\n<li>02:00 a 03:00: 70,74 euros\/MWh<\/li>\n<li>03:00 a 04:00: 68,46 euros\/MWh<\/li>\n<li>04:00 a 05:00: 65,08 euros\/MWh<\/li>\n<li>05:00 a 06:00: 66,03 euros\/MWh<\/li>\n<li>06:00 a 07:00: 70,76 euros\/MWh<\/li>\n<li>07:00 a 08:00: 72,53 euros\/MWh<\/li>\n<li>08:00 a 09:00: 73,47 euros\/MWh<\/li>\n<li>09:00 a 10:00: 72,36 euros\/MWh<\/li>\n<li>10:00 a 11:00: 68,10 euros\/MWh<\/li>\n<li>11:00 a 12:00: 61,69 euros\/MWh<\/li>\n<li>12:00 a 13:00: 62,29 euros\/MWh<\/li>\n<li><strong>13:00 a 14:00: 59,00 euros\/MWh<\/strong><\/li>\n<li>14:00 a 15:00: 59,13 euros\/MWh<\/li>\n<li>15:00 a 16:00: 63,42 euros\/MWh<\/li>\n<li>16:00 a 17:00: 74,89 euros\/MWh<\/li>\n<li>17:00 a 18:00: 93,13 euros\/MWh<\/li>\n<li>18:00 a 19:00: 105,97 euros\/MWh<\/li>\n<li>19:00 a 20:00: 105,94 euros\/MWh<\/li>\n<li><strong>20:00 a 21:00: 106,68 euros\/MWh<\/strong><\/li>\n<li>21:00 a 22:00: 106,06 euros\/MWh<\/li>\n<li>22:00 a 23:00: 102,15 euros\/MWh<\/li>\n<li>23:00 a 24:00: 94,90 euros\/MWh<\/li>\n<\/ul>\n","protected":false},"excerpt":{"rendered":"El precio medio de la luz ma\u00f1ana domingo, 14 de diciembre de 2025, ser\u00e1 de 78,57 euros por&hellip;\n","protected":false},"author":2,"featured_media":286891,"comment_status":"","ping_status":"","sticky":false,"template":"","format":"standard","meta":{"footnotes":""},"categories":[80],"tags":[82,95,94,25,24,23],"class_list":{"0":"post-286890","1":"post","2":"type-post","3":"status-publish","4":"format-standard","5":"has-post-thumbnail","7":"category-economia","8":"tag-business","9":"tag-economia","10":"tag-economy","11":"tag-es","12":"tag-espana","13":"tag-spain"},"share_on_mastodon":{"url":"https:\/\/pubeurope.com\/@es\/115714771386128939","error":""},"_links":{"self":[{"href":"https:\/\/www.europesays.com\/es\/wp-json\/wp\/v2\/posts\/286890","targetHints":{"allow":["GET"]}}],"collection":[{"href":"https:\/\/www.europesays.com\/es\/wp-json\/wp\/v2\/posts"}],"about":[{"href":"https:\/\/www.europesays.com\/es\/wp-json\/wp\/v2\/types\/post"}],"author":[{"embeddable":true,"href":"https:\/\/www.europesays.com\/es\/wp-json\/wp\/v2\/users\/2"}],"replies":[{"embeddable":true,"href":"https:\/\/www.europesays.com\/es\/wp-json\/wp\/v2\/comments?post=286890"}],"version-history":[{"count":0,"href":"https:\/\/www.europesays.com\/es\/wp-json\/wp\/v2\/posts\/286890\/revisions"}],"wp:featuredmedia":[{"embeddable":true,"href":"https:\/\/www.europesays.com\/es\/wp-json\/wp\/v2\/media\/286891"}],"wp:attachment":[{"href":"https:\/\/www.europesays.com\/es\/wp-json\/wp\/v2\/media?parent=286890"}],"wp:term":[{"taxonomy":"category","embeddable":true,"href":"https:\/\/www.europesays.com\/es\/wp-json\/wp\/v2\/categories?post=286890"},{"taxonomy":"post_tag","embeddable":true,"href":"https:\/\/www.europesays.com\/es\/wp-json\/wp\/v2\/tags?post=286890"}],"curies":[{"name":"wp","href":"https:\/\/api.w.org\/{rel}","templated":true}]}}