{"id":286892,"date":"2025-12-13T23:07:26","date_gmt":"2025-12-13T23:07:26","guid":{"rendered":"https:\/\/www.europesays.com\/es\/286892\/"},"modified":"2025-12-13T23:07:26","modified_gmt":"2025-12-13T23:07:26","slug":"una-mujer-es-ingresada-para-extirparle-un-tumor-ovarico-y-los-medicos-descubren-un-bebe-a-punto-de-nacer-es-un-milagro","status":"publish","type":"post","link":"https:\/\/www.europesays.com\/es\/286892\/","title":{"rendered":"Una mujer es ingresada para extirparle un tumor ov\u00e1rico y los m\u00e9dicos descubren un beb\u00e9 a punto de nacer: \u00abEs un milagro\u00bb"},"content":{"rendered":"<p class=\"c-paragraph\">Una mujer de 41 a\u00f1os que entr\u00f3 en quir\u00f3fano para que le extirparan un tumor ov\u00e1rico de 10 kilos de peso result\u00f3 estar embarazada de un beb\u00e9 a t\u00e9rmino que se hab\u00eda desarrollado fuera del \u00fatero, en un caso que los m\u00e9dicos han calificado<b> como \u00abmilagroso\u00bb.<\/b><\/p>\n<p class=\"c-paragraph\">Suze L\u00f3pez, enfermera de Bakersfield, California (EEUU), ten\u00eda programada la extirpaci\u00f3n de un quiste ov\u00e1rico de 10 kilos que llevaba a\u00f1os creciendo. Pero los resultados de una prueba de embarazo rutinaria previa a la cirug\u00eda revelaron la sorpresa, explica el hospital<b> Cedars Sinai de Los \u00c1ngeles <\/b>en una <a href=\"https:\/\/www.cedars-sinai.org\/newsroom\/miraculous-birth-at-cedars-sinai-delivers-family-holiday-joy\/\" rel=\"nofollow noreferrer noopener\" title=\"\u2018Miraculous Birth\u2019 at Cedars-Sinai Delivers Family Holiday Joy\" target=\"_blank\">nota de prensa<\/a>.<\/p>\n<p class=\"c-paragraph\">\u00abEstaba acostumbrada a tener <b>menstruaciones muy irregulares<\/b> y algunas molestias abdominales. No pod\u00eda creer que, despu\u00e9s de 17 a\u00f1os rezando e intentando tener un segundo hijo, estuviera realmente embarazada\u00bb, dijo Suze Lopez en declaraciones recogidas por el hospital.<\/p>\n<p class=\"c-paragraph\">Al llegar al centro m\u00e9dico, L\u00f3pez ten\u00eda la presi\u00f3n arterial peligrosamente alta.\u00a0El doctor <b>John Ozimek<\/b> y su equipo se pusieron manos a la obra, estabilizando su presi\u00f3n arterial y solicitando una resonancia magn\u00e9tica, an\u00e1lisis de sangre y una ecograf\u00eda.<\/p>\n<p class=\"c-paragraph\">Ozimek qued\u00f3 at\u00f3nito ante lo que revelaron las im\u00e1genes diagn\u00f3sticas: un embarazo ect\u00f3pico abdominal muy raro. \u00abSuze estaba embarazada, pero <b>su \u00fatero estaba vac\u00edo<\/b> y un quiste ov\u00e1rico benigno gigante que pesaba m\u00e1s de nueve kilos ocupaba demasiado espacio\u00bb, declar\u00f3 el m\u00e9dico.<\/p>\n<p class=\"c-paragraph\">\u00abEntonces descubrimos<b> un beb\u00e9 casi a t\u00e9rmino en un peque\u00f1o espacio en el abdomen,<\/b> cerca del h\u00edgado, con el trasero apoyado en el \u00fatero. Un embarazo tan fuera del \u00fatero que contin\u00faa desarroll\u00e1ndose es casi inaudito\u00bb, se\u00f1al\u00f3 el doctor Ozimek.<\/p>\n<p class=\"c-paragraph\">Ozimek dijo que, a medida que el beb\u00e9 crec\u00eda dentro del abdomen de L\u00f3pez, detr\u00e1s de la masa,<b> empujaba el enorme quiste hacia adelante<\/b>. \u00abEs l\u00f3gico que ella simplemente pensara que el tumor estaba creciendo de nuevo, no que pudiera estar embarazada\u00bb, agreg\u00f3.<\/p>\n<p class=\"c-paragraph\"><b>En un embarazo ect\u00f3pico abdominal,<\/b> el \u00f3vulo fertilizado se implanta fuera del \u00fatero, a menudo en \u00f3rganos vitales o vasos sangu\u00edneos importantes. La placenta no puede crecer de forma segura, lo que crea un riesgo excepcionalmente alto de hemorragia materna catastr\u00f3fica y muerte fetal. Es extremadamente raro que un beb\u00e9 sobreviva y a menudo se enfrenta a graves complicaciones m\u00e9dicas.<\/p>\n<p class=\"c-paragraph\">\u00abFue muy profundo ver a este beb\u00e9 a t\u00e9rmino sentado detr\u00e1s de un tumor ov\u00e1rico enorme, no en el \u00fatero. En toda mi carrera, nunca hab\u00eda o\u00eddo hablar de un beb\u00e9 que hubiera llegado tan lejos en el embarazo\u00bb, dijo el ginec\u00f3logo onc\u00f3logo <b>Michael Manuel<\/b>, del Centro M\u00e9dico Providence Cedars-Sinai Tarzana, quien intervino para extirpar el quiste.\u00a0<\/p>\n<p class=\"c-paragraph\">\u00abTuvimos que descubrir c\u00f3mo sacar al beb\u00e9 con la placenta y<b> sus vasos sangu\u00edneos adheridos al abdomen<\/b>, extraer la enorme masa ov\u00e1rica y hacer todo lo posible para salvar a la mam\u00e1 y a este ni\u00f1o\u00bb, dijo Manuel.<\/p>\n<p class=\"c-paragraph\">Se necesit\u00f3 un equipo de unos <b>30 expertos <\/b>para llevar a cabo un parto y una cirug\u00eda complejos y altamente coordinados. Especialistas en medicina materno-fetal, onc\u00f3logos ginec\u00f3logos, enfermeras, anestesi\u00f3logos y numerosos t\u00e9cnicos quir\u00fargicos con formaci\u00f3n especializada llenaron el quir\u00f3fano casi a su capacidad m\u00e1xima.\u00a0<\/p>\n<p class=\"c-paragraph\">El doctor Manuel retir\u00f3 el<b> enorme quiste dermoide<\/b> para que Ozimek y su equipo pudieran extraer al beb\u00e9 r\u00e1pidamente y entregarlo al personal de la Unidad de Cuidados Intensivos Neonatales (UCIN).<\/p>\n<p class=\"c-paragraph\">Despu\u00e9s de un embarazo tan raro y peligroso, el peque\u00f1o, que ha sido bautizado como Ryu, lleg\u00f3 al mundo con muy pocos problemas de salud, una abundante cabellera y un peso de<b> 3,628 kilogramos.<\/b><\/p>\n<p class=\"c-paragraph\">Los padres de Ryu creen que este caso es la respuesta a a\u00f1os de oraciones para tener un segundo hijo. El padre, Andrew Lopez dijo que por eso eligieron Jesse como segundo nombre de Ryu; significa<b> \u00abregalo de Dios\u00bb.<\/b><\/p>\n<p class=\"c-paragraph\">\u00ab\u00c9l es nuestro regalo. <b>Y Ryu y Suze son mis milagros<\/b>\u00ab, dice el orgulloso padre. \u00abMe dejaron entrar al quir\u00f3fano, y fue duro ver lo que estaba pasando, y fue incre\u00edble ver nacer a Ryu. As\u00ed que s\u00ed, muchas oraciones han sido escuchadas\u00bb.\u00a0<\/p>\n<p class=\"c-paragraph\">Por su parte, la madre dijo: \u00abAprecio cada detalle. Todo. Cada d\u00eda es un regalo y nunca lo voy a desperdiciar\u00bb. \u00abDios me dio a este beb\u00e9 para que fuera un ejemplo para el mundo de que<b> Dios existe<\/b>, de que los milagros, los milagros modernos, s\u00ed ocurren\u00bb, concluye.<\/p>\n","protected":false},"excerpt":{"rendered":"Una mujer de 41 a\u00f1os que entr\u00f3 en quir\u00f3fano para que le extirparan un tumor ov\u00e1rico de 10&hellip;\n","protected":false},"author":2,"featured_media":286893,"comment_status":"","ping_status":"","sticky":false,"template":"","format":"standard","meta":{"footnotes":""},"categories":[42],"tags":[17,18,25,13,14,11,23511,61,62,63,64,19,20,2461,9,10,15,16,2078,12,21,22,20877,65,66,67],"class_list":{"0":"post-286892","1":"post","2":"type-post","3":"status-publish","4":"format-standard","5":"has-post-thumbnail","7":"category-internacional","8":"tag-breaking-news","9":"tag-breakingnews","10":"tag-es","11":"tag-featured-news","12":"tag-featurednews","13":"tag-headlines","14":"tag-ingresada","15":"tag-internacional","16":"tag-international","17":"tag-international-news","18":"tag-internationalnews","19":"tag-latest-news","20":"tag-latestnews","21":"tag-mujer","22":"tag-news","23":"tag-noticias","24":"tag-noticias-destacadas","25":"tag-noticiasdestacadas","26":"tag-para","27":"tag-titulares","28":"tag-ultimas-noticias","29":"tag-ultimasnoticias","30":"tag-una","31":"tag-world","32":"tag-world-news","33":"tag-worldnews"},"share_on_mastodon":{"url":"https:\/\/pubeurope.com\/@es\/115714775134537004","error":""},"_links":{"self":[{"href":"https:\/\/www.europesays.com\/es\/wp-json\/wp\/v2\/posts\/286892","targetHints":{"allow":["GET"]}}],"collection":[{"href":"https:\/\/www.europesays.com\/es\/wp-json\/wp\/v2\/posts"}],"about":[{"href":"https:\/\/www.europesays.com\/es\/wp-json\/wp\/v2\/types\/post"}],"author":[{"embeddable":true,"href":"https:\/\/www.europesays.com\/es\/wp-json\/wp\/v2\/users\/2"}],"replies":[{"embeddable":true,"href":"https:\/\/www.europesays.com\/es\/wp-json\/wp\/v2\/comments?post=286892"}],"version-history":[{"count":0,"href":"https:\/\/www.europesays.com\/es\/wp-json\/wp\/v2\/posts\/286892\/revisions"}],"wp:featuredmedia":[{"embeddable":true,"href":"https:\/\/www.europesays.com\/es\/wp-json\/wp\/v2\/media\/286893"}],"wp:attachment":[{"href":"https:\/\/www.europesays.com\/es\/wp-json\/wp\/v2\/media?parent=286892"}],"wp:term":[{"taxonomy":"category","embeddable":true,"href":"https:\/\/www.europesays.com\/es\/wp-json\/wp\/v2\/categories?post=286892"},{"taxonomy":"post_tag","embeddable":true,"href":"https:\/\/www.europesays.com\/es\/wp-json\/wp\/v2\/tags?post=286892"}],"curies":[{"name":"wp","href":"https:\/\/api.w.org\/{rel}","templated":true}]}}