{"id":286896,"date":"2025-12-13T23:09:10","date_gmt":"2025-12-13T23:09:10","guid":{"rendered":"https:\/\/www.europesays.com\/es\/286896\/"},"modified":"2025-12-13T23:09:10","modified_gmt":"2025-12-13T23:09:10","slug":"muere-el-actor-argentino-hector-alterio-a-los-96-anos","status":"publish","type":"post","link":"https:\/\/www.europesays.com\/es\/286896\/","title":{"rendered":"Muere el actor argentino H\u00e9ctor Alterio a los 96 a\u00f1os"},"content":{"rendered":"<p class=\"c-paragraph\">El actor <b>H\u00e9ctor Alterio<\/b> (Buenos Aires, 1929) ha fallecido este s\u00e1bado a los 96 a\u00f1os, seg\u00fan ha informado su familia en un comunicado distribuido por Pentaci\u00f3n Espect\u00e1culos.<\/p>\n<p class=\"c-paragraph\">\u00abCon profundo dolor queremos comunicaros que hoy, 13 de diciembre por la ma\u00f1ana, nos ha dejado H\u00e9ctor Alterio. <b>Se fue en paz despu\u00e9s de una vida larga y plena<\/b> dedicada a su familia y al arte, estando activo profesionalmente hasta el d\u00eda de hoy. Descanse en paz\u00bb, asegura el comunicado.<\/p>\n<p class=\"c-paragraph\">H\u00e9ctor Alterio se aup\u00f3 a los escenarios siendo muy joven y en ellos ha <b>continuado hasta el final de su vida<\/b>, con una gira con el texto Una peque\u00f1a historia, de tintes autobiogr\u00e1ficos.\u00a0<\/p>\n<p class=\"c-paragraph\">Alterio fue uno de los <b>int\u00e9rpretes m\u00e1s destacados de su generaci\u00f3n<\/b>, tanto en su Argentina natal como en Espa\u00f1a, donde desarroll\u00f3 de manera prol\u00edfica su carrera y donde fue reconocido con el Goya de Honor 2004 de la Academia de Cine, de la que era miembro.<\/p>\n<p class=\"c-paragraph\">Debut\u00f3 como actor en 1948, con la obra Prohibido suicidarse en primavera, de Alejandro Casona, y, tras acabar sus estudios de Arte Dram\u00e1tico, <b>cre\u00f3 la compa\u00f1\u00eda Nuevo Teatro<\/b>, con la que trabaj\u00f3 por la renovaci\u00f3n de la escena argentina durante la d\u00e9cada de los 60.<\/p>\n<p class=\"c-paragraph\">Su fama como actor, sin embargo, le lleg\u00f3 <b>a trav\u00e9s del cine<\/b>, donde debut\u00f3 junto a Alfredo Math\u00e9 en Todo sol es amargo\u00a0y donde intervino en algunas de las mejores pel\u00edculas de la nueva generaci\u00f3n de cineastas argentinos, como Leopoldo Torre Nilsson, seg\u00fan ha informado la Academia de Cine en un comunicado.<\/p>\n<p class=\"c-paragraph\">Se\u00a0<b><b>estableci\u00f3 en Espa\u00f1a en 1975<\/b><\/b>, cuando tuvo que abandonar Argentina \u2013hab\u00eda nacido en el seno de una familia de emigrantes napolitanos\u2013 por amenazas de muerte, donde empez\u00f3 de nuevo hasta conquistar el cari\u00f1o y el aplauso del p\u00fablico al colaborar con importantes figuras de nuestro cine como Jaime Ch\u00e1varri, en A un dios desconocido, con la que obtuvo la Concha de Plata del Festival de San Sebasti\u00e1n; El crimen de Cuenca, de Pilar Mir\u00f3; o El nido, la m\u00edtica historia de Jaime de Armi\u00f1\u00e1n, nominada al Oscar en 1980.<\/p>\n<p class=\"c-paragraph\">A pesar de fijar su residencia en nuestro pa\u00eds, Alterio no dej\u00f3 de participar en <b>numerosas pel\u00edculas en su pa\u00eds natal<\/b>, protagonizando cuatro de las primeras pel\u00edculas argentinas en ser nominadas a los premios de la Academia de Hollywood: La tregua\u00a0(1974),\u00a0Camila\u00a0(1984), La historia oficial\u00a0(1985), que logr\u00f3 el Oscar, y El hijo de la novia\u00a0(2001).<\/p>\n<p class=\"c-paragraph\">Su \u00faltimo trabajo en la gran pantalla fue <b>en 2015<\/b>,\u00a0Due uomini, quattro donne e una mucca depressa, de la italiana Anna di Francisca y estrenada en 2015, aunque tambi\u00e9n se le pudo ver en 2014 en\u00a0Kamikaze, de \u00c1lex Pina.<\/p>\n<p class=\"c-paragraph\">En <b>2004 recibi\u00f3 el Goya honor\u00edfico<\/b> de manos de sus hijos Ernesto y Malena Alterio, reconocidos int\u00e9rpretes tambi\u00e9n de cine, teatro y televisi\u00f3n en Espa\u00f1a y al otro lado del Atl\u00e1ntico, y cuatro a\u00f1os m\u00e1s tarde, en 2008, Argentina le reconoci\u00f3 con el C\u00f3ndor de Plata por su trayectoria cinematogr\u00e1fica.<\/p>\n<p class=\"c-paragraph\">Ya en el a\u00f1o 2023, el Centro Cultural Kirchner de Buenos Aires le brind\u00f3 <b>un homenaje<\/b> que cont\u00f3 con la presencia de un nutrido grupo de profesionales del s\u00e9ptimo arte de Argentina, entre ellos Ricardo Dar\u00edn.<\/p>\n","protected":false},"excerpt":{"rendered":"El actor H\u00e9ctor Alterio (Buenos Aires, 1929) ha fallecido este s\u00e1bado a los 96 a\u00f1os, seg\u00fan ha informado&hellip;\n","protected":false},"author":2,"featured_media":286897,"comment_status":"","ping_status":"","sticky":false,"template":"","format":"standard","meta":{"footnotes":""},"categories":[5],"tags":[1339,5059,17,18,25,24,13,14,11,68994,19,20,9,10,15,16,23,12,21,22],"class_list":{"0":"post-286896","1":"post","2":"type-post","3":"status-publish","4":"format-standard","5":"has-post-thumbnail","7":"category-titulares","8":"tag-actor","9":"tag-argentino","10":"tag-breaking-news","11":"tag-breakingnews","12":"tag-es","13":"tag-espana","14":"tag-featured-news","15":"tag-featurednews","16":"tag-headlines","17":"tag-hector-alterio","18":"tag-latest-news","19":"tag-latestnews","20":"tag-news","21":"tag-noticias","22":"tag-noticias-destacadas","23":"tag-noticiasdestacadas","24":"tag-spain","25":"tag-titulares","26":"tag-ultimas-noticias","27":"tag-ultimasnoticias"},"share_on_mastodon":{"url":"https:\/\/pubeurope.com\/@es\/115714782917396664","error":""},"_links":{"self":[{"href":"https:\/\/www.europesays.com\/es\/wp-json\/wp\/v2\/posts\/286896","targetHints":{"allow":["GET"]}}],"collection":[{"href":"https:\/\/www.europesays.com\/es\/wp-json\/wp\/v2\/posts"}],"about":[{"href":"https:\/\/www.europesays.com\/es\/wp-json\/wp\/v2\/types\/post"}],"author":[{"embeddable":true,"href":"https:\/\/www.europesays.com\/es\/wp-json\/wp\/v2\/users\/2"}],"replies":[{"embeddable":true,"href":"https:\/\/www.europesays.com\/es\/wp-json\/wp\/v2\/comments?post=286896"}],"version-history":[{"count":0,"href":"https:\/\/www.europesays.com\/es\/wp-json\/wp\/v2\/posts\/286896\/revisions"}],"wp:featuredmedia":[{"embeddable":true,"href":"https:\/\/www.europesays.com\/es\/wp-json\/wp\/v2\/media\/286897"}],"wp:attachment":[{"href":"https:\/\/www.europesays.com\/es\/wp-json\/wp\/v2\/media?parent=286896"}],"wp:term":[{"taxonomy":"category","embeddable":true,"href":"https:\/\/www.europesays.com\/es\/wp-json\/wp\/v2\/categories?post=286896"},{"taxonomy":"post_tag","embeddable":true,"href":"https:\/\/www.europesays.com\/es\/wp-json\/wp\/v2\/tags?post=286896"}],"curies":[{"name":"wp","href":"https:\/\/api.w.org\/{rel}","templated":true}]}}