{"id":286925,"date":"2025-12-13T23:39:11","date_gmt":"2025-12-13T23:39:11","guid":{"rendered":"https:\/\/www.europesays.com\/es\/286925\/"},"modified":"2025-12-13T23:39:11","modified_gmt":"2025-12-13T23:39:11","slug":"vuelta-a-costa-rica-huertas-se-impone-bajo-el-diluvio-en-guapiles-y-ledezma-mantiene-el-liderato-esciclismo-com","status":"publish","type":"post","link":"https:\/\/www.europesays.com\/es\/286925\/","title":{"rendered":"Vuelta a Costa Rica: Huertas se impone bajo el diluvio en Gu\u00e1piles y Ledezma mantiene el liderato &#8211; EsCiclismo.com"},"content":{"rendered":"<ol>\n<li><a href=\"https:\/\/news.google.com\/rss\/articles\/CBMiakFVX3lxTE5iaTg2YTRVd2lYNGRQc1lOUDhsOGhBMXZ3czFfSnlDWGUzQzMwNDV4TG1aa3VIWG10WldLVGhHODMzTkxCY25tdS1qcUFLNEJFV2FkVUdNeHpqTFhqcWdXaGJET3B1bzVjM3c?oc=5\" target=\"_blank\" rel=\"nofollow noopener\">Vuelta a Costa Rica: Huertas se impone bajo el diluvio en Gu\u00e1piles y Ledezma mantiene el liderato<\/a>&nbsp;&nbsp;EsCiclismo.com<\/li>\n<li><a href=\"https:\/\/news.google.com\/rss\/articles\/CBMiakFVX3lxTE1aX2Y5Q20wOXJPOUk1dDUxWFozUnNzd1htcHk1bW5aOEpKNVFOeXo0RmtTbkZYQkI3dmpvRl9FR0x3R3c4dkw5VTZKcmZJTUs4bHYyX0FoNU1hQktweTRhOVZmbHoxOUdJZGc?oc=5\" target=\"_blank\" rel=\"nofollow noopener\">Listado oficial de ciclistas inscritos en la Vuelta a Costa Rica 2025<\/a>&nbsp;&nbsp;EsCiclismo.com<\/li>\n<li><a href=\"https:\/\/news.google.com\/rss\/articles\/CBMiswFBVV95cUxPbHJzY3llUG9UV1FSdlk0VDlJU2ZxUzQweFBIckRoQnFweVhjbElpckdnOHlLU1pNSjBNcFdmUWF3dEJQRkNITVF6aC1LWm1UTHg3cEI4bUZIUHh2MDd2Y3pLLWVVSUtobmUxZVRMTFRaQ0UwejFzUHBKbGJSMXVXTUwxUF9fOUJ4UXlHelQyTkNDdmZBd3A2eURCd2sxRXZiWFdISDlKQU1RZGs1TDhCbGFPOA?oc=5\" target=\"_blank\" rel=\"nofollow noopener\">La locura llev\u00f3 a Jason Huertas a ganar una jornada donde el peligro puso al l\u00edmite a los ciclistas en la Vuelta a Costa Rica<\/a>&nbsp;&nbsp;nacion.com<\/li>\n<li><a href=\"https:\/\/news.google.com\/rss\/articles\/CBMieEFVX3lxTE91SW1jQ0JuakhyenRXMlBVb3hlQXp3bU8zZE9iUUpSZHZ3SDBWLUIzaFhTc21sQnZtbV90MlBUZmIyOVV5N3VIQm01bEZJTzBtT0lidE02aHd2QVdDSHpHeVZRN2hMd0RDdURnenhlXzlwa3hkcU12MQ?oc=5\" target=\"_blank\" rel=\"nofollow noopener\">Chiquillo se adue\u00f1a de la Vuelta<\/a>&nbsp;&nbsp;Diario Extra<\/li>\n<li><a href=\"https:\/\/news.google.com\/rss\/articles\/CBMisgFBVV95cUxPcTQ4bXo3NWx4cGlqcUR4RHNGb3ItUXNKb25qeG9Kc2hjLTJwOVVEa1RhQkhXS3hvejZWVWd3czF1ajEwV2wtSDc1QWpBcHZrWUQzbk9sQnJVbGppUUlYQ1RCLXoyMkxkWGZSc2Z5OHQ2bzI2b3JYMWxCS0ZPd3F3Q05yYWJVNXg5QjFfbW9rSHRLRlhBelQ3bzBrSnRXLWF3TjB4VVVLR0JtaWdaUEJZV3dB?oc=5\" target=\"_blank\" rel=\"nofollow noopener\">Este viernes inicia la Vuelta a Costa Rica: ser\u00e1n 10 etapas y m\u00e1s de 1.200 kil\u00f3metros<\/a>&nbsp;&nbsp;CR Hoy<\/li>\n<\/ol>\n","protected":false},"excerpt":{"rendered":"Vuelta a Costa Rica: Huertas se impone bajo el diluvio en Gu\u00e1piles y Ledezma mantiene el liderato&nbsp;&nbsp;EsCiclismo.com Listado&hellip;\n","protected":false},"author":2,"featured_media":286926,"comment_status":"","ping_status":"","sticky":false,"template":"","format":"standard","meta":{"footnotes":""},"categories":[273],"tags":[313,1757,23771,2828,312,8600,168,37436,25,24,314,61,293,1783,1479,16023,4690,68609,3397,3745,23,167,8487,2886,1357],"class_list":{"0":"post-286925","1":"post","2":"type-post","3":"status-publish","4":"format-standard","5":"has-post-thumbnail","7":"category-ciclismo","8":"tag-ciclismo","9":"tag-ciclista","10":"tag-constante","11":"tag-costa","12":"tag-cycling","13":"tag-dejo","14":"tag-deportes","15":"tag-desgaste","16":"tag-es","17":"tag-espana","18":"tag-etapa","19":"tag-internacional","20":"tag-jornada","21":"tag-la","22":"tag-lluvia","23":"tag-marcada","24":"tag-peloton","25":"tag-rica","26":"tag-sabado","27":"tag-segunda","28":"tag-spain","29":"tag-sports","30":"tag-tension","31":"tag-triunfo","32":"tag-vuelta"},"share_on_mastodon":{"url":"https:\/\/pubeurope.com\/@es\/115714900817203097","error":""},"_links":{"self":[{"href":"https:\/\/www.europesays.com\/es\/wp-json\/wp\/v2\/posts\/286925","targetHints":{"allow":["GET"]}}],"collection":[{"href":"https:\/\/www.europesays.com\/es\/wp-json\/wp\/v2\/posts"}],"about":[{"href":"https:\/\/www.europesays.com\/es\/wp-json\/wp\/v2\/types\/post"}],"author":[{"embeddable":true,"href":"https:\/\/www.europesays.com\/es\/wp-json\/wp\/v2\/users\/2"}],"replies":[{"embeddable":true,"href":"https:\/\/www.europesays.com\/es\/wp-json\/wp\/v2\/comments?post=286925"}],"version-history":[{"count":0,"href":"https:\/\/www.europesays.com\/es\/wp-json\/wp\/v2\/posts\/286925\/revisions"}],"wp:featuredmedia":[{"embeddable":true,"href":"https:\/\/www.europesays.com\/es\/wp-json\/wp\/v2\/media\/286926"}],"wp:attachment":[{"href":"https:\/\/www.europesays.com\/es\/wp-json\/wp\/v2\/media?parent=286925"}],"wp:term":[{"taxonomy":"category","embeddable":true,"href":"https:\/\/www.europesays.com\/es\/wp-json\/wp\/v2\/categories?post=286925"},{"taxonomy":"post_tag","embeddable":true,"href":"https:\/\/www.europesays.com\/es\/wp-json\/wp\/v2\/tags?post=286925"}],"curies":[{"name":"wp","href":"https:\/\/api.w.org\/{rel}","templated":true}]}}