{"id":286927,"date":"2025-12-13T23:41:26","date_gmt":"2025-12-13T23:41:26","guid":{"rendered":"https:\/\/www.europesays.com\/es\/286927\/"},"modified":"2025-12-13T23:41:26","modified_gmt":"2025-12-13T23:41:26","slug":"estamos-a-un-gran-nivel-pero-no-donde-queremos-estar","status":"publish","type":"post","link":"https:\/\/www.europesays.com\/es\/286927\/","title":{"rendered":"\u201cEstamos a un gran nivel pero no d\u00f3nde queremos estar\u201d"},"content":{"rendered":"<p class=\"ft-text ft-helper-align-justify\"><a class=\"ft-link ft-link--decoration\" href=\"https:\/\/www.sport.es\/es\/noticias\/barca\/baloncesto\/barca-arrolla-olympiacos-manda-mensaje-124734996\" rel=\"nofollow noopener\" target=\"_blank\">El Bar\u00e7a firm\u00f3 el mejor partido de la temporada con la visita del Olympiacos<\/a>, mostrando su mejor cara ofensiva,<strong> y tambi\u00e9n con una defensa agobiante que el cuadro heleno no pudo superar<\/strong>.<\/p>\n<p class=\"ft-text ft-helper-align-justify\"><strong>Una sensaci\u00f3n de satisfacci\u00f3n, aunque desde la llegada de Pascual, el nivel de autoexigencia se ha disparado<\/strong> y no hay tiempo para auto complacerse porque este domingo llega otro duelo importante en la pista del BAXI Manresa.<\/p>\n<p class=\"ft-text ft-helper-align-justify\"><strong>\u201cEstamos a un nivel alt\u00edsimo\u201d, reconoc\u00eda Shengelia tras la victoria ante Olympiacos<\/strong>. \u201cPero todav\u00eda no estamos d\u00f3nde queremos estar, tenemos margen de mejora. Ahora, vayamos por delante o por detr\u00e1s en el marcador, estamos luchando y rindiendo al m\u00e1ximo\u201d, explic\u00f3.<\/p>\n<p><img decoding=\"async\" src=\"https:\/\/www.europesays.com\/es\/wp-content\/uploads\/2025\/12\/6a2a99b3-923f-4ed0-a912-7cf37b596980_alta-libre-aspect-ratio_default_0.jpg\" width=\"1200\" height=\"800\" alt=\"El Bar\u00e7a es una autentica pi\u00f1a en un momento espectacular y que esperan mantener a lo largo de la temporada\" class=\"ft-helper-img-rd\" loading=\"lazy\"\/><\/p>\n<p class=\"ft-helper-fontColor-quaternary ft-helper-fontSize-body-S ft-helper-spacer-t-xxs\">El Bar\u00e7a es una autentica pi\u00f1a en un momento espectacular y que esperan mantener a lo largo de la temporada  \/ FCB<\/p>\n<p class=\"ft-text ft-helper-align-justify\"><strong>\u201cCuando jugamos bien en defensa nos ayuda a correr el contraataque y si jugamos como equipo en ataque, tenemos mucha confianza en nosotros mismos\u201d, dijo el georgiano<\/strong>. \u201cEstamos en un buen nivel, pero todav\u00eda no estamos satisfechos del todo, hay que seguir\u201d, dijo el ala-p\u00edvot.<\/p>\n<p>Juani: \u201cHay que parar su juego de transici\u00f3n\u201d<\/p>\n<p class=\"ft-text ft-helper-align-justify\"><strong>El base argentino Juani Marcos, cree que la mejor manera de afrontar el encuentro ante el BAXI es mirarse de nuevo el tercer cuarto ante Olympiacos<\/strong> donde el equipo se emple\u00f3 en defensa y ataque.<\/p>\n<p class=\"ft-text ft-helper-align-justify\"><strong>\u201cTenemos que aplicar la energ\u00eda y la reacci\u00f3n que tuvimos en el tercer cuarto ante Olympiacos\u201d, dec\u00eda Juani <\/strong>en el entrenamiento matinal de este s\u00e1bado, previo a la visita a Manresa del domingo.<\/p>\n<p class=\"ft-text ft-helper-align-justify\">\u201cSabemos que el BAXI es un equipo f\u00edsico y que en casa se hace m\u00e1s fuerte. Tenemos que estar preparados para su tipo de juego de transici\u00f3n, con ataque r\u00e1pido, as\u00ed que tendremos que frenar eso si queremos ganar\u201d, dijo Juani.<\/p>\n","protected":false},"excerpt":{"rendered":"El Bar\u00e7a firm\u00f3 el mejor partido de la temporada con la visita del Olympiacos, mostrando su mejor cara&hellip;\n","protected":false},"author":2,"featured_media":286928,"comment_status":"","ping_status":"","sticky":false,"template":"","format":"standard","meta":{"footnotes":""},"categories":[269],"tags":[69054,299,298,168,25,24,43420,69055,69056,6112,23,167],"class_list":{"0":"post-286927","1":"post","2":"type-post","3":"status-publish","4":"format-standard","5":"has-post-thumbnail","7":"category-baloncesto","8":"tag-a-un-gran-nivel","9":"tag-baloncesto","10":"tag-basketball","11":"tag-deportes","12":"tag-es","13":"tag-espana","14":"tag-estamos","15":"tag-pero-no-donde","16":"tag-queremos-estar","17":"tag-shengelia","18":"tag-spain","19":"tag-sports"},"share_on_mastodon":{"url":"https:\/\/pubeurope.com\/@es\/115714909721248710","error":""},"_links":{"self":[{"href":"https:\/\/www.europesays.com\/es\/wp-json\/wp\/v2\/posts\/286927","targetHints":{"allow":["GET"]}}],"collection":[{"href":"https:\/\/www.europesays.com\/es\/wp-json\/wp\/v2\/posts"}],"about":[{"href":"https:\/\/www.europesays.com\/es\/wp-json\/wp\/v2\/types\/post"}],"author":[{"embeddable":true,"href":"https:\/\/www.europesays.com\/es\/wp-json\/wp\/v2\/users\/2"}],"replies":[{"embeddable":true,"href":"https:\/\/www.europesays.com\/es\/wp-json\/wp\/v2\/comments?post=286927"}],"version-history":[{"count":0,"href":"https:\/\/www.europesays.com\/es\/wp-json\/wp\/v2\/posts\/286927\/revisions"}],"wp:featuredmedia":[{"embeddable":true,"href":"https:\/\/www.europesays.com\/es\/wp-json\/wp\/v2\/media\/286928"}],"wp:attachment":[{"href":"https:\/\/www.europesays.com\/es\/wp-json\/wp\/v2\/media?parent=286927"}],"wp:term":[{"taxonomy":"category","embeddable":true,"href":"https:\/\/www.europesays.com\/es\/wp-json\/wp\/v2\/categories?post=286927"},{"taxonomy":"post_tag","embeddable":true,"href":"https:\/\/www.europesays.com\/es\/wp-json\/wp\/v2\/tags?post=286927"}],"curies":[{"name":"wp","href":"https:\/\/api.w.org\/{rel}","templated":true}]}}