{"id":286957,"date":"2025-12-14T00:09:11","date_gmt":"2025-12-14T00:09:11","guid":{"rendered":"https:\/\/www.europesays.com\/es\/286957\/"},"modified":"2025-12-14T00:09:11","modified_gmt":"2025-12-14T00:09:11","slug":"alineaciones-sevilla-oviedo-alineacion-probable-de-sevilla-y-oviedo-en-la-jornada-16-de-laliga","status":"publish","type":"post","link":"https:\/\/www.europesays.com\/es\/286957\/","title":{"rendered":"Alineaciones Sevilla &#8211; Oviedo: alineaci\u00f3n probable de Sevilla y Oviedo en la jornada 16 de LaLiga"},"content":{"rendered":"<p>El choque de este domingo estar\u00e1 condicionado por las numerosas bajas en los dos equipos, sobre todo en un Sevilla con diez ausencias y ocho futbolistas con ficha del filial<\/p>\n<p class=\"parrafo\">La lista de convocados publicada en la tarde de hoy por el Sevilla condiciona considerablemente el once de Mat\u00edas Almeyda, pues <strong>pierde a un total de diez futbolistas para recibir al Oviedo <\/strong>en una cita de vital importante para no meterse en verdaderos problemas.<\/p>\n<p>Noticias Relacionadas<\/p>\n<p class=\"parrafo\">As\u00ed las cosas, el t\u00e9cnico argentino no cuenta con los lesionados <strong>Kike Salas, Suazo, Januzaj, Nianzou, Marcao, Rub\u00e9n Vargas, Nyland y Azpilicueta<\/strong>, ni con los sancionados <strong>Peque e Isaac Romero<\/strong>, por lo que se ha visto obligado a llamar a ocho futbolistas con ficha del filial.<\/p>\n<p>Almeyda podr\u00eda repetir con defensa de cinco<\/p>\n<p class=\"parrafo\">Con este panorama, <strong>la primera duda es si Almeyda repetir\u00e1 la defensa de cinco <\/strong>pese a las numerosas ausencias en la retaguardia, lo que parece probable al funcionarle contra el Valencia. En este sentido, <strong>Carmona y Oso <\/strong>ocupar\u00e1n probablemente los dos carriles, mientras que en el centro formar\u00edan <strong>Andr\u00e9s Castr\u00edn y F\u00e1bio Cardoso junto al reconvertido Gudelj.<\/strong><\/p>\n<p class=\"parrafo\"><strong\/>En la medular existen pocas dudas por la ausencia de efectividad, y salvo sorpresa del t\u00e9cnico, <strong>saldr\u00e1n de inicio Batista Mendy, Agoum\u00e9 y Djibril Sow<\/strong>. Tampoco existen dudas sobre la referencia en ataque, posici\u00f3n que ocupar\u00e1 <strong>Akor Adams <\/strong>por la sanci\u00f3n de Isaac Romero en su \u00faltimo partido antes de marcharse con Nigeria a la Copa de \u00c1frica junto a Ejuke, con opciones tambi\u00e9n de entrar en el once.<\/p>\n<p><a class=\"elementos-rel-t2\" href=\"https:\/\/www.estadiodeportivo.com\/futbol\/sevilla-fc\/drama-lista-del-sevilla-contra-oviedo-diez-bajas-ocho-futbolistas-del-filial-20251213-523606.html\" title=\"Drama en la lista del Sevilla contra el Oviedo: diez bajas y ocho futbolistas del filial\" rel=\"nofollow noopener\" target=\"_blank\"><\/p>\n<p class=\"titular titulo-4\">Drama en la lista del Sevilla contra el Oviedo: diez bajas y ocho futbolistas del filial<\/p>\n<p><img decoding=\"async\" src=\"https:\/\/www.europesays.com\/es\/wp-content\/uploads\/2025\/12\/9d4a3c5d-0cfe-4446-a017-8300abf4563b_320x180.jpeg\" alt=\"Drama en la lista del Sevilla contra el Oviedo: diez bajas y ocho futbolistas del filial\"\/><\/a><a class=\"elementos-rel-t2\" href=\"https:\/\/www.estadiodeportivo.com\/futbol\/sevilla-fc\/significativo-mensaje-interno-del-club-almeyda-sobre-futuro-sevilla-20251213-523599.html\" title=\"Significativo mensaje interno del club a Almeyda sobre su futuro en el Sevilla\" rel=\"nofollow noopener\" target=\"_blank\"><\/p>\n<p class=\"titular titulo-4\">Significativo mensaje interno del club a Almeyda sobre su futuro en el Sevilla<\/p>\n<p><img decoding=\"async\" src=\"https:\/\/www.europesays.com\/es\/wp-content\/uploads\/2025\/12\/c1575227-c09c-4191-976f-7c4b3c7cf5c1_320x180.jpeg\" alt=\"Significativo mensaje interno del club a Almeyda sobre su futuro en el Sevilla\"\/><\/a><a class=\"elementos-rel-t2\" href=\"https:\/\/www.estadiodeportivo.com\/futbol\/oviedo\/luis-carrion-tecnico-del-oviedo-lamenta-dos-bajas-ultima-hora-para-visitar-sevilla-equipo-que-gusta-20251213-523585.html\" title=\"Luis Carri\u00f3n, t\u00e9cnico del Oviedo, lamenta dos bajas de \u00faltima hora para visitar al Sevilla: &quot;Es un equipo que me gusta&quot; \" rel=\"nofollow noopener\" target=\"_blank\"><\/p>\n<p class=\"titular titulo-4\">Luis Carri\u00f3n, t\u00e9cnico del Oviedo, lamenta dos bajas de \u00faltima hora para visitar al Sevilla: \u00abEs un equipo que me gusta\u00bb <\/p>\n<p><img decoding=\"async\" src=\"https:\/\/www.europesays.com\/es\/wp-content\/uploads\/2025\/12\/4ee54d1b-06f6-48c6-b752-27da97df7f75_320x180.jpeg\" alt=\"Luis Carri\u00f3n, t\u00e9cnico del Oviedo, lamenta dos bajas de \u00faltima hora para visitar al Sevilla: &quot;Es un equipo que me gusta&quot; \"\/><\/a><\/p>\n<p class=\"parrafo\">De hecho, <strong>el extremo pugnar\u00e1 por el puesto restante con Alfon y Alexis S\u00e1nchez<\/strong>, a priori el que parte con ventaja para completar el rompecabezas de Almeyda con los asturianos. Un once de circunstancias con un banquillo plagado de canteranos, entre ellos el delantero <strong>\u00c1lex Costa<\/strong>, fichado en verano bajo la promesa de tener oportunidades en el primer equipo. Este domingo podr\u00eda llegar su momento tras no haber marcado todav\u00eda en el Sevilla Atl\u00e9tico en lo que va de temporada.<\/p>\n<p>Seis bajas en el Oviedo <\/p>\n<p class=\"parrafo\">Por su parte, el Oviedo tambi\u00e9n llega a Nervi\u00f3n con numerosas bajas, un total de seis, pues <strong>Luis Carri\u00f3n se ve obligado a prescindir de \u00c1lvaro Lemos, Domingues, Ejaria, Nacho Vidal, Sibo, Ilic, Federico Vi\u00f1as y Santi Cazorla<\/strong>. Y lo cierto es que esta visita tambi\u00e9n es de vital importancia para los carballones, pen\u00faltimos de la tabla tras sumar solo tres puntos en los \u00faltimos cinco partidos.<\/p>\n<p class=\"parrafo\"><strong\/><strong>Posibles onces:<\/strong><\/p>\n<p class=\"parrafo\"><strong>Sevilla F.C.: <\/strong>Odysseas, Carmona, Andr\u00e9s Castr\u00edn, Gudelj, F\u00e1bio Cardoso, Oso; Batista Mendy, Agoum\u00e9, Sow; Alexis S\u00e1nchez y Akor Adams.<\/p>\n<p class=\"parrafo\"><strong>Real Oviedo: <\/strong>Aar\u00f3n Escandell; Lucas, Costas, Carmo, Rahim; Dendoncker, Colombatto; Hassan, Reina, Ilyas Chaira; y Rond\u00f3n. <\/p>\n","protected":false},"excerpt":{"rendered":"El choque de este domingo estar\u00e1 condicionado por las numerosas bajas en los dos equipos, sobre todo en&hellip;\n","protected":false},"author":2,"featured_media":286958,"comment_status":"","ping_status":"","sticky":false,"template":"","format":"standard","meta":{"footnotes":""},"categories":[268],"tags":[168,25,24,284,280,282,288,3302,2993,281,23,167],"class_list":{"0":"post-286957","1":"post","2":"type-post","3":"status-publish","4":"format-standard","5":"has-post-thumbnail","7":"category-futbol","8":"tag-deportes","9":"tag-es","10":"tag-espana","11":"tag-estadio-deportivo","12":"tag-football","13":"tag-futbol","14":"tag-laliga","15":"tag-real-oviedo","16":"tag-sevilla-futbol-club","17":"tag-soccer","18":"tag-spain","19":"tag-sports"},"share_on_mastodon":{"url":"https:\/\/pubeurope.com\/@es\/115715019307554190","error":""},"_links":{"self":[{"href":"https:\/\/www.europesays.com\/es\/wp-json\/wp\/v2\/posts\/286957","targetHints":{"allow":["GET"]}}],"collection":[{"href":"https:\/\/www.europesays.com\/es\/wp-json\/wp\/v2\/posts"}],"about":[{"href":"https:\/\/www.europesays.com\/es\/wp-json\/wp\/v2\/types\/post"}],"author":[{"embeddable":true,"href":"https:\/\/www.europesays.com\/es\/wp-json\/wp\/v2\/users\/2"}],"replies":[{"embeddable":true,"href":"https:\/\/www.europesays.com\/es\/wp-json\/wp\/v2\/comments?post=286957"}],"version-history":[{"count":0,"href":"https:\/\/www.europesays.com\/es\/wp-json\/wp\/v2\/posts\/286957\/revisions"}],"wp:featuredmedia":[{"embeddable":true,"href":"https:\/\/www.europesays.com\/es\/wp-json\/wp\/v2\/media\/286958"}],"wp:attachment":[{"href":"https:\/\/www.europesays.com\/es\/wp-json\/wp\/v2\/media?parent=286957"}],"wp:term":[{"taxonomy":"category","embeddable":true,"href":"https:\/\/www.europesays.com\/es\/wp-json\/wp\/v2\/categories?post=286957"},{"taxonomy":"post_tag","embeddable":true,"href":"https:\/\/www.europesays.com\/es\/wp-json\/wp\/v2\/tags?post=286957"}],"curies":[{"name":"wp","href":"https:\/\/api.w.org\/{rel}","templated":true}]}}