{"id":287001,"date":"2025-12-14T00:43:10","date_gmt":"2025-12-14T00:43:10","guid":{"rendered":"https:\/\/www.europesays.com\/es\/287001\/"},"modified":"2025-12-14T00:43:10","modified_gmt":"2025-12-14T00:43:10","slug":"el-director-de-la-esa-confirma-que-el-espanol-pablo-alvarez-ira-al-espacio-en-los-proximos-anos","status":"publish","type":"post","link":"https:\/\/www.europesays.com\/es\/287001\/","title":{"rendered":"El director de la ESA confirma que el espa\u00f1ol Pablo \u00c1lvarez ir\u00e1 al espacio \u00aben los pr\u00f3ximos a\u00f1os\u00bb"},"content":{"rendered":"<p>El <b>director de la Agencia Espacial Europea (ESA), Josef Aschbacher<\/b>, ha rechazado las <b>\u00abespeculaciones\u00bb <\/b>que han surgido en torno al cometa interestelar 3I\/Atlas que viaja por el interior del sistema solar.<\/p>\n<p><b>\u00abLo hemos observado muy bien y puedo asegurar que no son alien\u00edgenas<\/b>, no es lo que algunas especulaciones creen que es. Es un cometa que se mueve a muy alta velocidad y est\u00e1 pasando por nuestro sistema solar. Lo hemos medido, lo estamos observando y<b> sabemos muy bien lo que pasa\u00bb<\/b>, ha zanjado Aschbacher en una entrevista a Europa Press en Madrid, donde <b>ha firmado un memorando de entendimiento con IE University<\/b>.<\/p>\n<p>De hecho, el explorador de lunas heladas de J\u00fapiter (Juice) ha captado recientemente una fotograf\u00eda de 3I\/Atlas que muestran los elementos que salen de \u00e9l para<b> \u00abentender c\u00f3mo funcionan los cometas que vuelan a muy alta velocidad\u00bb <\/b>a trav\u00e9s del universo y del sistema solar.<\/p>\n<p>El cometa interestelar 3I\/Atlas tiene un n\u00facleo estimado entre 10 y 30 kil\u00f3metros de di\u00e1metro, <b>viaja a una velocidad superior a 68 km\/s <\/b>(unos 245.000 km\/h) durante su paso por el interior del sistema solar y su \u00f3rbita es hiperb\u00f3lica (no pertenece al sistema solar).<\/p>\n<p>3I\/Atlas (C\/2025 N1) es el tercer objeto confirmado proveniente de fuera del sistema solar. Fue descubierto el 1 de julio de 2025 por la red ATLAS (Asteroid Terrestrial-impact Last Alert System) en Chile. <b>Su estudio permite observar material que se form\u00f3 en otro sistema estelar.<\/b><\/p>\n<p>Otro espa\u00f1ol en el espacio<\/p>\n<p>Por otro lado, en relaci\u00f3n a cu\u00e1ndo viajar\u00e1 el astronauta Pablo \u00c1lvarez al espacio, Aschbacher ha reconocido que es una pregunta que todav\u00eda no puede responder, ya que depende de la colaboraci\u00f3n de la ESA con la NASA, pero ha asegurado que<b> el objetivo es que el espa\u00f1ol vuele \u00aben los pr\u00f3ximos a\u00f1os\u00bb a la Estaci\u00f3n Espacial Internacional.<\/b><\/p>\n<p>En el marco de los vuelos Artemis, la ESA tiene una acuerdo con la NASA para que los astronautas europeos vuelen a la <b>futura estaci\u00f3n espacial lunar Gateway. Los tres primeros astronautas que ir\u00e1n a Gateway ser\u00e1n de Alemania, Francia e Italia.<\/b><\/p>\n<p>Aunque de momento no est\u00e1 previsto que un astronauta europeo pise la Luna, Aschbacher ha confirmado que conseguir eso es parte de las negociaciones entre la ESA y la NASA:<b> \u00abMiramos esa posibilidad para el futuro\u00bb.<\/b><\/p>\n<p>Tambi\u00e9n ha afirmado que, si los Estados miembros lo deciden, la ESA est\u00e1 en condiciones de desarrollar las tecnolog\u00edas necesarias para que Europa lance sus propios astronautas al espacio de manera aut\u00f3noma, sin necesidad de colaborar con la NASA. <b>\u00abSi la decisi\u00f3n es que Europa quiere lanzar sus propios astronautas y se declara este objetivo a nivel pol\u00edtico, podemos hacerlo\u00bb<\/b>, ha aseverado.<\/p>\n<p>Astron\u00e1utas en Marte<\/p>\n<p>En relaci\u00f3n a viajar a Marte, el l\u00edder de la ESA ha advertido de que \u00abest\u00e1 lejos y a veces suena mucho m\u00e1s f\u00e1cil ir all\u00ed de lo que es\u00bb.<b> \u00abTodav\u00eda hay muchos desaf\u00edos tecnol\u00f3gicos que deben cumplirse<\/b> en t\u00e9rminos de propulsi\u00f3n, radiaci\u00f3n c\u00f3smica, tambi\u00e9n volar hasta all\u00ed, repostaje en \u00f3rbita, volar de vuelta&#8230; As\u00ed que es realmente bastante complejo\u00bb, ha subrayado.<\/p>\n<p>As\u00ed, ha explicado que los primeros vuelos al Planeta Rojo ser\u00e1n sin astronautas, para exploraci\u00f3n rob\u00f3tica. Sin embargo, cree que el ser humano s\u00ed pisar\u00e1 Marte: <b>\u00abSuceder\u00e1\u00bb.<\/b><\/p>\n<p><b>La ESA trabaja en una misi\u00f3n rob\u00f3tica para ir a Marte <\/b>y perforar en la superficie del planeta para buscar rastros antiguos de vida. \u00abAlguna vida pasada que pudo estar all\u00ed o no, no lo sabemos, pero queremos tomar una muestra y analizarla para ver si podemos encontrar rastros de vida antigua\u00bb, ha indicado.<\/p>\n<p>Tras la llegada de Donald Trump a la presidencia,<b> las relaciones entre la ESA y Estados Unidos han cambiado<\/b> y, aunque Aschbacher confirma que la NASA siempre ser\u00e1 \u00abun socio importante\u00bb, considera que la ESA necesita volverse \u00abm\u00e1s independiente, m\u00e1s aut\u00f3noma\u00bb. \u00abEsto es algo que he propuesto a los Estados miembros, construir autonom\u00eda para Europa. Somos un socio fuerte para los Estados Unidos pero tambi\u00e9n para otro pa\u00edses\u00bb, ha precisado.<\/p>\n<p>En este sentido, ha hecho hincapi\u00e9 que en la ESA son \u00abmuy buenos\u00bb en t\u00e9rminos de tecnolog\u00eda e ingenier\u00eda, ya que Europa cuenta con \u00abalgunos de los mejores ingenieros del mundo\u00bb. <b>\u00abSomos un socio muy fiable y respetado.<\/b> Siempre entregamos lo que prometemos y esto es muy apreciado por muchos pa\u00edses en todo el mundo y, por lo tanto, la ESA y Europa somos un socio muy atractivo a escala internacional\u00bb, ha reivindicado.<\/p>\n<p>En cuanto a las <b>relaciones con Rusia<\/b>, el jefe de la ESA ha recalcado que no tienen cooperaciones excepto en la Estaci\u00f3n Espacial Internacional, donde deben trabajar juntos porque los rusos \u00abson responsables de una parte\u00bb de esta plataforma.<\/p>\n<p><b>Con China, en cambio, la ESA s\u00ed tienen algunas relaciones <\/b>en ciencia para, por ejemplo, estudiar el cambio clim\u00e1tico, as\u00ed como la misi\u00f3n Smile, que se lanzar\u00e1 el pr\u00f3ximo a\u00f1o.<\/p>\n<p>Industria espa\u00f1ola \u00abexcelente\u00bb<\/p>\n<p>Por otro lado, Aschbacher <b>ha puesto en valor la importancia de Espa\u00f1a en el sector aeroespacial<\/b> despu\u00e9s de hacer un \u00abprogreso enorme en los \u00faltimos a\u00f1os al<b> identificar el espacio como una prioridad\u00bb.<\/b> Por ello, ha felicitado a la industria espa\u00f1ola que, a su juicio, \u00abes excelente\u00bb.<\/p>\n<p><b>\u00abLos pol\u00edticos espa\u00f1oles est\u00e1n muy comprometidos <\/b>y son muy serios al respecto y, una vez m\u00e1s, gracias y felicidades a Espa\u00f1a por lo que han logrado\u00bb, ha agradecido.<\/p>\n<p>De este modo ha hecho referencia al<b> incremento de Espa\u00f1a en su contribuci\u00f3n a la ESA<\/b>, anunciado en el \u00faltimo Consejo Ministerial celebrado en Bremen (Alemania). Espa\u00f1a ha alcanzado la cifra de 455 millones de euros de media al a\u00f1o para el periodo 2026-2030, lo que supone un 50% superior a la del anterior periodo.<\/p>\n<p>Aschbacher considera que este incremento<b> \u00abes muy positivo\u00bb para Espa\u00f1a<\/b> porque \u00abtodo lo que se invierte a trav\u00e9s de los programas de la ESA vuelve a la industria del pa\u00eds\u00bb. \u00abEspa\u00f1a, al invertir en la ESA, est\u00e1 invirtiendo en su propia industria, en su propio pa\u00eds, construyendo capacidad espacial e industria espacial\u00bb, ha afirmado.<\/p>\n<p>Los Estados miembros, seg\u00fan ha indicado, pueden <b>clasificar su contribuci\u00f3n<\/b> a la Agencia Espacial Europea como gasto en defensa si la financiaci\u00f3n proviene del Ministerio de Defensa, y lo pueden declarar entre los compromisos adquiridos de la OTAN.<\/p>\n<p><b>No es el caso de Espa\u00f1a,<\/b> donde la contribuci\u00f3n destinada a la ESA proviene del Ministerio de Ciencia, Innovaci\u00f3n y Universidades, a trav\u00e9s de la Agencia Espacial Espa\u00f1ola, seg\u00fan han informado a Europa Press fuentes de este Departamento.<\/p>\n<p>Ley del Espacio<\/p>\n<p>Precisamente, el Ministerio ha empezado a trabajar en un anteproyecto de Ley de Actividades Espaciales, que busca ordenar de forma sistem\u00e1tica la <b>actividad espacial bajo jurisdicci\u00f3n espa\u00f1ola <\/b>y que establecer\u00e1 requisitos para reducir la basura espacial y exigir\u00e1 a los operadores disponer de seguros o garant\u00edas financieras suficientes para desarrollar actividades espaciales.<\/p>\n<p>Al respecto, el jefe de la ESA ha recordado que<b> hay \u00abdiferentes leyes espaciales en diferentes pa\u00edses\u00bb <\/b>y que la Comisi\u00f3n Europea \u00abtambi\u00e9n est\u00e1 trabajando en una Ley Espacial Europea.<\/p>\n<p><b>\u00abLa ESA tiene mucho que ofrecer, llevamos 50 a\u00f1os desarrollando sat\u00e9lites,<\/b> asegurando la sostenibilidad en \u00f3rbita, asegurando que nuestros sat\u00e9lites est\u00e9n debidamente registrados, funcionando, as\u00ed que podemos ofrecer mucho para definir el marco legal y lo estamos haciendo, estoy encantado de contribuir con nuestras capacidades a ello\u00bb, ha agregado.<\/p>\n<p>WhatsApp<a href=\"https:\/\/api.whatsapp.com\/send?text=https:\/\/www.eleconomista.es\/industria\/noticias\/13689819\/12\/25\/el-director-de-la-esa-confirma-que-el-espanol-pablo-alvarez-ira-al-espacio-en-los-proximos-anos.html?utm_source%3Dwhatsapp%26utm_medium%3Dshare_button&amp;id=1648118629957_whatsapp\" target=\"_blank\" data-action=\"share\/whatsapp\/share\" aria-label=\"Compartir en Whatsapp\" rel=\"nofollow noopener\"><\/a>Facebook<a id=\"fb-share\" href=\"#\" target=\"_blank\" rel=\"noopener noreferrer\" aria-label=\"Compartir en Facebook\"><\/a>Twitter<a href=\"https:\/\/twitter.com\/share?text=El+director+de+la+ESA+confirma+que+el+espa%C3%B1ol+Pablo+%C3%81lvarez+ir%C3%A1+al+espacio+%22en+los+pr%C3%B3ximos+a%C3%B1os%22&amp;url=https:\/\/www.eleconomista.es\/industria\/noticias\/13689819\/12\/25\/el-director-de-la-esa-confirma-que-el-espanol-pablo-alvarez-ira-al-espacio-en-los-proximos-anos.html&amp;via=elEconomistaes&amp;id=1648118839245_twitter\" target=\"_blank\" aria-label=\"Compartir en Twitter\" rel=\"nofollow noopener\"><\/a>Linkedin<a href=\"https:\/\/linkedin.com\/share?text=https:\/\/www.eleconomista.es\/industria\/noticias\/13689819\/12\/25\/el-director-de-la-esa-confirma-que-el-espanol-pablo-alvarez-ira-al-espacio-en-los-proximos-anos.html&amp;via=elEconomistaes\" target=\"_blank\" aria-label=\"Compartir en linkedin\" rel=\"nofollow noopener\"><\/a>Beloud<a href=\"https:\/\/beloud.com\/share?text=El+director+de+la+ESA+confirma+que+el+espa%C3%B1ol+Pablo+%C3%81lvarez+ir%C3%A1+al+espacio+%22en+los+pr%C3%B3ximos+a%C3%B1os%22&amp;url=https:\/\/www.eleconomista.es\/industria\/noticias\/13689819\/12\/25\/el-director-de-la-esa-confirma-que-el-espanol-pablo-alvarez-ira-al-espacio-en-los-proximos-anos.html&amp;via=elEconomistaes&amp;id=1648118839245_beloud\" target=\"_blank\" aria-label=\"Compartir en beloud\" rel=\"nofollow noopener\"><\/a>Bluesky<a href=\"https:\/\/bsky.app\/intent\/compose?text=https:\/\/bsky.app\/intent\/compose?text=https:\/\/www.eleconomista.es\/industria\/noticias\/13689819\/12\/25\/el-director-de-la-esa-confirma-que-el-espanol-pablo-alvarez-ira-al-espacio-en-los-proximos-anos.html&amp;url=https:\/\/www.eleconomista.es\/industria\/noticias\/13689819\/12\/25\/el-director-de-la-esa-confirma-que-el-espanol-pablo-alvarez-ira-al-espacio-en-los-proximos-anos.html&amp;via=elEconomistaes&amp;id=1648118839245_bluesky\" target=\"_blank\" aria-label=\"Compartir en bluesky\" rel=\"nofollow noopener\"><\/a><\/p>\n<p><script async src=\"https:\/\/platform.twitter.com\/widgets.js\" charset=\"utf-8\"><\/script><\/p>\n","protected":false},"excerpt":{"rendered":"El director de la Agencia Espacial Europea (ESA), Josef Aschbacher, ha rechazado las \u00abespeculaciones\u00bb que han surgido en&hellip;\n","protected":false},"author":2,"featured_media":287002,"comment_status":"","ping_status":"","sticky":false,"template":"","format":"standard","meta":{"footnotes":""},"categories":[81],"tags":[119,123,124,25,24,2893,117,121,122,23,118,120],"class_list":{"0":"post-287001","1":"post","2":"type-post","3":"status-publish","4":"format-standard","5":"has-post-thumbnail","7":"category-ciencia-y-tecnologia","8":"tag-ciencia","9":"tag-ciencia-y-tecnologia","10":"tag-cienciaytecnologia","11":"tag-es","12":"tag-espana","13":"tag-industria","14":"tag-science","15":"tag-science-and-technology","16":"tag-scienceandtechnology","17":"tag-spain","18":"tag-technology","19":"tag-tecnologia"},"share_on_mastodon":{"url":"https:\/\/pubeurope.com\/@es\/115715152587388710","error":""},"_links":{"self":[{"href":"https:\/\/www.europesays.com\/es\/wp-json\/wp\/v2\/posts\/287001","targetHints":{"allow":["GET"]}}],"collection":[{"href":"https:\/\/www.europesays.com\/es\/wp-json\/wp\/v2\/posts"}],"about":[{"href":"https:\/\/www.europesays.com\/es\/wp-json\/wp\/v2\/types\/post"}],"author":[{"embeddable":true,"href":"https:\/\/www.europesays.com\/es\/wp-json\/wp\/v2\/users\/2"}],"replies":[{"embeddable":true,"href":"https:\/\/www.europesays.com\/es\/wp-json\/wp\/v2\/comments?post=287001"}],"version-history":[{"count":0,"href":"https:\/\/www.europesays.com\/es\/wp-json\/wp\/v2\/posts\/287001\/revisions"}],"wp:featuredmedia":[{"embeddable":true,"href":"https:\/\/www.europesays.com\/es\/wp-json\/wp\/v2\/media\/287002"}],"wp:attachment":[{"href":"https:\/\/www.europesays.com\/es\/wp-json\/wp\/v2\/media?parent=287001"}],"wp:term":[{"taxonomy":"category","embeddable":true,"href":"https:\/\/www.europesays.com\/es\/wp-json\/wp\/v2\/categories?post=287001"},{"taxonomy":"post_tag","embeddable":true,"href":"https:\/\/www.europesays.com\/es\/wp-json\/wp\/v2\/tags?post=287001"}],"curies":[{"name":"wp","href":"https:\/\/api.w.org\/{rel}","templated":true}]}}