{"id":287029,"date":"2025-12-14T01:07:12","date_gmt":"2025-12-14T01:07:12","guid":{"rendered":"https:\/\/www.europesays.com\/es\/287029\/"},"modified":"2025-12-14T01:07:12","modified_gmt":"2025-12-14T01:07:12","slug":"zoom-lanza-campana-que-satiriza-la-tecnologia-ineficaz","status":"publish","type":"post","link":"https:\/\/www.europesays.com\/es\/287029\/","title":{"rendered":"Zoom lanza campa\u00f1a que satiriza la tecnolog\u00eda ineficaz"},"content":{"rendered":"<p>La nueva campa\u00f1a publicitaria de <strong><a href=\"https:\/\/www.laecuaciondigital.com\/tag\/zoom\" rel=\"nofollow noopener\" target=\"_blank\">Zoom<\/a><\/strong>, titulada \u00a0Zoom Ahead\u00a0, no se limita a promocionar una plataforma de videollamadas. Apunta directamente a una tensi\u00f3n persistente en los entornos laborales: <strong>la frustraci\u00f3n con herramientas tecnol\u00f3gicas que, lejos de facilitar el trabajo, lo complican<\/strong>.<\/p>\n<p>La compa\u00f1\u00eda ha optado por una narrativa sat\u00edrica, desarrollada junto a <strong>No Notes Productions<\/strong>, la productora del comediante Colin Jost, para subrayar una idea que, seg\u00fan ellos, ya es compartida por muchos usuarios: <strong>la tecnolog\u00eda debe funcionar, sin rodeos<\/strong>.<\/p>\n<p>El anuncio principal, protagonizado por <strong>Bowen Yang<\/strong> (Saturday Night Live), se estrenar\u00e1 el 31 de diciembre durante los College Football Playoffs en Estados Unidos. Bajo el lema <strong>\u00ab\u00a1Yo uso Zoom!\u00bb<\/strong>, la pieza se presenta como una declaraci\u00f3n de principios m\u00e1s que como una simple campa\u00f1a de marketing. A lo largo de los primeros meses de 2026, se desplegar\u00e1n acciones complementarias en medios digitales, redes sociales y eventos presenciales, incluyendo una aparici\u00f3n destacada durante la previa del Super Bowl.<\/p>\n<p>Aunque el tono es humor\u00edstico, el mensaje tiene implicaciones m\u00e1s amplias. La campa\u00f1a marca la primera vez que Zoom utiliza su propio nombre como verbo en una estrategia publicitaria, una decisi\u00f3n que no es casual. En palabras de Kimberly Storin, directora de marketing de la compa\u00f1\u00eda, la frase \u00abhacer un Zoom\u00bb refleja c\u00f3mo la plataforma se ha integrado en el lenguaje cotidiano, algo que pocas marcas tecnol\u00f3gicas han logrado con tanta naturalidad.<\/p>\n<p>Seg\u00fan datos del tercer trimestre del a\u00f1o fiscal 2026, Zoom mantiene un Net Promoter Score (NPS) de 58, una cifra que, seg\u00fan la compa\u00f1\u00eda, lidera el sector. M\u00e1s del 70\u202f% de los encuestados destaca la simplicidad de uso, mientras que el 40\u202f% valora especialmente su fiabilidad. En comparaciones directas, el 100\u202f% de los usuarios consultados eligi\u00f3 Zoom Workplace frente a otras herramientas, aunque la metodolog\u00eda de esta comparaci\u00f3n no ha sido detallada p\u00fablicamente.<\/p>\n<p>El respaldo del sector tambi\u00e9n refuerza esta narrativa. Zoom ha sido reconocida como <strong>\u201cCustomer\u2019s Choice\u201d<\/strong> en el informe <strong>Voice of the Customer<\/strong> de Gartner Peer Insights, y es una de las dos \u00fanicas empresas presentes tanto en el Magic Quadrant de UCaaS (Unified Communications as a Service) como en el de CCaaS (Contact Center as a Service). Este doble posicionamiento sugiere una estrategia de expansi\u00f3n m\u00e1s all\u00e1 de las reuniones virtuales, hacia un ecosistema de colaboraci\u00f3n m\u00e1s amplio.<\/p>\n<p>El anuncio, dirigido por Mike Diva (tambi\u00e9n vinculado a SNL), se inspira en dos referencias culturales dispares pero significativas: el ic\u00f3nico spot de Apple de 1984 y la pel\u00edcula El Club de los Poetas Muertos. El resultado es una especie de protesta dramatizada contra herramientas corporativas que, seg\u00fan la campa\u00f1a, entorpecen m\u00e1s que ayudan. El guion no solo ridiculiza la complejidad innecesaria, sino que tambi\u00e9n pone en cuesti\u00f3n qui\u00e9n decide qu\u00e9 herramientas deben usar los empleados: los usuarios o los departamentos de IT.<\/p>\n<p><strong>Colin Jost<\/strong>, fundador de No Notes, lo resume con una frase que apunta al n\u00facleo del mensaje: <strong>\u201cDe todas las opciones de reuniones virtuales, Zoom tiene sin duda el mejor nombre de marca. Nunca he dicho \u2018Vamos a hacer un Teams\u2019\u201d<\/strong>. M\u00e1s all\u00e1 del gui\u00f1o humor\u00edstico, la frase subraya una ventaja intangible pero poderosa: la apropiaci\u00f3n cultural del nombre de la marca.<\/p>\n<p>  Te puede interesar<\/p>\n<p>    <a href=\"https:\/\/www.laecuaciondigital.com\/actualidad\/el-futuro-conectado-segun-digitales-inversiones-regulacion-y-resiliencia-para-la-decada-critica-de-la-conectividad-en-espana\/\" rel=\"nofollow noopener\" target=\"_blank\"><img loading=\"lazy\" decoding=\"async\" width=\"180\" height=\"180\" class=\"attachment-theissue-thumbnail-x2 size-theissue-thumbnail-x2 thb-lazyload lazyload wp-post-image\" alt=\"Futuro Conectado de Espa\u00f1a: Innovaci\u00f3n, Regulaci\u00f3n y Salud\"  src=\"https:\/\/www.europesays.com\/es\/wp-content\/uploads\/2025\/12\/futuro-conectado-digitales-inauguracion-180x180.jpg\" data-  title=\"El futuro conectado seg\u00fan DigitalES: inversiones, regulaci\u00f3n y resiliencia para la d\u00e9cada cr\u00edtica de la conectividad en Espa\u00f1a 2\"\/><\/a><\/p>\n<p>La campa\u00f1a tambi\u00e9n sirve como escaparate para el actual portafolio de Zoom, que ha evolucionado hacia una plataforma AI-first. Adem\u00e1s de las funciones tradicionales de comunicaci\u00f3n (Meetings, Phone, Team Chat), Zoom ofrece herramientas de colaboraci\u00f3n (Docs, Whiteboard, Tasks), productividad (Calendar, Mail), experiencia del cliente (Contact Center), y soluciones para ventas y marketing (Webinars, Events, Revenue Accelerator). Todas ellas integradas con AI Companion, su asistente basado en inteligencia artificial.<\/p>\n<p>Este giro hacia una plataforma integral no es nuevo, pero s\u00ed se ha intensificado en los \u00faltimos trimestres. Frente a competidores como Microsoft Teams o Google Workspace, Zoom intenta diferenciarse no solo por su interfaz o estabilidad t\u00e9cnica, sino por una propuesta centrada en la experiencia del usuario. La campa\u00f1a \u201cZoom Ahead\u201d refuerza esta narrativa, aunque lo hace desde un \u00e1ngulo poco habitual: el de la s\u00e1tira.<\/p>\n<p>El uso del humor como herramienta de posicionamiento no es frecuente en el sector de software empresarial. Sin embargo, en un mercado saturado de promesas de productividad y eficiencia, Zoom parece apostar por una aproximaci\u00f3n distinta. No tanto por lo que dice, sino por c\u00f3mo lo dice. Y eso, en un entorno donde la diferenciaci\u00f3n es cada vez m\u00e1s dif\u00edcil, podr\u00eda marcar una diferencia real.<\/p>\n","protected":false},"excerpt":{"rendered":"La nueva campa\u00f1a publicitaria de Zoom, titulada \u00a0Zoom Ahead\u00a0, no se limita a promocionar una plataforma de videollamadas.&hellip;\n","protected":false},"author":2,"featured_media":287030,"comment_status":"","ping_status":"","sticky":false,"template":"","format":"standard","meta":{"footnotes":""},"categories":[81],"tags":[119,123,124,25,24,117,121,122,23,118,120],"class_list":{"0":"post-287029","1":"post","2":"type-post","3":"status-publish","4":"format-standard","5":"has-post-thumbnail","7":"category-ciencia-y-tecnologia","8":"tag-ciencia","9":"tag-ciencia-y-tecnologia","10":"tag-cienciaytecnologia","11":"tag-es","12":"tag-espana","13":"tag-science","14":"tag-science-and-technology","15":"tag-scienceandtechnology","16":"tag-spain","17":"tag-technology","18":"tag-tecnologia"},"share_on_mastodon":{"url":"https:\/\/pubeurope.com\/@es\/115715247264267223","error":""},"_links":{"self":[{"href":"https:\/\/www.europesays.com\/es\/wp-json\/wp\/v2\/posts\/287029","targetHints":{"allow":["GET"]}}],"collection":[{"href":"https:\/\/www.europesays.com\/es\/wp-json\/wp\/v2\/posts"}],"about":[{"href":"https:\/\/www.europesays.com\/es\/wp-json\/wp\/v2\/types\/post"}],"author":[{"embeddable":true,"href":"https:\/\/www.europesays.com\/es\/wp-json\/wp\/v2\/users\/2"}],"replies":[{"embeddable":true,"href":"https:\/\/www.europesays.com\/es\/wp-json\/wp\/v2\/comments?post=287029"}],"version-history":[{"count":0,"href":"https:\/\/www.europesays.com\/es\/wp-json\/wp\/v2\/posts\/287029\/revisions"}],"wp:featuredmedia":[{"embeddable":true,"href":"https:\/\/www.europesays.com\/es\/wp-json\/wp\/v2\/media\/287030"}],"wp:attachment":[{"href":"https:\/\/www.europesays.com\/es\/wp-json\/wp\/v2\/media?parent=287029"}],"wp:term":[{"taxonomy":"category","embeddable":true,"href":"https:\/\/www.europesays.com\/es\/wp-json\/wp\/v2\/categories?post=287029"},{"taxonomy":"post_tag","embeddable":true,"href":"https:\/\/www.europesays.com\/es\/wp-json\/wp\/v2\/tags?post=287029"}],"curies":[{"name":"wp","href":"https:\/\/api.w.org\/{rel}","templated":true}]}}