{"id":287061,"date":"2025-12-14T01:33:09","date_gmt":"2025-12-14T01:33:09","guid":{"rendered":"https:\/\/www.europesays.com\/es\/287061\/"},"modified":"2025-12-14T01:33:09","modified_gmt":"2025-12-14T01:33:09","slug":"emergencias-de-la-generalitat-eleva-a-roja-la-alerta-por-la-borrasca-emilia-en-el-litoral-de-valencia-y-envia-un-es-alert","status":"publish","type":"post","link":"https:\/\/www.europesays.com\/es\/287061\/","title":{"rendered":"Emergencias de la Generalitat eleva a roja la alerta por la borrasca Emilia en el litoral de Valencia y env\u00eda un Es-Alert"},"content":{"rendered":"<p class=\"article-text\">\n        El conseller de Emergencias e Interior, Juan Carlos Valderrama, ha presidido este s\u00e1bado en el Centro de Coordinaci\u00f3n de Emergencias de la Generalitat una reuni\u00f3n de coordinaci\u00f3n con todos los organismos e instituciones competentes en materia de Emergencias y de Seguridad para realizar seguimiento y adoptar las medidas necesarias ante el episodio de lluvias intensas y tormentas en la Comunitat Valenciana derivadas de la borrasca Emilia, especialmente en el litoral de Valencia donde se ha activado el aviso rojo que implica \u201cpeligro extraordinario\u201d.\u00a0Adem\u00e1s, Emergencias ha enviado un mensaje Es-Alert a la poblaci\u00f3n a las 19.24 horas pidiendo a la poblaci\u00f3n que se eviten desplazamientos y buscar zonas altas.\n    <\/p>\n<p class=\"article-text\">\n        El Centro de Coordinaci\u00f3n de Emergencias de la Generalitat acaba de elevar la alerta por lluvias a nivel rojo en el litoral de Valencia a instancias de la de la <a href=\"https:\/\/www.aemet.es\/es\/eltiempo\/prediccion\/avisos?w=mna\" data-mrf-recirculation=\"links-noticia\" class=\"link\" target=\"_blank\" rel=\"nofollow noopener\">Agencia Estatal de Meteorolog\u00eda (Aemet)<\/a>. De esta forma, tiene actualmente activas las siguientes alertas: alerta por lluvias nivel rojo en el litoral norte y sur de Valencia y naranja en el resto de la provincia; alerta por lluvias nivel amarillo en todo Castell\u00f3n y Alicante; alerta por tormentas nivel amarillo en el interior de Valencia y en las provincias de Castell\u00f3n y Alicante.\n    <\/p>\n<blockquote class=\"twitter-tweet\" data-lang=\"es\"><p><a href=\"https:\/\/twitter.com\/X\/status\/1999902359518879897?ref_src=twsrc%5Etfw\" rel=\"nofollow noopener\" target=\"_blank\"><\/p><\/blockquote>\n<p class=\"article-text\">\n        La hora prevista de comienzo del episodio meteorol\u00f3gico, seg\u00fan la predicci\u00f3n de la Agencia Estatal de Meteorolog\u00eda (AEMET), es a las 00.00 horas de este domingo en nivel naranja y a partir de las 12.00 horas de este domingo en nivel rojo.\n    <\/p>\n<p class=\"article-text\">\n        Ante esta previsi\u00f3n, Emergencias de la Generalitat ha enviado a las 19.24 horas un mensaje Es-Alert a la poblaci\u00f3n en ingl\u00e9s y en castellano en el que pide evitar desplazamientos, no cruzar zonas inundables, respetar los cortes de tr\u00e1fico, no realizar actividades en cauces y sus proximidades, y en caso de estar en zonas inundables, buscar zonas altas o pisos superiores.\n    <\/p>\n<blockquote class=\"twitter-tweet\" data-lang=\"es\"><p><a href=\"https:\/\/twitter.com\/X\/status\/1999909941541253304?ref_src=twsrc%5Etfw\" rel=\"nofollow noopener\" target=\"_blank\"><\/p><\/blockquote>\n<p class=\"article-text\">\n        El titular de Emergencias e Interior ha informado de que se ha producido \u201cun refuerzo de los dispositivos esenciales tanto los Consocios Provinciales de Bomberos, los Servicios de Prevenci\u00f3n, Extinci\u00f3n de Incendios y Salvamento (SPEIS) y tambi\u00e9n el 1\u00b71\u00b72 ante la posibilidad de que pueda haber lluvias acumuladas, como he comentado, de importancia\u201d.\n    <\/p>\n<p class=\"article-text\">\n        El conseller ha concretado que \u201cla recomendaci\u00f3n es que reduzcan la movilidad y que solamente realicen los desplazamientos que sean esenciales\u201d, y que \u201ctampoco crucen barrancos y cauces, aunque no exista agua en ese momento\u201d. Adem\u00e1s, seg\u00fan ha explicado Juan Carlos Valderrama hay que tener especial precauci\u00f3n \u201ccon las actividades al aire libre y tambi\u00e9n con las instalaciones port\u00e1tiles\u201d.\u00a0\n    <\/p>\n<p class=\"article-text\">\n        Por este motivo, el Centro de Coordinaci\u00f3n de Emergencias ha emitido hoy un nuevo aviso especial en el que se insta a los municipios en los que se realicen actividades al aire libre durante los d\u00edas que dure el episodio a que se tomen medidas de prevenci\u00f3n y protecci\u00f3n respecto a actividades especialmente vulnerables ante este tipo de fen\u00f3menos, como ferias navide\u00f1as, actividades deportivas, eventos culturales o cualquier otro evento con elementos desmontables o provisionales.\n    <\/p>\n<p class=\"article-text\">\n        Valderrama tambi\u00e9n ha destacado la importancia de \u201cestar especialmente vigilantes a la zona cero de la dana\u201d debido a la presencia de \u201cm\u00e1quinas que est\u00e1n actuando en barrancos y cauces\u201d. En este sentido, el conseller ha explicado que \u201cse ha transmitido un aviso especial para que se retire cualquier maquinaria que pueda estar afectada\u201d.\n    <\/p>\n<p class=\"article-text\">\n        Por \u00faltimo, Valderrama ha recomendado a la ciudadan\u00eda informarse a trav\u00e9s de los cauces oficiales como la web del 112, <a href=\"https:\/\/www.112cv.gva.es\/va\/\" data-mrf-recirculation=\"links-noticia\" class=\"link\" target=\"_blank\" rel=\"nofollow noopener\">www.112cv.gva.es<\/a>; la red X @GVA112 o a trav\u00e9s de la App GVA 112 Avisos (disponible en Google Play y App Store). Desde los municipios pueden acceder a la \u201cGu\u00eda de recomendaciones a los ayuntamientos para la toma de decisiones preventivas ante fen\u00f3menos meteorol\u00f3gicos adversos\u201d a trav\u00e9s del siguiente enlace:\u00a0\n    <\/p>\n<p class=\"article-text\">\n        <a href=\"https:\/\/www.112cv.gva.es\/documents\/163565706\/163566523\/GuiaRecomendacionesFMA_cas.pdf\/001008b1-2d70-af67-1ae5-5bf41f1727c6?t=1756380910004\" target=\"_blank\" data-mrf-recirculation=\"links-noticia\" class=\"link\" rel=\"nofollow noopener\">https:\/\/www.112cv.gva.es\/documents\/163565706\/163566523\/GuiaRecomendacionesFMA_cas.pdf\/001008b1-2d70-af67-1ae5-5bf41f1727c6?t=1756380910004<\/a>\n    <\/p>\n<p class=\"article-text\">\n        El presidente del Gobierno valenciano, Juan Francisco P\u00e9rez Llorca, ha pedido precauci\u00f3n a trav\u00e9s de sus redes sociales: \u201cEl Centro de Coordinaci\u00f3n de Emergencias ha emitido alertas nivel naranja por lluvias y tormentas en la provincia de Valencia y amarillo por lluvias y tormentas en las provincias de Castell\u00f3n y Alicante. El comienzo del aviso est\u00e1 previsto a las 00:00h hora del 14\/12\/2025. Debemos seguir atentos a las indicaciones del @GVA112  y de los servicios de emergencias\u201d\n    <\/p>\n<blockquote class=\"twitter-tweet\" data-lang=\"es\"><p><a href=\"https:\/\/twitter.com\/X\/status\/1999868271722369442?ref_src=twsrc%5Etfw\" rel=\"nofollow noopener\" target=\"_blank\"><\/p><\/blockquote>\n<p class=\"article-text\">\n        Por su parte, la vicepresidenta tercera del Gobierno y ministra de Transici\u00f3n Ecol\u00f3gica, Sara Aagesen, ha contactado en las \u00faltimas horas con los presidentes de la Comunitat Valenciana y de Andaluc\u00eda ante la activaci\u00f3n de avisos rojos por fen\u00f3menos meteorol\u00f3gicos adversos.\n    <\/p>\n<p class=\"article-text\">\n        La vicepresidenta ha trasladado que tanto ella misma como su equipo est\u00e1n siguiendo con atenci\u00f3n la evoluci\u00f3n de la situaci\u00f3n meteorol\u00f3gica en sus territorios y se ha puesto a disposici\u00f3n para atender cualquier necesidad. El Gobierno hace un llamamiento a la poblaci\u00f3n para que siga en todo momento la informaci\u00f3n de la Aemet y las indicaciones de los servicios de emergencia.\n    <\/p>\n<p>    Val\u00e8ncia cierra parques y cementerios<\/p>\n<p class=\"article-text\">\n        El Ayuntamiento de Val\u00e8ncia ha establecido para este domingo, a partir de las 08:00 horas, el cierre de los parques, jardines y cementerios de la ciudad ante la alerta por lluvias que ha establecido el Centro de Coordinaci\u00f3n de Emergencias de la Generalitat. Tambi\u00e9n se han suspendido todas las actividades de animaci\u00f3n navide\u00f1a en la v\u00eda p\u00fablica.\n    <\/p>\n<p class=\"article-text\">\n        Asimismo, se suspenden ma\u00f1ana las actividades deportivas al aire libre y se activa el Centro de Acogida de Emergencia Social del Carmen (CAES) de emergencia clim\u00e1tica del barrio de El Carmen.\n    <\/p>\n<p class=\"article-text\">\n        El Consistorio pide asimismo que se eviten desplazamientos no esenciales y conducir salvo que sea necesario; quedarse en un lugar seguro; evitar totalmente las zonas inundables como r\u00edos, barrancos y ramblas; tener preparado un &#8216;kit&#8217; de emergencia; evitar bajos y garajes y subir a zonas altas y asegurar enseres esenciales e informarse de la evoluci\u00f3n de las alertas en canales oficiales.\n    <\/p>\n<p>                                    <script async src=\"https:\/\/platform.twitter.com\/widgets.js\" charset=\"utf-8\"><\/script><\/p>\n","protected":false},"excerpt":{"rendered":"El conseller de Emergencias e Interior, Juan Carlos Valderrama, ha presidido este s\u00e1bado en el Centro de Coordinaci\u00f3n&hellip;\n","protected":false},"author":2,"featured_media":287062,"comment_status":"","ping_status":"","sticky":false,"template":"","format":"standard","meta":{"footnotes":""},"categories":[8],"tags":[517,2206,1705,17,18,3965,242,25,24,13,14,11,1667,19,20,9,10,15,16,1925,23,12,21,22,235],"class_list":{"0":"post-287061","1":"post","2":"type-post","3":"status-publish","4":"format-standard","5":"has-post-thumbnail","7":"category-espana","8":"tag-actualidad","9":"tag-alicante","10":"tag-analisis","11":"tag-breaking-news","12":"tag-breakingnews","13":"tag-castellon","14":"tag-comunidad-valenciana","15":"tag-es","16":"tag-espana","17":"tag-featured-news","18":"tag-featurednews","19":"tag-headlines","20":"tag-informacion","21":"tag-latest-news","22":"tag-latestnews","23":"tag-news","24":"tag-noticias","25":"tag-noticias-destacadas","26":"tag-noticiasdestacadas","27":"tag-opinion","28":"tag-spain","29":"tag-titulares","30":"tag-ultimas-noticias","31":"tag-ultimasnoticias","32":"tag-valencia"},"share_on_mastodon":{"url":"https:\/\/pubeurope.com\/@es\/115715349211836559","error":""},"_links":{"self":[{"href":"https:\/\/www.europesays.com\/es\/wp-json\/wp\/v2\/posts\/287061","targetHints":{"allow":["GET"]}}],"collection":[{"href":"https:\/\/www.europesays.com\/es\/wp-json\/wp\/v2\/posts"}],"about":[{"href":"https:\/\/www.europesays.com\/es\/wp-json\/wp\/v2\/types\/post"}],"author":[{"embeddable":true,"href":"https:\/\/www.europesays.com\/es\/wp-json\/wp\/v2\/users\/2"}],"replies":[{"embeddable":true,"href":"https:\/\/www.europesays.com\/es\/wp-json\/wp\/v2\/comments?post=287061"}],"version-history":[{"count":0,"href":"https:\/\/www.europesays.com\/es\/wp-json\/wp\/v2\/posts\/287061\/revisions"}],"wp:featuredmedia":[{"embeddable":true,"href":"https:\/\/www.europesays.com\/es\/wp-json\/wp\/v2\/media\/287062"}],"wp:attachment":[{"href":"https:\/\/www.europesays.com\/es\/wp-json\/wp\/v2\/media?parent=287061"}],"wp:term":[{"taxonomy":"category","embeddable":true,"href":"https:\/\/www.europesays.com\/es\/wp-json\/wp\/v2\/categories?post=287061"},{"taxonomy":"post_tag","embeddable":true,"href":"https:\/\/www.europesays.com\/es\/wp-json\/wp\/v2\/tags?post=287061"}],"curies":[{"name":"wp","href":"https:\/\/api.w.org\/{rel}","templated":true}]}}