{"id":287112,"date":"2025-12-14T02:29:09","date_gmt":"2025-12-14T02:29:09","guid":{"rendered":"https:\/\/www.europesays.com\/es\/287112\/"},"modified":"2025-12-14T02:29:09","modified_gmt":"2025-12-14T02:29:09","slug":"tres-victorias-seguidas-de-un-athletic-que-sigue-lanzado","status":"publish","type":"post","link":"https:\/\/www.europesays.com\/es\/287112\/","title":{"rendered":"Tres victorias seguidas de un Athletic que sigue lanzado"},"content":{"rendered":"<p data-gtm-element-container=\"modulo-texto-link\" class=\"paragraph\">Al <strong>Athletic <\/strong>se le va a quedar corto este 2025 porque ha metido la directa. Las rojiblancas tiraron de una <strong>versi\u00f3n muy seria<\/strong> para anotarse los tres puntos en su visita al <strong>Madrid CFF (0-2)<\/strong> en su \u00faltima cita liguera del a\u00f1o. Por delante aparece, eso s\u00ed, la eliminatoria de octavos de <strong>Copa <\/strong>frente al <strong>Europa<\/strong>. A las de <strong>Lerga <\/strong>les cost\u00f3 arrancar, sin embargo ahora encadenan <strong>siete jornadas sin caer y tres triunfos consecutivos<\/strong> con los que miran descaradamente hacia arriba.<\/p>\n<p data-gtm-element-container=\"modulo-texto-link\" class=\"paragraph\">Desde el principio se vio al <strong>Athletic <\/strong>con m\u00e1s intensidad, m\u00e1s activo en los duelos. El Madrid CFF, cierto es, avis\u00f3 con un par de disparos de <strong>Marcetto <\/strong>y de <strong>Alba Ruiz<\/strong> poco peligrosos. <strong>Valero <\/strong>s\u00ed prob\u00f3 a <strong>Paola <\/strong>con un potente chut desde la frontal que la meta desvi\u00f3 a c\u00f3rner cerca del cuarto de hora. La r\u00e9plica local la puso <strong>Marcetto <\/strong>en un cabezazo que se encontr\u00f3 con <strong>Nanclares<\/strong>.<\/p>\n<p>    Lee tambi\u00e9n<\/p>\n<p data-gtm-element-container=\"modulo-texto-link\" class=\"paragraph\">Las leonas le fueron tomando el pulso a la contienda hasta hacerse con el control. Ayud\u00f3 el intercambio de bandas de <strong>Agote <\/strong>y <strong>Ortega<\/strong>. A partir de ah\u00ed, el Athletic gener\u00f3 m\u00e1s peligro por la diestra. La propia <strong>Agote <\/strong>avis\u00f3 en el 43\u2019 con un <strong>disparo a la madera<\/strong> tras un gran pase de <strong>Ba\u00f1os<\/strong> y, un minuto m\u00e1s tarde, lleg\u00f3 el premio. <strong>Landaluze <\/strong>filtr\u00f3 en profundidad para la carrera de <strong>Gurtubay<\/strong>, <strong>Paola <\/strong>midi\u00f3 mal en la salida y la canterana clav\u00f3 el cuero en la red sin ning\u00fan \u00e1ngulo. La deustuarra debut\u00f3 la pasada semana con el cuadro bilba\u00edno y en su segundo partido ya ha estrenado su cuenta.<\/p>\n<p data-gtm-element-container=\"modulo-texto-link\" class=\"paragraph\">El Madrid CFF, que encadenaba tres victorias en fila, intent\u00f3 dar un paso adelante tras el descanso desde la posesi\u00f3n. Un espejismo. El tiempo que tardaron en volver a conectar <strong>Agote <\/strong>y <strong>Elexpuru <\/strong>por la derecha, m\u00e1s las ca\u00eddas de una <strong>Azkona <\/strong>que lo intent\u00f3 con un lanzamiento cruzado que sac\u00f3 la arquera con el pie. Las leonas no permitieron ninguna transici\u00f3n de las locales. Si hab\u00eda que hacer falta, se hac\u00eda.<\/p>\n<p><strong>MADRID CFF:<\/strong><br \/>\u200bPaola; Hickmann (Marina, min. 61), Villafa\u00f1e, Mendoza; Alba Ruiz (Allegra, min. 61), Esther, Antonsdottir (Aymerich, min. 86), Melgard; Sosa, Andonova (B\u00e1rbara, min. 61); y Marcetto.<\/p>\n<p><strong>ATHLETIC:<\/strong><br \/>\u200bNanclares; Elexpuru, Landaluze (Maddi, min. 86), Bibi, Nevado; Valero, Ba\u00f1os (Zubieta, min. 75); Ortega, Gurtubay (Pinedo, min. 46), Agote (Vilari\u00f1o, min. 90); y Azkona (Eider, min. 86).<\/p>\n<p><strong>GOLES:<\/strong>\u00a00-1, Gurtubay (min. 44); 0-2, Agote (min. 82).<\/p>\n<p><strong>\u00c1RBITRA:\u00a0<\/strong>Andrea F\u00edrvida (Colegio Gallego). Expuls\u00f3 por doble amonestaci\u00f3n a la jugadora local Esther (min. 68). Amarilla a Andonova; y a Agote y Ba\u00f1os.<\/p>\n<p>\n                ver ficha partido\n            <\/p>\n<p data-gtm-element-container=\"modulo-texto-link\" class=\"paragraph\">Todav\u00eda m\u00e1s de cara se le puso al <strong>Athletic <\/strong>en el 68\u2019 con la <strong>expulsi\u00f3n de Esther<\/strong> por doble amonestaci\u00f3n. El <strong>Madrid CFF<\/strong> solo inquiet\u00f3, y levemente, con alg\u00fan centro lateral. <strong>Nanclares <\/strong>vivi\u00f3 pl\u00e1cidamente todo el segundo acto, no tuvo que intervenir. La tranquilidad para las de <strong>Lerga <\/strong>la puso <strong>Agote <\/strong>para abrochar una destacada actuaci\u00f3n individual. <strong>Azkona <\/strong>prolong\u00f3 con la testa y la extremo conect\u00f3 una potente volea para atar la victoria.<\/p>\n","protected":false},"excerpt":{"rendered":"Al Athletic se le va a quedar corto este 2025 porque ha metido la directa. Las rojiblancas tiraron&hellip;\n","protected":false},"author":2,"featured_media":287113,"comment_status":"","ping_status":"","sticky":false,"template":"","format":"standard","meta":{"footnotes":""},"categories":[268],"tags":[168,25,24,280,282,281,23,167],"class_list":{"0":"post-287112","1":"post","2":"type-post","3":"status-publish","4":"format-standard","5":"has-post-thumbnail","7":"category-futbol","8":"tag-deportes","9":"tag-es","10":"tag-espana","11":"tag-football","12":"tag-futbol","13":"tag-soccer","14":"tag-spain","15":"tag-sports"},"share_on_mastodon":{"url":"https:\/\/pubeurope.com\/@es\/115715569541586243","error":""},"_links":{"self":[{"href":"https:\/\/www.europesays.com\/es\/wp-json\/wp\/v2\/posts\/287112","targetHints":{"allow":["GET"]}}],"collection":[{"href":"https:\/\/www.europesays.com\/es\/wp-json\/wp\/v2\/posts"}],"about":[{"href":"https:\/\/www.europesays.com\/es\/wp-json\/wp\/v2\/types\/post"}],"author":[{"embeddable":true,"href":"https:\/\/www.europesays.com\/es\/wp-json\/wp\/v2\/users\/2"}],"replies":[{"embeddable":true,"href":"https:\/\/www.europesays.com\/es\/wp-json\/wp\/v2\/comments?post=287112"}],"version-history":[{"count":0,"href":"https:\/\/www.europesays.com\/es\/wp-json\/wp\/v2\/posts\/287112\/revisions"}],"wp:featuredmedia":[{"embeddable":true,"href":"https:\/\/www.europesays.com\/es\/wp-json\/wp\/v2\/media\/287113"}],"wp:attachment":[{"href":"https:\/\/www.europesays.com\/es\/wp-json\/wp\/v2\/media?parent=287112"}],"wp:term":[{"taxonomy":"category","embeddable":true,"href":"https:\/\/www.europesays.com\/es\/wp-json\/wp\/v2\/categories?post=287112"},{"taxonomy":"post_tag","embeddable":true,"href":"https:\/\/www.europesays.com\/es\/wp-json\/wp\/v2\/tags?post=287112"}],"curies":[{"name":"wp","href":"https:\/\/api.w.org\/{rel}","templated":true}]}}