{"id":287125,"date":"2025-12-14T02:40:21","date_gmt":"2025-12-14T02:40:21","guid":{"rendered":"https:\/\/www.europesays.com\/es\/287125\/"},"modified":"2025-12-14T02:40:21","modified_gmt":"2025-12-14T02:40:21","slug":"orange-sella-el-acuerdo-final-para-comprar-el-50-de-masorange-a-los-fondos-kkr-cinven-y-providence","status":"publish","type":"post","link":"https:\/\/www.europesays.com\/es\/287125\/","title":{"rendered":"Orange sella el acuerdo final para comprar el 50% de MasOrange a los fondos KKR, Cinven y Providence"},"content":{"rendered":"<p class=\"article-text\">\n        El grupo franc\u00e9s de telecomunicaciones Orange ha firmado este viernes un acuerdo vinculante para adquirir la participaci\u00f3n del 50% de MasOrange que pose\u00edan a\u00fan los fondos KKR, Cinven y Providence por 4.250 millones de euros, lo que refrenda el primer pacto alcanzado el pasado 31 de octubre.\n    <\/p>\n<p class=\"article-text\">\n        En un comunicado, Orange ha destacado que la operaci\u00f3n \u201cconfirma su compromiso industrial a largo plazo en Espa\u00f1a\u201d, pues consigue as\u00ed tomar el control del cien por cien de MasOrange, puesto que ya contaba con la otra mitad.\n    <\/p>\n<p class=\"article-text\">\n        La empresa francesa asegura que tiene \u201cconfianza\u201d en la capacidad de MasOrange y su equipo directivo para crear valor para todas las partes interesadas una vez se consiga la plena integraci\u00f3n del operador.\n    <\/p>\n<p class=\"article-text\">\n        Seg\u00fan Orange, se espera que la transacci\u00f3n se complete durante el primer semestre de 2026, sujeta a las autorizaciones reglamentarias habituales y otras condiciones de cierre.\n    <\/p>\n<p class=\"article-text\">\n        Al cierre del mes de septiembre, MasOrange ten\u00eda m\u00e1s de 33 millones de l\u00edneas, de las que 26,2 millones eran de m\u00f3vil y unas 7,2 millones de banda ancha fija, de las cuales casi 7 millones eran de fibra \u00f3ptica, seg\u00fan explic\u00f3 la propia firma al presentar sus resultados del tercer trimestre.\n    <\/p>\n<p class=\"article-text\">\n        Durante los primeros nueve meses de 2025, MasOrange ingres\u00f3 5.664 millones de euros, el 3,7% m\u00e1s que el a\u00f1o anterior, mientras que su ebitda (beneficio bruto de explotaci\u00f3n) ajustado se increment\u00f3 en m\u00e1s de un 8 %, al alcanzar los 2.195 millones de euros, lo que supuso el sexto trimestre consecutivo de crecimiento desde su creaci\u00f3n.\n    <\/p>\n<p>    Salida a bolsa<\/p>\n<p class=\"article-text\">\n        El cierre de la fusi\u00f3n entre M\u00e1sM\u00f3vil y Orange en Espa\u00f1a, una operaci\u00f3n valorada en unos 18.600 millones de euros, se produjo a finales de marzo de 2024 y el acuerdo inclu\u00eda una serie de condiciones en torno a la posibilidad de que Orange tomase el control de la nueva empresa entre los 24 y los 42 meses posteriores a la conclusi\u00f3n de la transacci\u00f3n.\n    <\/p>\n<p class=\"article-text\">\n        Otra de las cl\u00e1usulas apuntaba que la salida a Bolsa de la compa\u00f1\u00eda estar\u00eda bloqueada durante los dos a\u00f1os posteriores al cierre de la operaci\u00f3n, es decir, hasta abril de 2026.\n    <\/p>\n<p>    La mayor teleco por volumen de clientes <\/p>\n<p class=\"article-text\">\n        La fusi\u00f3n de M\u00e1sM\u00f3vil y Orange supuso, adem\u00e1s de la creaci\u00f3n de la principal teleco en Espa\u00f1a por volumen de clientes, con 37 millones entre banda ancha y m\u00f3vil (33 millones a cierre de septiembre), el refuerzo de Digi, que ya es la cuarta operadora en el pa\u00eds. Sobre esto \u00faltimo, la aprobaci\u00f3n de la fusi\u00f3n por parte de Bruselas estuvo sometida a determinadas condiciones (&#8216;remedies&#8217;) que beneficiaron a Digi.\n    <\/p>\n<p class=\"article-text\">\n        En concreto, la operadora rumana cerr\u00f3 un acuerdo de 120 millones de euros con M\u00e1sM\u00f3vil para la adquisici\u00f3n de un total de 60 megahercios (MHz) de espacio radioel\u00e9ctrico en distintas bandas de frecuencia.\n    <\/p>\n<p class=\"article-text\">\n        Adem\u00e1s, Digi cerr\u00f3 otro acuerdo con Orange por el que esta \u00faltima le conced\u00eda a la operadora rumana la opci\u00f3n de celebrar en el futuro un \u201cacuerdo de servicio de itinerancia nacional\u201d para la prestaci\u00f3n por parte de Orange a Digi de un servicio mayorista.\n    <\/p>\n<p>    <a href=\"https:\/\/www.eldiario.es\/economia\/claves-masorange-nuevo-gigante-telecomunicaciones-marcas-tarifas-mantienen_1_11260843.html\" data-mrf-recirculation=\"saber-mas-abajo\" data-dl-event=\"saber-mas-abajo\" rel=\"nofollow noopener\" target=\"_blank\"><\/p>\n<p class=\"know-more__title\">Las claves de M\u00e1sOrange, el nuevo gigante de las telecomunicaciones: \u201cLas marcas y sus tarifas se mantienen\u201d\n<\/p>\n<p>            <img decoding=\"async\" class=\"lazy\" loading=\"lazy\" data-src=\"https:\/\/static.eldiario.es\/clip\/5a8b166f-0e8f-4859-af74-9d4c99d1a24c_16-9-aspect-ratio_default_0.jpg\" src=\"data:image\/svg+xml,%3Csvg xmlns=\" http:=\"\" viewbox=\"0 0 880 495\" alt=\"Las claves de M\u00e1sOrange, el nuevo gigante de las telecomunicaciones: \u201cLas marcas y sus tarifas se mantienen\u201d\"\/><\/p>\n<p>                        <\/a><\/p>\n<p class=\"article-text\">\n        Cabe se\u00f1alar tambi\u00e9n que poco despu\u00e9s del cierre de la fusi\u00f3n de Orange y M\u00e1sM\u00f3vil <a href=\"https:\/\/www.eldiario.es\/economia\/masorange-arranca-negociaciones-ere-afectara-795-personas-sindicatos-rechazan_1_11658574.html\" target=\"_blank\" data-mrf-recirculation=\"links-noticia\" class=\"link\" rel=\"nofollow noopener\">se llev\u00f3 a cabo un expediente de regulaci\u00f3n de empleo<\/a> (ERE) que finalmente se sald\u00f3 con la salida de 609 trabajadores (473 salidas voluntarias y 136 despidos forzosos).\n    <\/p>\n","protected":false},"excerpt":{"rendered":"El grupo franc\u00e9s de telecomunicaciones Orange ha firmado este viernes un acuerdo vinculante para adquirir la participaci\u00f3n del&hellip;\n","protected":false},"author":2,"featured_media":287126,"comment_status":"","ping_status":"","sticky":false,"template":"","format":"standard","meta":{"footnotes":""},"categories":[80],"tags":[1721,945,82,69090,1410,95,94,25,24,1058,20085,25450,13913,12800,69091,16719,23],"class_list":{"0":"post-287125","1":"post","2":"type-post","3":"status-publish","4":"format-standard","5":"has-post-thumbnail","7":"category-economia","8":"tag-1721","9":"tag-acuerdo","10":"tag-business","11":"tag-cinven","12":"tag-comprar","13":"tag-economia","14":"tag-economy","15":"tag-es","16":"tag-espana","17":"tag-final","18":"tag-fondos","19":"tag-kkr","20":"tag-masorange","21":"tag-orange","22":"tag-providence","23":"tag-sella","24":"tag-spain"},"share_on_mastodon":{"url":"https:\/\/pubeurope.com\/@es\/115715612670940995","error":""},"_links":{"self":[{"href":"https:\/\/www.europesays.com\/es\/wp-json\/wp\/v2\/posts\/287125","targetHints":{"allow":["GET"]}}],"collection":[{"href":"https:\/\/www.europesays.com\/es\/wp-json\/wp\/v2\/posts"}],"about":[{"href":"https:\/\/www.europesays.com\/es\/wp-json\/wp\/v2\/types\/post"}],"author":[{"embeddable":true,"href":"https:\/\/www.europesays.com\/es\/wp-json\/wp\/v2\/users\/2"}],"replies":[{"embeddable":true,"href":"https:\/\/www.europesays.com\/es\/wp-json\/wp\/v2\/comments?post=287125"}],"version-history":[{"count":0,"href":"https:\/\/www.europesays.com\/es\/wp-json\/wp\/v2\/posts\/287125\/revisions"}],"wp:featuredmedia":[{"embeddable":true,"href":"https:\/\/www.europesays.com\/es\/wp-json\/wp\/v2\/media\/287126"}],"wp:attachment":[{"href":"https:\/\/www.europesays.com\/es\/wp-json\/wp\/v2\/media?parent=287125"}],"wp:term":[{"taxonomy":"category","embeddable":true,"href":"https:\/\/www.europesays.com\/es\/wp-json\/wp\/v2\/categories?post=287125"},{"taxonomy":"post_tag","embeddable":true,"href":"https:\/\/www.europesays.com\/es\/wp-json\/wp\/v2\/tags?post=287125"}],"curies":[{"name":"wp","href":"https:\/\/api.w.org\/{rel}","templated":true}]}}