{"id":287131,"date":"2025-12-14T02:43:08","date_gmt":"2025-12-14T02:43:08","guid":{"rendered":"https:\/\/www.europesays.com\/es\/287131\/"},"modified":"2025-12-14T02:43:08","modified_gmt":"2025-12-14T02:43:08","slug":"francia-ganadora-con-mucha-diferencia-e-irlanda-en-ultimo-lugar","status":"publish","type":"post","link":"https:\/\/www.europesays.com\/es\/287131\/","title":{"rendered":"Francia ganadora con mucha diferencia e Irlanda en \u00faltimo lugar"},"content":{"rendered":"<p class=\"c-paragraph\"><a href=\"https:\/\/www.20minutos.es\/tags\/temas\/eurovision-junior.html\" title=\"Eurovisi\u00f3n Junior\" rel=\"nofollow noopener\" target=\"_blank\">Eurovisi\u00f3n J\u00fanior<\/a> celebr\u00f3 este s\u00e1bado 13 de diciembre su \u00faltima edici\u00f3n, en la que Espa\u00f1a participaba, abanderada por Gonzalo Pinillos. Sin embargo, <a href=\"https:\/\/www.20minutos.es\/television\/eurovision-junior-2025-directo-espana-compite-con-musical-gonzalo-pinillos-una-edicion-que-no-participa-israel_6910154_6.html\" rel=\"nofollow noopener\" target=\"_blank\"><b>la victoria se la llev\u00f3 finalmente Francia<\/b><\/a>, por lo que empata con Georgia en ser el pa\u00eds con m\u00e1s trofeos de la edici\u00f3n infantil: un total de cuatro.<\/p>\n<p class=\"c-paragraph\">Francia logr\u00f3 el favor del jurado y del p\u00fablico y sum\u00f3 un total de 248 puntos, muy lejos de la plata que se llev\u00f3 Ucrania con sus 177 votos. Georgia, regi\u00f3n anfitriona, logr\u00f3 el bronce por un \u00fanico punto; seguida, tambi\u00e9n por un punto, de Armenia.<\/p>\n<p class=\"c-paragraph\">Algo m\u00e1s lejos, <b>con 152, qued\u00f3 Espa\u00f1a en un nada desde\u00f1able quinto puesto<\/b>, sobre todo gracias a la opini\u00f3n de los jurados profesionales de distintos pa\u00edses.<\/p>\n<p class=\"c-paragraph\"><b>Por tanto, el ranking\u00a0final de los 18 pa\u00edses qued\u00f3 as\u00ed:\u00a0<\/b><\/p>\n<ol>\n<li>Francia &#8211; 248 puntos<\/li>\n<li>Ucrania &#8211; 177<\/li>\n<li>Georgia &#8211; 176<\/li>\n<li>Armenia &#8211; 175<\/li>\n<li>Espa\u00f1a &#8211; 152<\/li>\n<li>Albania &#8211; 145<\/li>\n<li>Macedonia del Norte &#8211; 141<\/li>\n<li>Polonia &#8211; 139<\/li>\n<li>San Marino &#8211; 125<\/li>\n<li>Pa\u00edses Bajos &#8211; 93<\/li>\n<li>Malta &#8211; 92<\/li>\n<li>Italia &#8211; 73<\/li>\n<li>Portugal &#8211; 73<\/li>\n<li>Croacia &#8211; 70<\/li>\n<li>Azerbaiy\u00e1n &#8211; 66<\/li>\n<li>Chipre &#8211; 50<\/li>\n<li>Montenegro &#8211; 49<\/li>\n<li>Irlanda &#8211; 44<\/li>\n<\/ol>\n","protected":false},"excerpt":{"rendered":"Eurovisi\u00f3n J\u00fanior celebr\u00f3 este s\u00e1bado 13 de diciembre su \u00faltima edici\u00f3n, en la que Espa\u00f1a participaba, abanderada por&hellip;\n","protected":false},"author":2,"featured_media":287132,"comment_status":"","ping_status":"","sticky":false,"template":"","format":"standard","meta":{"footnotes":""},"categories":[5],"tags":[17,18,25,24,7179,13,14,1058,1080,11,19,20,9,10,15,16,6817,6746,23,12,21,22],"class_list":{"0":"post-287131","1":"post","2":"type-post","3":"status-publish","4":"format-standard","5":"has-post-thumbnail","7":"category-titulares","8":"tag-breaking-news","9":"tag-breakingnews","10":"tag-es","11":"tag-espana","12":"tag-este","13":"tag-featured-news","14":"tag-featurednews","15":"tag-final","16":"tag-ha","17":"tag-headlines","18":"tag-latest-news","19":"tag-latestnews","20":"tag-news","21":"tag-noticias","22":"tag-noticias-destacadas","23":"tag-noticiasdestacadas","24":"tag-ranking","25":"tag-sido","26":"tag-spain","27":"tag-titulares","28":"tag-ultimas-noticias","29":"tag-ultimasnoticias"},"share_on_mastodon":{"url":"https:\/\/pubeurope.com\/@es\/115715624261582145","error":""},"_links":{"self":[{"href":"https:\/\/www.europesays.com\/es\/wp-json\/wp\/v2\/posts\/287131","targetHints":{"allow":["GET"]}}],"collection":[{"href":"https:\/\/www.europesays.com\/es\/wp-json\/wp\/v2\/posts"}],"about":[{"href":"https:\/\/www.europesays.com\/es\/wp-json\/wp\/v2\/types\/post"}],"author":[{"embeddable":true,"href":"https:\/\/www.europesays.com\/es\/wp-json\/wp\/v2\/users\/2"}],"replies":[{"embeddable":true,"href":"https:\/\/www.europesays.com\/es\/wp-json\/wp\/v2\/comments?post=287131"}],"version-history":[{"count":0,"href":"https:\/\/www.europesays.com\/es\/wp-json\/wp\/v2\/posts\/287131\/revisions"}],"wp:featuredmedia":[{"embeddable":true,"href":"https:\/\/www.europesays.com\/es\/wp-json\/wp\/v2\/media\/287132"}],"wp:attachment":[{"href":"https:\/\/www.europesays.com\/es\/wp-json\/wp\/v2\/media?parent=287131"}],"wp:term":[{"taxonomy":"category","embeddable":true,"href":"https:\/\/www.europesays.com\/es\/wp-json\/wp\/v2\/categories?post=287131"},{"taxonomy":"post_tag","embeddable":true,"href":"https:\/\/www.europesays.com\/es\/wp-json\/wp\/v2\/tags?post=287131"}],"curies":[{"name":"wp","href":"https:\/\/api.w.org\/{rel}","templated":true}]}}