{"id":287135,"date":"2025-12-14T02:52:17","date_gmt":"2025-12-14T02:52:17","guid":{"rendered":"https:\/\/www.europesays.com\/es\/287135\/"},"modified":"2025-12-14T02:52:17","modified_gmt":"2025-12-14T02:52:17","slug":"once-jugadores-acaban-contrato-en-junio","status":"publish","type":"post","link":"https:\/\/www.europesays.com\/es\/287135\/","title":{"rendered":"once jugadores acaban contrato en junio"},"content":{"rendered":"<p class=\"ft-text ft-helper-closenews\"><strong>Unas navidades marcadas por el papeleo<\/strong> en las oficinas de la <a class=\"ft-link ft-link--decoration\" href=\"https:\/\/www.laprovincia.es\/ud-las-palmas\/\" rel=\"nofollow noopener\" target=\"_blank\">UD Las Palmas<\/a>, y en el horizonte,<strong> el quebradero de cabeza por los once jugadores<\/strong> que en el mes de junio finalizan contrato con la entidad amarilla. La hoja de ruta por la reconstrucci\u00f3n incluye tambi\u00e9n <strong>el nombre de <\/strong><a class=\"ft-link ft-link--decoration\" href=\"https:\/\/www.laprovincia.es\/tags\/enrique-clemente\/\" rel=\"nofollow noopener\" target=\"_blank\"><strong>Enrique Clemente<\/strong><\/a><strong>, <\/strong>que ha sido el primero en renovar de los que finalizan contrato. El club, satisfecho con el rendimiento del ma\u00f1o (15 partidos, 2 goles y una asistencia)<a class=\"ft-link ft-link--decoration\" href=\"https:\/\/www.laprovincia.es\/ud-las-palmas\/2025\/12\/12\/nueva-ud-palmas-toma-cuerpo-124720533.html\" rel=\"nofollow noopener\" target=\"_blank\"> ya ampli\u00f3 su contrat\u00f3 por tres temporadas m\u00e1s,<\/a> hasta 2029.<strong> <\/strong><strong>Barcia<\/strong><strong>, que lleg\u00f3 en calidad de cedido,<\/strong> tiene una opci\u00f3n de compra que<a class=\"ft-link ft-link--decoration\" href=\"https:\/\/www.laprovincia.es\/ud-las-palmas\/2025\/10\/08\/negocio-barcia-ud-palmas-asume-122388298.html\" rel=\"nofollow noopener\" target=\"_blank\"> desde el club han decidido asumir <\/a>por una cuant\u00eda de 1,5 millones de euros.<\/p>\n<p><img decoding=\"async\" src=\"https:\/\/www.europesays.com\/es\/wp-content\/uploads\/2025\/12\/e3f2d213-94b5-44fe-a21d-60ad660145c2_alta-libre-aspect-ratio_default_0.jpg\" width=\"1200\" height=\"800\" alt=\"Enrique Clemente abraza a Jonathan Viera tras el descanso\" class=\"ft-helper-img-rd\" loading=\"lazy\"\/><\/p>\n<p class=\"ft-helper-fontColor-quaternary ft-helper-fontSize-body-S ft-helper-spacer-t-xxs\">Enrique Clemente abraza a Jonathan Viera tras el descanso  \/ Jose Carlos Guerra<\/p>\n<p class=\"ft-text\">En calidad de cedido est\u00e1n tambi\u00e9n<strong> <\/strong><strong>Milos Lukovic<\/strong><strong> y <\/strong><strong>Lorenzo Amatucci<\/strong><strong>, <\/strong>aunque en este caso <strong>ninguno de los dos tiene opci\u00f3n de compra,<\/strong> por lo que al terminar la presente temporada volver\u00e1n a sus respectivos equipos \u2014Racing Club de Estrasburgo y la Fiorentina\u2014, dejando a la UD hu\u00e9rfana en las posiciones que ocupan. <strong>Tambi\u00e9n <\/strong><a class=\"ft-link ft-link--decoration\" href=\"https:\/\/www.laprovincia.es\/tags\/mika-marmol\/\" rel=\"nofollow noopener\" target=\"_blank\"><strong>Mika M\u00e1rmol<\/strong><\/a><strong> dejar\u00e1 un vac\u00edo en el centro de la defensa amarilla. <\/strong>Junto a Barcia es uno de los mejores centrales de la Segunda Divisi\u00f3n, pero l<a class=\"ft-link ft-link--decoration\" href=\"https:\/\/www.laprovincia.es\/ud-las-palmas\/2025\/11\/17\/mika-marmol-aleja-ud-palmas-123797763.html\" rel=\"nofollow noopener\" target=\"_blank\">as ofertas tentadoras que ha recibido <\/a>en los \u00faltimos meses desde Italia le hacen estar cada vez m\u00e1s lejos de Gran Canaria, sin importar que la UD suba a la m\u00e1xima categor\u00eda o no. <strong>Una cr\u00f3nica de un adi\u00f3s anunciado. <\/strong><\/p>\n<p class=\"ft-text\"><strong>El guardameta <\/strong><strong>Churripi<\/strong><strong>, <\/strong>si desde el club no lo impiden, tambi\u00e9n se despedir\u00e1 de la afici\u00f3n grancanaria en el mes de junio. El lunes ante el Mirand\u00e9s se estren\u00f3 en Liga con la UD tras la expulsi\u00f3n de Dinko \u2014ya hab\u00eda debutado en la Copa del Rey, en una noche de fracaso que poco tuvo que ver con la que disfrut\u00f3 en la competici\u00f3n dom\u00e9stica\u2014. Hoy, en Ceuta, volver\u00e1 a <strong>demostrar sus galones bajo los tres palos<\/strong> con el objetivo de alargar su estancia como amarillo y rifarse el puesto con Horkas.<\/p>\n<p>El enigma de los delanteros<\/p>\n<p class=\"ft-text\">Habr\u00e1 deberes tambi\u00e9n con l<strong>a delantera de Luis Garc\u00eda,<\/strong> ya que Jaime Mata, <a class=\"ft-link ft-link--decoration\" href=\"https:\/\/www.laprovincia.es\/tags\/marc-cardona\/\" rel=\"nofollow noopener\" target=\"_blank\">Marc Cardona<\/a> y <a class=\"ft-link ft-link--decoration\" href=\"https:\/\/www.laprovincia.es\/tags\/jese\/\" rel=\"nofollow noopener\" target=\"_blank\">Jes\u00e9 Rodr\u00edguez<\/a> afrontan <strong>sus \u00faltimos meses como jugadores de la UD Las Palmas. <\/strong> Ninguno de los tres ha tenido protagonismo en las primeras 17 jornadas que se han disputado, quedando en un segundo e incluso tercer plano en cuanto a las pizarras t\u00e1cticas del ovetense, <strong>quien ha esquivado, sobre todo, la presencia del catal\u00e1n y el madrile\u00f1o. <\/strong>El grancanario, aunque ha disputado 8 partidos, todas sus <strong>aportaciones han sido m\u00ednimas<\/strong> a excepci\u00f3n del duelo ante el Albacete, cuando hizo su r\u00e9cord con 26 minutos.<\/p>\n<p><img decoding=\"async\" src=\"https:\/\/www.europesays.com\/es\/wp-content\/uploads\/2025\/12\/276d7338-fff4-40ba-992c-3ec7d5fda038_alta-libre-aspect-ratio_default_0.jpg\" width=\"1200\" height=\"675\" alt=\"Marc Cardona golpea el bal\u00f3n ante la mirada de Jaime Mata y Cede\u00f1o, durante un calentamiento previo a partido en el Estadio de Gran Canaria.\" class=\"ft-helper-img-rd\" loading=\"lazy\"\/><\/p>\n<p class=\"ft-helper-fontColor-quaternary ft-helper-fontSize-body-S ft-helper-spacer-t-xxs\">Marc Cardona golpea el bal\u00f3n ante la mirada de Jaime Mata y Cede\u00f1o, durante un calentamiento previo a partido en el Estadio de Gran Canaria.  \/ Jose Carlos Guerra<\/p>\n<p class=\"ft-text\">Adem\u00e1s, no parece que desde la UD tengan previsto contar la pr\u00f3xima temporada con ninguno de los tres. Ejemplo de ello est\u00e1 en que <strong>ya buscan en el mercado de fichajes <\/strong>para <a class=\"ft-link ft-link--decoration\" href=\"https:\/\/www.laprovincia.es\/ud-las-palmas\/2025\/12\/09\/ud-palmas-obligada-fichar-delanteros-124597213.html\" rel=\"nofollow noopener\" target=\"_blank\">incorporar a un nuevo delantero a las filas amarillas<\/a> este mes de enero. Para ello, tiene que salir uno y <strong>Marc Cardona es el que tiene todas las papeletas<\/strong> para despedirse.<\/p>\n<p class=\"ft-text\">Tambi\u00e9n con la etiqueta de delantero est\u00e1<strong> <\/strong><a class=\"ft-link ft-link--decoration\" href=\"https:\/\/www.laprovincia.es\/tags\/sandro-ramirez\/\" rel=\"nofollow noopener\" target=\"_blank\"><strong>Sandro Ram\u00edrez<\/strong><\/a><strong>, que todav\u00eda no ha disputado ning\u00fan partido <\/strong>esta temporada y sigue con la puesta a punto de su recuperaci\u00f3n tras ser operado de la rodilla en el mes de julio. Ha estirado su v\u00eda crucis en Las Palmas y lo que parec\u00eda un fichaje de garant\u00edas para el mes de octubre-noviembre,<strong> su regreso se ha pospuesto <\/strong>de tal forma que ni siquiera tiene billete de vuelta a los terrenos de juego. Ha alternado los entrenamientos individuales con el grupo pero su rendimiento<strong> todav\u00eda no est\u00e1 al nivel de la competici\u00f3n.<\/strong> A su contrato le restan seis meses, el tiempo corre y no precisamente a su favor.<\/p>\n<p>Colgar las botas<\/p>\n<p class=\"ft-text\">Por \u00faltimo, el caso de<strong> <\/strong><a class=\"ft-link ft-link--decoration\" href=\"https:\/\/www.laprovincia.es\/tags\/pejino\/\" rel=\"nofollow noopener\" target=\"_blank\"><strong>Peji\u00f1o<\/strong><\/a><strong>, <\/strong><a class=\"ft-link ft-link--decoration\" href=\"https:\/\/www.laprovincia.es\/tags\/enzo-loiodice\/\" rel=\"nofollow noopener\" target=\"_blank\"><strong>Loiodice<\/strong><\/a><strong> y <\/strong><a class=\"ft-link ft-link--decoration\" href=\"https:\/\/www.laprovincia.es\/tags\/jonathan-viera\/\" rel=\"nofollow noopener\" target=\"_blank\"><strong>Jonathan Viera<\/strong><\/a><strong>. <\/strong>Tres situaciones diferentes con el mismo denominador com\u00fan: finalizan contrato en junio de 2026 y no hay noticias de renovaci\u00f3n. <strong>El capit\u00e1n tiene previsto despedirse de los suyos<\/strong> al finalizar la presente temporada. Ya ha expresado p\u00fablicamente que su carrera est\u00e1 llegando a su fin y su deseo cuando regres\u00f3 a la entidad amarilla en el mes de julio no era otro que devolver al equipo a la <a class=\"ft-link ft-link--decoration\" href=\"https:\/\/www.laprovincia.es\/tags\/futbol\/\" rel=\"nofollow noopener\" target=\"_blank\">Primera Divisi\u00f3n<\/a> y <strong>colgar las botas con la cabeza alta. <\/strong> Sin embargo, Loiodice y Peji\u00f1o est\u00e1n siendo piezas indispensables para Luis Garc\u00eda.<\/p>\n<p class=\"ft-text\">Mientras que Enzo ha ido de menos a m\u00e1s, sobre todo echando la vista hacia atr\u00e1s en cuanto a la pasada temporada, Peji\u00f1o parece que ha recuperado su mejor versi\u00f3n, y ya suma un gol y dos asistencias. <strong>Hay trabajo en la UD. <\/strong><\/p>\n<p data-close=\"closedContent\" class=\"subscribeHideForDisplay\">Suscr\u00edbete para seguir leyendo<\/p>\n","protected":false},"excerpt":{"rendered":"Unas navidades marcadas por el papeleo en las oficinas de la UD Las Palmas, y en el horizonte,&hellip;\n","protected":false},"author":2,"featured_media":287136,"comment_status":"","ping_status":"","sticky":false,"template":"","format":"standard","meta":{"footnotes":""},"categories":[268],"tags":[65203,168,69092,25,24,11556,280,282,556,63432,281,23,167,2752,4407,4406],"class_list":{"0":"post-287135","1":"post","2":"type-post","3":"status-publish","4":"format-standard","5":"has-post-thumbnail","7":"category-futbol","8":"tag-cardona","9":"tag-deportes","10":"tag-despachos","11":"tag-es","12":"tag-espana","13":"tag-extra","14":"tag-football","15":"tag-futbol","16":"tag-palmas","17":"tag-pejino","18":"tag-soccer","19":"tag-spain","20":"tag-sports","21":"tag-trabajo","22":"tag-ud","23":"tag-ud-las-palmas"},"share_on_mastodon":{"url":"https:\/\/pubeurope.com\/@es\/115715660093808029","error":""},"_links":{"self":[{"href":"https:\/\/www.europesays.com\/es\/wp-json\/wp\/v2\/posts\/287135","targetHints":{"allow":["GET"]}}],"collection":[{"href":"https:\/\/www.europesays.com\/es\/wp-json\/wp\/v2\/posts"}],"about":[{"href":"https:\/\/www.europesays.com\/es\/wp-json\/wp\/v2\/types\/post"}],"author":[{"embeddable":true,"href":"https:\/\/www.europesays.com\/es\/wp-json\/wp\/v2\/users\/2"}],"replies":[{"embeddable":true,"href":"https:\/\/www.europesays.com\/es\/wp-json\/wp\/v2\/comments?post=287135"}],"version-history":[{"count":0,"href":"https:\/\/www.europesays.com\/es\/wp-json\/wp\/v2\/posts\/287135\/revisions"}],"wp:featuredmedia":[{"embeddable":true,"href":"https:\/\/www.europesays.com\/es\/wp-json\/wp\/v2\/media\/287136"}],"wp:attachment":[{"href":"https:\/\/www.europesays.com\/es\/wp-json\/wp\/v2\/media?parent=287135"}],"wp:term":[{"taxonomy":"category","embeddable":true,"href":"https:\/\/www.europesays.com\/es\/wp-json\/wp\/v2\/categories?post=287135"},{"taxonomy":"post_tag","embeddable":true,"href":"https:\/\/www.europesays.com\/es\/wp-json\/wp\/v2\/tags?post=287135"}],"curies":[{"name":"wp","href":"https:\/\/api.w.org\/{rel}","templated":true}]}}