{"id":287164,"date":"2025-12-14T03:24:09","date_gmt":"2025-12-14T03:24:09","guid":{"rendered":"https:\/\/www.europesays.com\/es\/287164\/"},"modified":"2025-12-14T03:24:09","modified_gmt":"2025-12-14T03:24:09","slug":"carlos-iii-anuncia-que-el-ano-que-viene-reducira-su-tratamiento-contra-el-cancer-el-diagnostico-puede-ser-abrumador","status":"publish","type":"post","link":"https:\/\/www.europesays.com\/es\/287164\/","title":{"rendered":"Carlos III anuncia que el a\u00f1o que viene reducir\u00e1 su tratamiento contra el c\u00e1ncer: \u201cEl diagn\u00f3stico puede ser abrumador\u201d"},"content":{"rendered":"<p><a href=\"https:\/\/www.revistavanityfair.es\/tags\/principe-carlos-de-inglaterra\" rel=\"nofollow noopener\" target=\"_blank\">Carlos III<\/a> est\u00e1 mejor. El <a href=\"https:\/\/www.revistavanityfair.es\/articulos\/familia-real-britanica-todo-lo-que-necesitas-saber-integrantes-arbol-genealogico-orden-sucesion\" rel=\"nofollow noopener\" target=\"_blank\">rey brit\u00e1nico<\/a> ha contado en <a href=\"https:\/\/www.royal.uk\/news-and-activity\/2025-12-12\/a-message-from-the-king-in-support-of-stand-up-to-cancer\" rel=\"nofollow noopener\" target=\"_blank\">un v\u00eddeo<\/a> emitido este viernes en el Canal 4 como parte de una campa\u00f1a de prevenci\u00f3n del c\u00e1ncer, Stand Up to Cancer, que el pr\u00f3ximo a\u00f1o podr\u00e1 <strong>reducir el tratamiento contra la enfermedad<\/strong>. En ning\u00fan momento dice que el c\u00e1ncer <strong>haya desaparecido ni remitido,<\/strong> pero por sus palabras se deduce una mejor\u00eda de la enfermedad: \u201cPuedo compartir con ustedes <strong>la buena noticia<\/strong> de que, gracias al diagn\u00f3stico temprano, la intervenci\u00f3n eficaz y el cumplimiento de las prescripciones m\u00e9dicas, mi programa de tratamiento contra el c\u00e1ncer podr\u00e1 reducirse en el nuevo a\u00f1o\u201d.<\/p>\n<p>Se trata de un \u201chito\u201d en su enfermedad que recibe como \u201cuna bendici\u00f3n personal\u201d, aparte de considerarlo \u201cun testimonio de los notables avances que se han logrado en el tratamiento del c\u00e1ncer en los \u00faltimos a\u00f1os\u201d. Es su forma de \u201calentar\u201d a otros en la importancia de la detecci\u00f3n temprana \u2014porque el \u201c50% seremos diagnosticados con esta enfermedad en alg\u00fan momento de nuestras vidas\u201d\u2014, algo fundamental en el diagn\u00f3stico del c\u00e1ncer sobre lo que ha insistido el rey en varias ocasiones: anima a quienes evitan pruebas que \u201cpueden ser aterradoras, vergonzosas o inc\u00f3modas\u201d, porque pueden ser la oportunidad para \u201csalvarles la vida\u201d, y el rey ha pedido a los brit\u00e1nicos que incluyan entre sus prop\u00f3sitos para 2026 las revisiones precisas para la detecci\u00f3n de un posible c\u00e1ncer de manera temprana.<\/p>\n<p>En este inusual mensaje, Carlos III habla de su \u201cpropia experiencia\u201d, de <a href=\"https:\/\/www.revistavanityfair.es\/articulos\/carlos-iii-padece-cancer\" rel=\"nofollow noopener\" target=\"_blank\">lo \u201cabrumador\u201d<\/a> que puede resultar un diagn\u00f3stico de c\u00e1ncer, pero tambi\u00e9n de la \u201cclave\u201d de la detecci\u00f3n precoz que \u201cpuede transformar los caminos del tratamiento, brindando tiempo a los equipos m\u00e9dicos y, para los pacientes, el precioso regalo de la esperanza. Estos son <a href=\"https:\/\/www.revistavanityfair.es\/tags\/regalos\" isautogenerated=\"true\" rel=\"nofollow noopener\" target=\"_blank\">regalos<\/a> que todos <a href=\"https:\/\/www.revistavanityfair.es\/tags\/podemos\" isautogenerated=\"true\" rel=\"nofollow noopener\" target=\"_blank\">podemos<\/a> ayudar a entregar\u00bb. Ha confesado algo que le ha \u201cconmovido profundamente\u201d a lo largo de un camino que comenz\u00f3 en enero de 2024 cuando fue hospitalizado para tratar una hiperplasia benigna de la pr\u00f3stata y los m\u00e9dicos descubrieron que padec\u00eda c\u00e1ncer \u2014no se ha revelado ni de qu\u00e9, aunque se ha descartado que sea de pr\u00f3stata, ni en la fase en la que est\u00e1\u2014: se refiere a lo que llama \u201cla comunidad de atenci\u00f3n que rodea a cada paciente con c\u00e1ncer, los especialistas, los investigadores y los voluntarios que trabajan incansablemente para salvar y mejorar vidas\u201d. Unas palabras con todo el peso de la realidad pero al mismo tiempo llenas de esperanza: \u201clos momentos m\u00e1s oscuros de la enfermedad pueden iluminarse con la mayor compasi\u00f3n. Pero la compasi\u00f3n debe ir acompa\u00f1ada de acci\u00f3n\u201d, insiste.<\/p>\n<p>El mensaje es importante no solo por lo eminentemente relacionado con la <a href=\"https:\/\/www.revistavanityfair.es\/tags\/salud\" isautogenerated=\"true\" rel=\"nofollow noopener\" target=\"_blank\">salud<\/a> del monarca de 77 a\u00f1os, sino porque no es habitual que un rey hable de una forma tan abierta y sincera sobre el c\u00e1ncer que padece. Con traje de raya diplom\u00e1tica, el rey se muestra aparentemente tranquilo en este v\u00eddeo grabado a finales de noviembre en su casa Clarence House.<\/p>\n<p>Desde Buckingham se ha aclarado que a partir de ahora y debido a la \u201cexcepcionalmente\u201d buena respuesta al tratamiento por parte del monarca, \u201csus m\u00e9dicos aconsejan que las medidas actuales pasen a una fase de precauci\u00f3n. Esta situaci\u00f3n se supervisar\u00e1 y revisar\u00e1 continuamente para proteger y priorizar su recuperaci\u00f3n\u201d.<\/p>\n","protected":false},"excerpt":{"rendered":"Carlos III est\u00e1 mejor. El rey brit\u00e1nico ha contado en un v\u00eddeo emitido este viernes en el Canal&hellip;\n","protected":false},"author":2,"featured_media":287165,"comment_status":"","ping_status":"","sticky":false,"template":"","format":"standard","meta":{"footnotes":""},"categories":[91],"tags":[146,147,25,24,5868,1027,27744,23],"class_list":{"0":"post-287164","1":"post","2":"type-post","3":"status-publish","4":"format-standard","5":"has-post-thumbnail","7":"category-entretenimiento","8":"tag-entertainment","9":"tag-entretenimiento","10":"tag-es","11":"tag-espana","12":"tag-familia-real-britanica","13":"tag-realeza","14":"tag-rey-carlos-iii-de-inglaterra","15":"tag-spain"},"share_on_mastodon":{"url":"https:\/\/pubeurope.com\/@es\/115715785756915228","error":""},"_links":{"self":[{"href":"https:\/\/www.europesays.com\/es\/wp-json\/wp\/v2\/posts\/287164","targetHints":{"allow":["GET"]}}],"collection":[{"href":"https:\/\/www.europesays.com\/es\/wp-json\/wp\/v2\/posts"}],"about":[{"href":"https:\/\/www.europesays.com\/es\/wp-json\/wp\/v2\/types\/post"}],"author":[{"embeddable":true,"href":"https:\/\/www.europesays.com\/es\/wp-json\/wp\/v2\/users\/2"}],"replies":[{"embeddable":true,"href":"https:\/\/www.europesays.com\/es\/wp-json\/wp\/v2\/comments?post=287164"}],"version-history":[{"count":0,"href":"https:\/\/www.europesays.com\/es\/wp-json\/wp\/v2\/posts\/287164\/revisions"}],"wp:featuredmedia":[{"embeddable":true,"href":"https:\/\/www.europesays.com\/es\/wp-json\/wp\/v2\/media\/287165"}],"wp:attachment":[{"href":"https:\/\/www.europesays.com\/es\/wp-json\/wp\/v2\/media?parent=287164"}],"wp:term":[{"taxonomy":"category","embeddable":true,"href":"https:\/\/www.europesays.com\/es\/wp-json\/wp\/v2\/categories?post=287164"},{"taxonomy":"post_tag","embeddable":true,"href":"https:\/\/www.europesays.com\/es\/wp-json\/wp\/v2\/tags?post=287164"}],"curies":[{"name":"wp","href":"https:\/\/api.w.org\/{rel}","templated":true}]}}