{"id":287168,"date":"2025-12-14T03:26:10","date_gmt":"2025-12-14T03:26:10","guid":{"rendered":"https:\/\/www.europesays.com\/es\/287168\/"},"modified":"2025-12-14T03:26:10","modified_gmt":"2025-12-14T03:26:10","slug":"ferrovial-alcanza-el-nasdaq-100-y-se-pone-en-el-foco-de-los-grandes-inversores-dos-anos-despues-de-salir-de-espana","status":"publish","type":"post","link":"https:\/\/www.europesays.com\/es\/287168\/","title":{"rendered":"Ferrovial alcanza el Nasdaq 100 y se pone en el foco de los grandes inversores dos a\u00f1os despu\u00e9s de salir de Espa\u00f1a"},"content":{"rendered":"<p style=\"\">Apenas dos a\u00f1os y medio despu\u00e9s del tormentoso cambio de sede que <strong>llev\u00f3 sus cuarteles centrales de Madrid a \u00c1msterdam<\/strong> y 19 meses despu\u00e9s del emblem\u00e1tico toque de campana que marc\u00f3 el <a href=\"https:\/\/www.abc.es\/economia\/ferrovial-agota-tiempo-empezar-cotizar-wall-street-20240318173145-nt.html\" target=\"_self\" data-voc-vtm-id=\"in-text-traffic\" title=\"inicio de la cotizaci\u00f3n de sus t\u00edtulos en Wall Street\" rel=\"nofollow noopener\">inicio de la cotizaci\u00f3n de sus t\u00edtulos en Wall Street<\/a> con  &#8230; el s\u00edmbolo <strong>FER, <\/strong>Ferrovial ha alcanzado uno de los hitos fundamentales que se marc\u00f3 con la maniobra: acceder al selecto grupo de empresas que entran en el foco de los mayores veh\u00edculos de inversi\u00f3n de escala mundial.<\/p>\n<p class=\"voc-p\" style=\"\">La compa\u00f1\u00eda ha anunciado este s\u00e1bado a trav\u00e9s de un comunicado su entrada en el Nasdaq 100, el emblem\u00e1tico selectivo estadounidense que alcanz\u00f3 celebridad por acoger la irrupci\u00f3n en Bolsa de las grandes empresas tecnol\u00f3gicas americanas, que <strong>agrupa a las cien mayores empresas no financieras<\/strong> que cotizan en ese mercado y que pasa por ser el segundo \u00edndice m\u00e1s relevante del mercado de capitales de Estados Unidos tras el S&amp;P 500.<\/p>\n<p class=\"voc-p\" style=\"\">La importancia del movimiento reside en que la entrada de Ferrovial en el Nasdaq 100 le <strong>abre las puertas de los dos centenares de grandes veh\u00edculos de inversi\u00f3n<\/strong> de escala global que replican el comportamiento del selectivo y que gestionan entre ellos m\u00e1s de 600.000 millones de d\u00f3lares, seg\u00fan informaci\u00f3n del diario financiero Cinco D\u00edas.<\/p>\n<p>600.000 millones<br \/>\nFerrovial se abre las puertas de uno de los mayores mercados de capitales del mundo<\/p>\n<p class=\"voc-d-c-fignumber__desc\">Su entrada en el Nasdaq 100 le pone en el foco de 200 grandes veh\u00edculos de inversi\u00f3n referenciados al selectivo y que gestionan 600.000 millones de d\u00f3lares (511.000 millones de euros)<\/p>\n<p class=\"voc-p\" style=\"\">La constructora y concesionaria que preside Rafael del Pino justific\u00f3 en su d\u00eda el cambio de sede de la empresa a Pa\u00edses Bajos por su objetivo de impulsar su internacionalizaci\u00f3n y <strong>acceder a los grandes mercados de capitales<\/strong> de Estados Unidos, y en la supuesta mayor facilidad para acceder a Wall Street desde la Bolsa de \u00c1msterdam que desde la Bolsa de Madrid, algo que tanto el Gobierno de Espa\u00f1a, como la CNMV y el gestor de la Bolsa de Madrid (BME) negaron pero que los analistas de mercados reconocen sin ambages.<\/p>\n<p class=\"voc-p\" style=\"\">En un comunicado difundido este s\u00e1bado, Ferrovial valora su incorporaci\u00f3n al Nasdaq 100 como \u00abun hito significativo en la estrategia de crecimiento global de la empresa\u00bb y la interpreta como \u00abun reconocimiento de nuestro modelo integrado de negocio para el desarrollo de infraestructuras\u00bb. La empresa de origen espa\u00f1ol conf\u00eda en que este movimiento aumente su \u00abvisibilidad entre los inversores estadounidenses y globales y <strong>ampl\u00ede nuestra base accionarial<\/strong>\u00bb.<\/p>\n<p class=\"voc-p\" style=\"\">\u00a0<\/p>\n","protected":false},"excerpt":{"rendered":"Apenas dos a\u00f1os y medio despu\u00e9s del tormentoso cambio de sede que llev\u00f3 sus cuarteles centrales de Madrid&hellip;\n","protected":false},"author":2,"featured_media":287169,"comment_status":"","ping_status":"","sticky":false,"template":"","format":"standard","meta":{"footnotes":""},"categories":[80],"tags":[11539,988,82,987,1563,95,94,25,24,12114,19104,4645,10728,3505,1150,16427,23],"class_list":{"0":"post-287168","1":"post","2":"type-post","3":"status-publish","4":"format-standard","5":"has-post-thumbnail","7":"category-economia","8":"tag-alcanza","9":"tag-anos","10":"tag-business","11":"tag-despues","12":"tag-dos","13":"tag-economia","14":"tag-economy","15":"tag-es","16":"tag-espana","17":"tag-ferrovial","18":"tag-foco","19":"tag-grandes","20":"tag-inversores","21":"tag-nasdaq","22":"tag-pone","23":"tag-salir","24":"tag-spain"},"share_on_mastodon":{"url":"https:\/\/pubeurope.com\/@es\/115715793567318730","error":""},"_links":{"self":[{"href":"https:\/\/www.europesays.com\/es\/wp-json\/wp\/v2\/posts\/287168","targetHints":{"allow":["GET"]}}],"collection":[{"href":"https:\/\/www.europesays.com\/es\/wp-json\/wp\/v2\/posts"}],"about":[{"href":"https:\/\/www.europesays.com\/es\/wp-json\/wp\/v2\/types\/post"}],"author":[{"embeddable":true,"href":"https:\/\/www.europesays.com\/es\/wp-json\/wp\/v2\/users\/2"}],"replies":[{"embeddable":true,"href":"https:\/\/www.europesays.com\/es\/wp-json\/wp\/v2\/comments?post=287168"}],"version-history":[{"count":0,"href":"https:\/\/www.europesays.com\/es\/wp-json\/wp\/v2\/posts\/287168\/revisions"}],"wp:featuredmedia":[{"embeddable":true,"href":"https:\/\/www.europesays.com\/es\/wp-json\/wp\/v2\/media\/287169"}],"wp:attachment":[{"href":"https:\/\/www.europesays.com\/es\/wp-json\/wp\/v2\/media?parent=287168"}],"wp:term":[{"taxonomy":"category","embeddable":true,"href":"https:\/\/www.europesays.com\/es\/wp-json\/wp\/v2\/categories?post=287168"},{"taxonomy":"post_tag","embeddable":true,"href":"https:\/\/www.europesays.com\/es\/wp-json\/wp\/v2\/tags?post=287168"}],"curies":[{"name":"wp","href":"https:\/\/api.w.org\/{rel}","templated":true}]}}