{"id":287177,"date":"2025-12-14T03:39:09","date_gmt":"2025-12-14T03:39:09","guid":{"rendered":"https:\/\/www.europesays.com\/es\/287177\/"},"modified":"2025-12-14T03:39:09","modified_gmt":"2025-12-14T03:39:09","slug":"dick-van-dyke-celebra-su-100-cumpleanos-con-la-proyeccion-de-un-documental-sobre-su-vida","status":"publish","type":"post","link":"https:\/\/www.europesays.com\/es\/287177\/","title":{"rendered":"Dick Van Dyke celebra su 100 cumplea\u00f1os con la proyecci\u00f3n de un documental sobre su vida"},"content":{"rendered":"<p class=\"article-text\">\n        El actor Dick Van Dyke, conocido por sus actuaciones en &#8216;Mary Poppins&#8217; (1964) y &#8216;Chitty Chitty Bang Bang&#8217; (1968), cumple 100 a\u00f1os este s\u00e1bado y para celebrarlo se proyectar\u00e1 en varios cines de Estados Unidos este fin de semana el nuevo documental &#8216;Dick Van Dyke: 100th Celebration&#8217; (Dick Van Dyke: Celebraci\u00f3n de su centenario).\n    <\/p>\n<p class=\"article-text\">\n        El cineasta Steve Boettcher le dijo a Fox que la esposa de la estrella, Arlene Silver, lo mantiene activo todos los d\u00edas: cantando, bailando y movi\u00e9ndose constantemente.\n    <\/p>\n<p class=\"article-text\">\n        Seg\u00fan los medios locales, Van Dyke suele participar en Vandy Camp, una compa\u00f1\u00eda de espect\u00e1culos de estilo carnavalesco que integra junto a su esposa en Malib\u00fa, California, cerca de su casa.\n    <\/p>\n<p>    <a href=\"https:\/\/www.eldiario.es\/spin\/pelicula-walt-disney-tardo-20-anos-llevar-cine-pm-poppins_1_12575358.html\" data-mrf-recirculation=\"saber-mas-abajo\" data-dl-event=\"saber-mas-abajo\" rel=\"nofollow noopener\" target=\"_blank\"><\/p>\n<p class=\"know-more__title\">La pel\u00edcula que Walt Disney tard\u00f3 20 a\u00f1os en poder llevar al cine\n<\/p>\n<p>            <img decoding=\"async\" class=\"lazy\" loading=\"lazy\" data-src=\"https:\/\/static.eldiario.es\/clip\/59c36350-8378-4c3b-80cb-b82a5a18a028_16-9-aspect-ratio_default_0.jpg\" src=\"data:image\/svg+xml,%3Csvg xmlns=\" http:=\"\" viewbox=\"0 0 880 495\" alt=\"La pel\u00edcula que Walt Disney tard\u00f3 20 a\u00f1os en poder llevar al cine\"\/><\/p>\n<p>                        <\/a><\/p>\n<p class=\"article-text\">\n        El grupo presenta bailes, canto a capela y canciones del repertorio del ic\u00f3nico artista, incluyendo \u00e9xitos de sus pel\u00edculas musicales de la d\u00e9cada de 1960.\n    <\/p>\n<blockquote class=\"instagram-media\" data-instgrm-version=\"14\" data-instgrm-permalink=\"https:\/\/www.instagram.com\/reel\/DDhr2u9PJz8\/\" data-instgrm-captioned=\"\"\/>\n<p>                                <script async src=\"\/\/www.instagram.com\/embed.js\"><\/script><\/p>\n","protected":false},"excerpt":{"rendered":"El actor Dick Van Dyke, conocido por sus actuaciones en &#8216;Mary Poppins&#8217; (1964) y &#8216;Chitty Chitty Bang Bang&#8217;&hellip;\n","protected":false},"author":2,"featured_media":287178,"comment_status":"","ping_status":"","sticky":false,"template":"","format":"standard","meta":{"footnotes":""},"categories":[174],"tags":[21882,6951,255,6996,65339,6084,65340,146,147,25,24,256,44741,23,2606],"class_list":{"0":"post-287177","1":"post","2":"type-post","3":"status-publish","4":"format-standard","5":"has-post-thumbnail","7":"category-famosos","8":"tag-21882","9":"tag-celebra","10":"tag-celebrities","11":"tag-cumpleanos","12":"tag-dick","13":"tag-documental","14":"tag-dyke","15":"tag-entertainment","16":"tag-entretenimiento","17":"tag-es","18":"tag-espana","19":"tag-famosos","20":"tag-proyeccion","21":"tag-spain","22":"tag-vida"},"share_on_mastodon":{"url":"https:\/\/pubeurope.com\/@es\/115715844466170272","error":""},"_links":{"self":[{"href":"https:\/\/www.europesays.com\/es\/wp-json\/wp\/v2\/posts\/287177","targetHints":{"allow":["GET"]}}],"collection":[{"href":"https:\/\/www.europesays.com\/es\/wp-json\/wp\/v2\/posts"}],"about":[{"href":"https:\/\/www.europesays.com\/es\/wp-json\/wp\/v2\/types\/post"}],"author":[{"embeddable":true,"href":"https:\/\/www.europesays.com\/es\/wp-json\/wp\/v2\/users\/2"}],"replies":[{"embeddable":true,"href":"https:\/\/www.europesays.com\/es\/wp-json\/wp\/v2\/comments?post=287177"}],"version-history":[{"count":0,"href":"https:\/\/www.europesays.com\/es\/wp-json\/wp\/v2\/posts\/287177\/revisions"}],"wp:featuredmedia":[{"embeddable":true,"href":"https:\/\/www.europesays.com\/es\/wp-json\/wp\/v2\/media\/287178"}],"wp:attachment":[{"href":"https:\/\/www.europesays.com\/es\/wp-json\/wp\/v2\/media?parent=287177"}],"wp:term":[{"taxonomy":"category","embeddable":true,"href":"https:\/\/www.europesays.com\/es\/wp-json\/wp\/v2\/categories?post=287177"},{"taxonomy":"post_tag","embeddable":true,"href":"https:\/\/www.europesays.com\/es\/wp-json\/wp\/v2\/tags?post=287177"}],"curies":[{"name":"wp","href":"https:\/\/api.w.org\/{rel}","templated":true}]}}