{"id":287186,"date":"2025-12-14T03:48:16","date_gmt":"2025-12-14T03:48:16","guid":{"rendered":"https:\/\/www.europesays.com\/es\/287186\/"},"modified":"2025-12-14T03:48:16","modified_gmt":"2025-12-14T03:48:16","slug":"leon-y-grace-tendran-casi-el-mismo-tiempo-en-pantalla-y-mas-detalles-de-resident-evil-9-requiem","status":"publish","type":"post","link":"https:\/\/www.europesays.com\/es\/287186\/","title":{"rendered":"Leon y Grace tendr\u00e1n casi el mismo tiempo en pantalla y m\u00e1s detalles de Resident Evil 9: Requiem"},"content":{"rendered":"<p>\u00bfTienes ganas de\u00a0<a href=\"https:\/\/www.nintenderos.com\/2024\/05\/rumor-resident-evil-9-y-estos-remakes-de-la-franquicia-habrian-sufrido-filtraciones\/\" rel=\"nofollow noopener\" target=\"_blank\">Resident Evil 9<\/a>? Nos llegan noticias interesantes para los fans de la franquicia. Esta vez, tras conocer\u00a0<a href=\"https:\/\/www.nintenderos.com\/2024\/07\/resident-evil-confirma-nuevo-juego-en-desarrollo-esto-es-lo-que-se-sabe-por-ahora\/\" rel=\"nofollow noopener\" target=\"_blank\">un nuevo juego en desarrollo<\/a>, as\u00ed como\u00a0<a href=\"https:\/\/www.nintenderos.com\/2025\/01\/nintendo-switch-2-tambien-podria-recibir-este-juego-de-resident-evil\/\" rel=\"nofollow noopener\" target=\"_blank\">un rumor\u00a0<\/a>que apuntaba a que\u00a0<a href=\"https:\/\/www.nintenderos.com\/nintendo-switch-2\/juegos-nintendo-switch-2-lista-completa\/\" rel=\"nofollow noopener\" target=\"_blank\">Nintendo Switch 2<\/a>\u00a0recibir\u00eda una querida entrega de la franquicia, se ha anunciado esta entrega oficialmente para la consola.\u00a0<a href=\"https:\/\/www.nintenderos.com\/2025\/06\/resident-evil-9-podria-revelarse-de-forma-inminente\/\" rel=\"nofollow noopener\" target=\"_blank\">Los rumores<\/a>\u00a0eran ciertos y ahora se ha anunciado\u00a0de forma oficial como\u00a0<a href=\"https:\/\/www.nintenderos.com\/2025\/06\/anunciado-resident-evil-9-requiem\/\" rel=\"nofollow noopener\" target=\"_blank\">Resident Evil 9: Requiem<\/a>\u00a0para\u00a0<strong>el 27 de febrero de 2026<\/strong>.<\/p>\n<p>Adem\u00e1s,\u00a0Resident Evil 7: Biohazard y Resident Evil Village\u00a0tambi\u00e9n est\u00e1n en camino; ambos se lanzan el mismo d\u00eda. En cualquier caso, tras conocer que 9: Requiem\u00a0<a href=\"https:\/\/www.nintenderos.com\/nintendo-switch-2\/resident-evil-9-requiem-parece-ser-mas-barato-en-nintendo-switch-2-que-en-otras-consolas\/\" rel=\"nofollow noopener\" target=\"_blank\">podr\u00eda ser m\u00e1s barato<\/a>\u00a0en Switch 2 as\u00ed como su\u00a0<a href=\"https:\/\/www.nintenderos.com\/nintendo-switch-2\/primer-gameplay-en-modo-portatil-de-resident-evil-9-requiem-en-nintendo-switch-2-confirma-estos-detalles-tecnicos\/\" rel=\"nofollow noopener\" target=\"_blank\">primer y genial gameplay en la consola<\/a>, ahora hay\u00a0<strong>novedades de esta siguiente entrega<\/strong>. Tras el anuncio del\u00a0<a href=\"https:\/\/www.nintenderos.com\/nintendo-switch-2\/anunciado-mando-pro-controller-amiibo-y-mas-de-resident-evil-9-requiem-para-nintendo-switch-2\/\" rel=\"nofollow noopener\" target=\"_blank\">Pro Controller y amiibo del juego<\/a>, as\u00ed como\u00a0<a href=\"https:\/\/www.nintenderos.com\/nintendo-switch-2\/resident-evil-9-requiem-confirma-regalo-por-la-reserva-diferentes-ediciones-y-un-resident-evil-generations-pack-para-nintendo-switch-2\/\" rel=\"nofollow noopener\" target=\"_blank\">sus ediciones<\/a>, Capcom por fin <a href=\"https:\/\/www.nintenderos.com\/nintendo-switch-2\/leon-s-kennedy-protagoniza-el-tercer-trailer-oficial-de-resident-evil-9-requiem\/\" rel=\"nofollow noopener\" target=\"_blank\">ha confirmado<\/a> a <strong>Leon S. Kennedy<\/strong>\u00a0como segundo protagonista junto a Grace Ashcroft.<\/p>\n<p>Ahora se han confirmado m\u00e1s detalles de esta entrega:<\/p>\n<p>Otros contenidos en esta categor\u00eda:<\/p>\n<ul>\n<li data-start=\"230\" data-end=\"444\">\n<p data-start=\"232\" data-end=\"271\">El juego alternar\u00e1 entre dos estilos:<\/p>\n<\/li>\n<li data-start=\"445\" data-end=\"626\">\n<p data-start=\"447\" data-end=\"626\">La campa\u00f1a no favorece a un personaje sobre el otro: <strong data-start=\"500\" data-end=\"557\">Leon y Grace tendr\u00e1n casi el mismo tiempo en pantalla<\/strong>, seg\u00fan el director K\u014dshi Nakanishi y el productor Masato Kumazawa.<\/p>\n<\/li>\n<li data-start=\"627\" data-end=\"761\">\n<p data-start=\"629\" data-end=\"761\">La estructura narrativa se compara con Resident Evil Revelations, alternando secciones de dos protagonistas (como Jill y Chris).<\/p>\n<\/li>\n<li data-start=\"762\" data-end=\"1156\">\n<p data-start=\"764\" data-end=\"812\">Diferencias de estilo jugable seg\u00fan Nakanishi:<\/p>\n<ul data-start=\"815\" data-end=\"1156\">\n<li data-start=\"815\" data-end=\"933\">\n<p data-start=\"817\" data-end=\"933\">Leon \u201cno encaja\u201d en un terror puro, por lo que sus cap\u00edtulos est\u00e1n centrados en <strong data-start=\"897\" data-end=\"930\">acci\u00f3n intensa y adrenal\u00ednica<\/strong>.<\/p>\n<\/li>\n<li data-start=\"936\" data-end=\"1034\">\n<p data-start=\"938\" data-end=\"1034\">Las secciones de Grace son las m\u00e1s <strong data-start=\"973\" data-end=\"989\">terror\u00edficas<\/strong>, con momentos de tensi\u00f3n y vulnerabilidad.<\/p>\n<\/li>\n<li data-start=\"1037\" data-end=\"1156\">\n<p data-start=\"1039\" data-end=\"1156\">La combinaci\u00f3n de ambos ritmos crea un contraste \u00fanico, \u201ccomo saltar a un ba\u00f1o fr\u00edo despu\u00e9s de una sauna caliente\u201d.<\/p>\n<\/li>\n<\/ul>\n<\/li>\n<li data-start=\"1157\" data-end=\"1271\">\n<p data-start=\"1159\" data-end=\"1271\">Se subraya la diferencia entre los tipos de tensi\u00f3n: acci\u00f3n liberadora con Leon vs. terror opresivo con Grace.<\/p>\n<\/li>\n<li data-start=\"1272\" data-end=\"1484\">\n<p data-start=\"1274\" data-end=\"1300\"><strong data-start=\"1274\" data-end=\"1298\">Gameplay espec\u00edfico:<\/strong><\/p>\n<ul data-start=\"1303\" data-end=\"1484\">\n<li data-start=\"1303\" data-end=\"1364\">\n<p data-start=\"1305\" data-end=\"1364\">La jugabilidad de <strong data-start=\"1323\" data-end=\"1332\">Grace<\/strong> se basa en Resident Evil 2.<\/p>\n<\/li>\n<li data-start=\"1367\" data-end=\"1484\">\n<p data-start=\"1369\" data-end=\"1484\">La de <strong data-start=\"1375\" data-end=\"1383\">Leon<\/strong> se basa en Resident Evil 4, incluyendo movimientos de artes marciales y ataques cuerpo a cuerpo.<\/p>\n<\/li>\n<\/ul>\n<\/li>\n<li data-start=\"1485\" data-end=\"1635\">\n<p data-start=\"1487\" data-end=\"1635\">Se destaca el peso emocional y narrativo que carga Leon como protagonista veterano que regresa a \u201cdonde todo empez\u00f3\u201d, refiri\u00e9ndose a Raccoon City.<\/p>\n<\/li>\n<li data-start=\"1636\" data-end=\"1723\">\n<p data-start=\"1638\" data-end=\"1723\">Resident Evil Requiem se lanzar\u00e1 en <strong data-start=\"1676\" data-end=\"1722\">Nintendo Switch 2 el 27 de febrero de 2026<\/strong>.<\/p>\n<\/li>\n<\/ul>\n<p>\u00bfQu\u00e9 os ha parecido toda esta informaci\u00f3n? No dud\u00e9is en compartir vuestra opini\u00f3n en los comentarios.<\/p>\n<p><a href=\"https:\/\/www.nintendolife.com\/news\/2025\/12\/leon-and-graces-screen-time-will-be-equally-split-in-resident-evil-requiem\" class=\"external\" rel=\"nofollow noopener\" target=\"_blank\">Fuente<\/a>.<\/p>\n","protected":false},"excerpt":{"rendered":"\u00bfTienes ganas de\u00a0Resident Evil 9? Nos llegan noticias interesantes para los fans de la franquicia. Esta vez, tras&hellip;\n","protected":false},"author":2,"featured_media":287187,"comment_status":"","ping_status":"","sticky":false,"template":"","format":"standard","meta":{"footnotes":""},"categories":[81],"tags":[119,123,124,7510,25,24,41928,117,121,122,23,118,120],"class_list":{"0":"post-287186","1":"post","2":"type-post","3":"status-publish","4":"format-standard","5":"has-post-thumbnail","7":"category-ciencia-y-tecnologia","8":"tag-ciencia","9":"tag-ciencia-y-tecnologia","10":"tag-cienciaytecnologia","11":"tag-detalles","12":"tag-es","13":"tag-espana","14":"tag-resident-evil-9-requiem","15":"tag-science","16":"tag-science-and-technology","17":"tag-scienceandtechnology","18":"tag-spain","19":"tag-technology","20":"tag-tecnologia"},"share_on_mastodon":{"url":"https:\/\/pubeurope.com\/@es\/115715880902456802","error":""},"_links":{"self":[{"href":"https:\/\/www.europesays.com\/es\/wp-json\/wp\/v2\/posts\/287186","targetHints":{"allow":["GET"]}}],"collection":[{"href":"https:\/\/www.europesays.com\/es\/wp-json\/wp\/v2\/posts"}],"about":[{"href":"https:\/\/www.europesays.com\/es\/wp-json\/wp\/v2\/types\/post"}],"author":[{"embeddable":true,"href":"https:\/\/www.europesays.com\/es\/wp-json\/wp\/v2\/users\/2"}],"replies":[{"embeddable":true,"href":"https:\/\/www.europesays.com\/es\/wp-json\/wp\/v2\/comments?post=287186"}],"version-history":[{"count":0,"href":"https:\/\/www.europesays.com\/es\/wp-json\/wp\/v2\/posts\/287186\/revisions"}],"wp:featuredmedia":[{"embeddable":true,"href":"https:\/\/www.europesays.com\/es\/wp-json\/wp\/v2\/media\/287187"}],"wp:attachment":[{"href":"https:\/\/www.europesays.com\/es\/wp-json\/wp\/v2\/media?parent=287186"}],"wp:term":[{"taxonomy":"category","embeddable":true,"href":"https:\/\/www.europesays.com\/es\/wp-json\/wp\/v2\/categories?post=287186"},{"taxonomy":"post_tag","embeddable":true,"href":"https:\/\/www.europesays.com\/es\/wp-json\/wp\/v2\/tags?post=287186"}],"curies":[{"name":"wp","href":"https:\/\/api.w.org\/{rel}","templated":true}]}}