{"id":287195,"date":"2025-12-14T03:56:12","date_gmt":"2025-12-14T03:56:12","guid":{"rendered":"https:\/\/www.europesays.com\/es\/287195\/"},"modified":"2025-12-14T03:56:12","modified_gmt":"2025-12-14T03:56:12","slug":"marcas-muy-parejas-en-el-torneo-clausura-del-golf-club-general-roca","status":"publish","type":"post","link":"https:\/\/www.europesays.com\/es\/287195\/","title":{"rendered":"Marcas muy parejas en el torneo Clausura del Golf Club General Roca"},"content":{"rendered":"<p>El viento hizo de las suyas, pero no pudo frenar el <strong>torneo Clausura que cerr\u00f3 la actividad oficial en los links del Golf Club General Roca<\/strong>. Cerca de un centenar de aficionados sali\u00f3 a buscar la mejor tarjeta y se dieron marcas muy parejas a lo largo de toda la jornada. Se repartieron en tres categor\u00edas mixtas y<strong> los ganadores fueron Gast\u00f3n Huisman, Jorge Montes y Mariano Tappat\u00e1<\/strong>. La competencia fue a <strong>18 hoyos<\/strong> en la modalidad medal play.<\/p>\n<p>        <a href=\"https:\/\/www.rionegro.com.ar\/deportes\/el-torneo-clausura-convoca-en-el-golf-club-general-roca-hay-mas-de-100-anotados-4397984\/\" title=\"El torneo Clausura convoca en el Golf Club General Roca: hay m\u00e1s de 100 anotados\" class=\"recomendation__link\" rel=\"nofollow noopener\" target=\"_blank\"><br \/>\n            <img decoding=\"async\" src=\"https:\/\/www.europesays.com\/es\/wp-content\/uploads\/2025\/12\/Roca-Golf-Club-foto-Andres-Maripe-6.webp\" alt=\"Imagen de El torneo Clausura convoca en el Golf Club General Roca: hay m\u00e1s de 100 anotados\" loading=\"lazy\"\/><br \/>\n                    <\/a><\/p>\n<p>La divisi\u00f3n intermedia fue la m\u00e1s pareja, porque <strong>Montes hizo 68 impactos, pero reci\u00e9n prevaleci\u00f3 en el desempate autom\u00e1tico <\/strong>sobre Eduardo Garc\u00eda y Luis Venegas. En la principal, <strong>Huisman alcanz\u00f3 los 71 golpes y super\u00f3 por la m\u00ednima a tres golfistas: Dante Dur\u00e1n, Pablo Troncoso y Gerardo Aubone.<\/strong> La brecha m\u00e1s amplia fue la de<strong> Tappat\u00e1 sobre Alejandro Pellegrino, en la categor\u00eda de alto h\u00e1ndicap<\/strong>.<\/p>\n<p>Entre las damas, la mejor fue <strong>Maritza Pimentel, quien cumpli\u00f3 una gran actuaci\u00f3n y se subi\u00f3 al podio de 26-54<\/strong>. En la superior, <strong>Mar\u00eda Fernanda Herrera hizo 75 golpes y fue octava en la clasificaci\u00f3n general<\/strong>.<\/p>\n<p><img fetchpriority=\"high\" decoding=\"async\" height=\"720\" width=\"1184\" src=\"https:\/\/www.europesays.com\/es\/wp-content\/uploads\/2025\/12\/17b197fe-2dc3-482c-9df7-226d8813e3d2.jpeg\" alt=\"\" class=\"wp-image-4402665\" style=\"width:526px;height:auto\"  \/><\/p>\n<p><img loading=\"lazy\" decoding=\"async\" width=\"764\" height=\"375\" src=\"https:\/\/www.europesays.com\/es\/wp-content\/uploads\/2025\/12\/Captura-de-pantalla-2025-12-13-210333.jpg\" alt=\"\" class=\"wp-image-4402666\" style=\"width:526px;height:auto\"  \/><\/p>\n<p>Los resultados<\/p>\n<p><strong>\u00danica, 8-17<\/strong><\/p>\n<p><strong>Gast\u00f3n Huisman (12.4), 71 golpes<\/strong><\/p>\n<p>Dante Dur\u00e1n (7.5), 72<\/p>\n<p>Pablo Troncoso (4.7), 72<\/p>\n<p>Gerardo Aubone (2.2), 72<\/p>\n<p>N\u00e9stor P\u00e1ez (15.3), 74<\/p>\n<p><strong>8\u00b0 Mar\u00eda Fernanda Herrera (16), 75<\/strong><\/p>\n<p><img loading=\"lazy\" decoding=\"async\" width=\"785\" height=\"348\" src=\"https:\/\/www.europesays.com\/es\/wp-content\/uploads\/2025\/12\/Captura-de-pantalla-2025-12-13-210659.jpg\" alt=\"\" class=\"wp-image-4402671\" style=\"width:667px;height:auto\"  \/><\/p>\n<p><strong>\u00danica 17-26<\/strong><\/p>\n<p><strong>Jorge Montes (25.2), 68<\/strong><\/p>\n<p>Eduardo Garc\u00eda (24.5), 68<\/p>\n<p>Luis Venegas (17.8), 68<\/p>\n<p>Diego Piniones (21.8), 71<\/p>\n<p>Marcelo Fiselz\u00f3n (22.4), 71<\/p>\n<p><img loading=\"lazy\" decoding=\"async\" width=\"781\" height=\"335\" src=\"https:\/\/www.europesays.com\/es\/wp-content\/uploads\/2025\/12\/Captura-de-pantalla-2025-12-13-210811.jpg\" alt=\"\" class=\"wp-image-4402672\" style=\"width:703px;height:auto\"  \/><\/p>\n<p><strong>\u00danica 26-54<\/strong><\/p>\n<p><strong>Mariano Tappat\u00e1 (38.2), 68 golpes<\/strong><\/p>\n<p>Alejandro Pellegrini (28.7), 70<\/p>\n<p><strong>Maritza Pimentel (29), 71<\/strong><\/p>\n<p>Marcelo Padoan (26.2), 72<\/p>\n<p>Camilo Rivero (42.3), 72<\/p>\n<p>16\u00b0 Florencia Jaureguiberry (36.1), 80<\/p>\n<p><img loading=\"lazy\" decoding=\"async\" width=\"793\" height=\"366\" src=\"https:\/\/www.europesays.com\/es\/wp-content\/uploads\/2025\/12\/Captura-de-pantalla-2025-12-13-210535-1.jpg\" alt=\"\" class=\"wp-image-4402669\" style=\"width:608px;height:auto\"  \/><br \/>\n\t\t\t\t\t\t\t\t\t<br class=\"clear\"\/><\/p>\n","protected":false},"excerpt":{"rendered":"El viento hizo de las suyas, pero no pudo frenar el torneo Clausura que cerr\u00f3 la actividad oficial&hellip;\n","protected":false},"author":2,"featured_media":287196,"comment_status":"","ping_status":"","sticky":false,"template":"","format":"standard","meta":{"footnotes":""},"categories":[275],"tags":[168,25,24,329,22576,23,167],"class_list":{"0":"post-287195","1":"post","2":"type-post","3":"status-publish","4":"format-standard","5":"has-post-thumbnail","7":"category-golf","8":"tag-deportes","9":"tag-es","10":"tag-espana","11":"tag-golf","12":"tag-me-actualiza","13":"tag-spain","14":"tag-sports"},"share_on_mastodon":{"url":"https:\/\/pubeurope.com\/@es\/115715912016152842","error":""},"_links":{"self":[{"href":"https:\/\/www.europesays.com\/es\/wp-json\/wp\/v2\/posts\/287195","targetHints":{"allow":["GET"]}}],"collection":[{"href":"https:\/\/www.europesays.com\/es\/wp-json\/wp\/v2\/posts"}],"about":[{"href":"https:\/\/www.europesays.com\/es\/wp-json\/wp\/v2\/types\/post"}],"author":[{"embeddable":true,"href":"https:\/\/www.europesays.com\/es\/wp-json\/wp\/v2\/users\/2"}],"replies":[{"embeddable":true,"href":"https:\/\/www.europesays.com\/es\/wp-json\/wp\/v2\/comments?post=287195"}],"version-history":[{"count":0,"href":"https:\/\/www.europesays.com\/es\/wp-json\/wp\/v2\/posts\/287195\/revisions"}],"wp:featuredmedia":[{"embeddable":true,"href":"https:\/\/www.europesays.com\/es\/wp-json\/wp\/v2\/media\/287196"}],"wp:attachment":[{"href":"https:\/\/www.europesays.com\/es\/wp-json\/wp\/v2\/media?parent=287195"}],"wp:term":[{"taxonomy":"category","embeddable":true,"href":"https:\/\/www.europesays.com\/es\/wp-json\/wp\/v2\/categories?post=287195"},{"taxonomy":"post_tag","embeddable":true,"href":"https:\/\/www.europesays.com\/es\/wp-json\/wp\/v2\/tags?post=287195"}],"curies":[{"name":"wp","href":"https:\/\/api.w.org\/{rel}","templated":true}]}}