{"id":287215,"date":"2025-12-14T04:14:13","date_gmt":"2025-12-14T04:14:13","guid":{"rendered":"https:\/\/www.europesays.com\/es\/287215\/"},"modified":"2025-12-14T04:14:13","modified_gmt":"2025-12-14T04:14:13","slug":"el-empresario-detenido-en-el-caso-de-plus-ultra-es-un-cliente-de-las-hijas-de-zapatero","status":"publish","type":"post","link":"https:\/\/www.europesays.com\/es\/287215\/","title":{"rendered":"El empresario detenido en el caso de Plus Ultra es un cliente de las hijas de Zapatero"},"content":{"rendered":"<p style=\"\">Uno de los clientes de la <strong>agencia de las hijas de Zapatero<\/strong> forma parte de la lista de investigados por el rescate de<strong> Plus Ultra<\/strong>. Los cuatro detenidos en estas diligencias pasaron a disposici\u00f3n judicial y quedaron en libertad esta ma\u00f1ana.<\/p>\n<p style=\"\">El  &#8230; nombre de este empresario es<strong> Julio Mart\u00ednez Mart\u00ednez<\/strong>, un hombre espa\u00f1ol que tiene <strong>v\u00ednculos con Venezuela<\/strong> y con la familia del expresidente del Gobierno. Este hombre, a trav\u00e9s de su empresa, <strong>An\u00e1lisis Relevante S.L.<\/strong>, es uno de los clientes de Whathefav, la agencia de comunicaci\u00f3n de las hijas de Jos\u00e9 Luis Rodr\u00edguez Zapatero, seg\u00fan revel\u00f3 &#8216;El Confidencial&#8217; y pudo confirmar ABC.<\/p>\n<p class=\"voc-p\" style=\"\">Tanto <strong>Laura<\/strong> como <strong>Alba<\/strong> han conseguido a lo largo de los a\u00f1os una amplia cartera de clientes para su negocio. Seg\u00fan los \u00faltimos datos de facturaci\u00f3n, las hijas del expresidente del Gobierno generan casi medio mill\u00f3n de ingresos.<\/p>\n<p class=\"voc-p\" style=\"\">Julio Mart\u00ednez Mart\u00ednez tiene inscritas a su nombre <strong>una treintena de sociedades<\/strong>. En muchas de ellas tambi\u00e9n figura como apoderado su hermano. M\u00e1s de una decena ya est\u00e1n sin actividad. Se da la casualidad de que algunas de ellas est\u00e1n en la misma zona donde ten\u00eda una casa de verano el ex dirigente socialista. Sin embargo, la noticia de la detenci\u00f3n de este empresario ha vuelto a despertar la larga sombra que vincula a Zapatero con Plus Ultra.<\/p>\n<p class=\"voc-p\" style=\"\">An\u00e1lisis Relevante S.L. tiene como objeto social la \u00abprestaci\u00f3n de servicios de apoyo, asesor\u00eda, consultor\u00eda y otro servicios similares al \u00e1mbito de la organizaci\u00f3n y gesti\u00f3n\u00bb y la \u00abdefinici\u00f3n y elaboraci\u00f3n de informes y estudios sobre estrategias y an\u00e1lisis de mercado consultor\u00eda de marketing y servicios\u00bb. La sede social de la empresa del cliente de las hijas de Zapatero se encuentra en un piso de la calle Diego de Le\u00f3n, en el barrio de Salamanca de Madrid. Se da la circunstancia de que se encuentra muy cerca de la vivienda que fue registrada por la UCO de la Guardia Civil en el marco de la operaci\u00f3n contra Leire D\u00edez. Los agentes sospechaban que este inmueble era un piso franco donde la exmilitante socialista se reun\u00eda con empresarios, seg\u00fan informaron fuentes del caso a ABC.<\/p>\n<p class=\"voc-p\" style=\"\">No obstante, el cliente de las hijas del expresidente del Gobierno cre\u00f3 su empresa el 3 de marzo de 2020, aunque no ha registrado ning\u00fan tipo de actividad. Tampoco consta que tenga empleados. En 2021 factur\u00f3 183.775 euros y gan\u00f3 35.153, seg\u00fan los datos presentados en el registro mercantil. <\/p>\n<p class=\"voc-p\" style=\"\">La relaci\u00f3n de Zapatero con Venezuela ya fue puesta sobre la mesa por el exministro Jos\u00e9 Luis \u00c1balos. El investigado por el caso Koldo dijo que tuvo <strong>presiones por parte de Zapatero<\/strong> para dar <strong>luz verde al rescate de Plus Ultra<\/strong>. El Gobierno de Pedro S\u00e1nchez acab\u00f3 destinando<strong> 53 millones de euros<\/strong> a la aerol\u00ednea para solventar sus problemas econ\u00f3micos.<\/p>\n<p>\nV\u00ednculos de Zapatero con Maduro\n<\/p>\n<p class=\"voc-p\" style=\"\">\u00c1balos, que ahora se encuentra <a href=\"https:\/\/www.abc.es\/espana\/abalos-solicita-primer-vis-vis-intimo-carcel-20251211133833-nt.html\" target=\"_self\" data-voc-vtm-id=\"in-text-traffic\" title=\"en la prisi\u00f3n de Soto del Real\" rel=\"nofollow noopener\">en la prisi\u00f3n de Soto del Real<\/a>, desvel\u00f3 diferentes reuniones del expresidente del Gobierno para conseguir desencallar la situaci\u00f3n. Unos trabajos que tambi\u00e9n fueron alertados por el empresario <strong>V\u00edctor de Aldama<\/strong>.<\/p>\n<p class=\"voc-p\" style=\"\">Aldama asegur\u00f3 que Zapatero lleg\u00f3 a viajar en avi\u00f3n con \u00e9l varias veces a Venezuela. Tambi\u00e9n reconoci\u00f3 su inter\u00e9s por conseguir el rescate para Plus Ultra.<\/p>\n<p class=\"voc-p\" style=\"\">Los <strong>v\u00ednculos<\/strong> de Zapatero con Nicol\u00e1s Maduro siempre han sido motivo de <strong>suspicacias por parte de la oposici\u00f3n<\/strong>. El expresidente lleva a\u00f1os defendiendo su trabajo en busca de la conciliaci\u00f3n en el pa\u00eds.<\/p>\n<p class=\"voc-p\" style=\"\">Desde hace a\u00f1os, este dinero que proporcion\u00f3 la SEPI a la aerol\u00ednea est\u00e1 en el foco de la pol\u00e9mica. Despu\u00e9s de varios intentos por judicializar el tema, ahora la UDEF de la Polic\u00eda Nacional ha tomado la batuta de la investigaci\u00f3n que se inici\u00f3 por una<strong> denuncia de la Fiscal\u00eda Anticorrupci\u00f3n<\/strong>. <\/p>\n<p class=\"voc-p\" style=\"\">Los agentes practican diligencias para <strong>aclarar<\/strong> si los fondos p\u00fablicos acabaron fuera de Espa\u00f1a y los responsables de la empresa intentaron obtener beneficios de estos movimientos. Este caso se ha prolongado en el tiempo por el archivo de las diligencias que fue revocado por la Audiencia Nacional.<\/p>\n<p class=\"voc-p\" style=\"\">La <strong>UDEF Central<\/strong> accedi\u00f3 este jueves a la sede de la empresa en Madrid. El principal objetivo era volcar los dispositivos m\u00f3viles de la empresa y tambi\u00e9n <strong>extraer los documentos relacionados con el rescate p\u00fablico<\/strong>. <\/p>\n<p class=\"voc-p\" style=\"\">Adem\u00e1s de las detenciones tambi\u00e9n se practicaron registros en viviendas. Ahora, queda por analizar la ingente informaci\u00f3n que han obtenido en los \u00faltimos d\u00edas.<\/p>\n<p class=\"voc-p\" style=\"\">Fuentes de la investigaci\u00f3n explicaron a ABC que la explotaci\u00f3n de este caso se lleva maquinando desde hace meses por parte de la UDEF Central. Los agentes han realizado <strong>vigilancias discretas<\/strong> a los m\u00e1ximos responsables de la aerol\u00ednea.<\/p>\n<p class=\"voc-p\" style=\"\">El magistrado titular del Juzgado de Instrucci\u00f3n n\u00famero 13 de Madrid, Alfredo Barrera, ha acordado este s\u00e1bado poner en libertad provisional con las medidas cautelares de retirada del pasaporte, prohibici\u00f3n de salir de territorio nacional y obligaci\u00f3n de comparecer en los juzgados quincenalmente a los detenidos en el marco del caso Plus Ultra. <\/p>\n<p class=\"voc-p\" style=\"\">En el marco de esta operaci\u00f3n de la Unidad de Delincuencia Econ\u00f3mica y Fiscal (UDEF) fueron detenidos este pasado jueves los dos m\u00e1ximos responsables de la aerol\u00ednea Plus Ultra, el due\u00f1o de la empresa, Julio Mart\u00ednez Sola, y el CEO, <strong>Roberto Roselli<\/strong>. El tercero en cuesti\u00f3n, detenido solo un d\u00eda despu\u00e9s, es el empresario <strong>Julio Mart\u00ednez Mart\u00ednez<\/strong>, que no tiene vinculaci\u00f3n laboral con la aerol\u00ednea pero que estar\u00eda implicado en el caso, en el que se investiga un <strong>delito de blanqueo de capitales<\/strong>. Fuentes pr\u00f3ximas a la investigaci\u00f3n indican a ABC que habr\u00eda un cuarto detenido que tambi\u00e9n habr\u00eda pasado este s\u00e1bado ante el juez.<\/p>\n<p class=\"voc-p\" style=\"\">Por otro lado, las fuentes jur\u00eddicas consultadas, y que han estado presentes en la comparecencia de esta ma\u00f1ana, indican que <a href=\"https:\/\/www.abc.es\/espana\/tres-detenidos-plus-ultra-20251213110432-nt.html\" target=\"_self\" data-voc-vtm-id=\"in-text-traffic\" title=\"los investigados se han acogido a su derecho a no declarar\" rel=\"nofollow noopener\">los investigados se han acogido a su derecho a no declarar<\/a>. <\/p>\n<p class=\"voc-p\" style=\"\">No obstante, Mart\u00ednez Mart\u00ednez s\u00ed que habr\u00eda respondido a su abogado que \u00e9l, como empresario, se habr\u00eda limitado a la prestaci\u00f3n de servicios a Plus Ultra. Tras las comparecencias, el juez ha acordado, adem\u00e1s, inhibirse en favor de la titular del Juzgado de Instrucci\u00f3n n\u00famero 15, Esperanza Collazos, que es la que conoce de la causa. <strong>Las actuaciones contin\u00faan secretas<\/strong>.<\/p>\n","protected":false},"excerpt":{"rendered":"Uno de los clientes de la agencia de las hijas de Zapatero forma parte de la lista de&hellip;\n","protected":false},"author":2,"featured_media":287216,"comment_status":"","ping_status":"","sticky":false,"template":"","format":"standard","meta":{"footnotes":""},"categories":[8],"tags":[17,18,20286,8838,18393,25,24,13,14,11,1642,19,20,9,10,15,16,7741,23,12,21,22,5765,7472],"class_list":{"0":"post-287215","1":"post","2":"type-post","3":"status-publish","4":"format-standard","5":"has-post-thumbnail","7":"category-espana","8":"tag-breaking-news","9":"tag-breakingnews","10":"tag-cliente","11":"tag-detenido","12":"tag-empresario","13":"tag-es","14":"tag-espana","15":"tag-featured-news","16":"tag-featurednews","17":"tag-headlines","18":"tag-hijas","19":"tag-latest-news","20":"tag-latestnews","21":"tag-news","22":"tag-noticias","23":"tag-noticias-destacadas","24":"tag-noticiasdestacadas","25":"tag-plus","26":"tag-spain","27":"tag-titulares","28":"tag-ultimas-noticias","29":"tag-ultimasnoticias","30":"tag-ultra","31":"tag-zapatero"},"share_on_mastodon":{"url":"https:\/\/pubeurope.com\/@es\/115715982220959590","error":""},"_links":{"self":[{"href":"https:\/\/www.europesays.com\/es\/wp-json\/wp\/v2\/posts\/287215","targetHints":{"allow":["GET"]}}],"collection":[{"href":"https:\/\/www.europesays.com\/es\/wp-json\/wp\/v2\/posts"}],"about":[{"href":"https:\/\/www.europesays.com\/es\/wp-json\/wp\/v2\/types\/post"}],"author":[{"embeddable":true,"href":"https:\/\/www.europesays.com\/es\/wp-json\/wp\/v2\/users\/2"}],"replies":[{"embeddable":true,"href":"https:\/\/www.europesays.com\/es\/wp-json\/wp\/v2\/comments?post=287215"}],"version-history":[{"count":0,"href":"https:\/\/www.europesays.com\/es\/wp-json\/wp\/v2\/posts\/287215\/revisions"}],"wp:featuredmedia":[{"embeddable":true,"href":"https:\/\/www.europesays.com\/es\/wp-json\/wp\/v2\/media\/287216"}],"wp:attachment":[{"href":"https:\/\/www.europesays.com\/es\/wp-json\/wp\/v2\/media?parent=287215"}],"wp:term":[{"taxonomy":"category","embeddable":true,"href":"https:\/\/www.europesays.com\/es\/wp-json\/wp\/v2\/categories?post=287215"},{"taxonomy":"post_tag","embeddable":true,"href":"https:\/\/www.europesays.com\/es\/wp-json\/wp\/v2\/tags?post=287215"}],"curies":[{"name":"wp","href":"https:\/\/api.w.org\/{rel}","templated":true}]}}