{"id":287222,"date":"2025-12-14T04:25:29","date_gmt":"2025-12-14T04:25:29","guid":{"rendered":"https:\/\/www.europesays.com\/es\/287222\/"},"modified":"2025-12-14T04:25:29","modified_gmt":"2025-12-14T04:25:29","slug":"los-anos-dorados-de-sarah-ferguson-como-duquesa-de-york","status":"publish","type":"post","link":"https:\/\/www.europesays.com\/es\/287222\/","title":{"rendered":"Los a\u00f1os dorados de Sarah Ferguson como duquesa de York"},"content":{"rendered":"<p><strong>Sarah Ferguson<\/strong> ha vuelto a caer en desgracia. Y ya es la segunda vez desde que se convirtiera en miembro de la familia real brit\u00e1nica a ra\u00edz de su boda con el hijo predilecto de la Reina Isabel. Aunque en esta ocasi\u00f3n la condena al ostracismo le ha pillado ya sin ser una m\u00e1s entre los Windsor, sino una especie de presencia constante a la que se hab\u00edan perdonado los errores del pasado.<\/p>\n<p>La hasta hace pocas semanas duquesa de York<strong> ha sido la v\u00edctima m\u00e1s directa del esc\u00e1ndalo que ha llevado al hermano del rey Carlos a perder sus t\u00edtulos y honores<\/strong>. No volveremos a o\u00edr hablar del pr\u00edncipe Andr\u00e9s o del duque de York, tampoco de la duquesa como tal, puesto que la retirada de los t\u00edtulos tambi\u00e9n se aplica a ella. A<strong>l igual que Diana de Gales, tras el divorcio Sarah Ferguson perdi\u00f3 el tratamiento de alteza real, pero conserv\u00f3 el t\u00edtulo de duquesa de York, que ha seguido utilizando todos estos a\u00f1os.<\/strong><\/p>\n<p>\n<img decoding=\"async\" loading=\"lazy\" class=\"size-full wp-image-2317247\" alt=\"Sarah Ferguson\" width=\"1707\" height=\"2560\"  src=\"https:\/\/www.europesays.com\/es\/wp-content\/uploads\/2025\/12\/placeholder.jpg\"  bad-src=\"https:\/\/www.europesays.com\/es\/wp-content\/uploads\/2025\/12\/placeholder.jpg\"\/><\/p>\n<p><img decoding=\"async\" loading=\"lazy\" class=\"size-full wp-image-2317247\" src=\"https:\/\/www.europesays.com\/es\/wp-content\/uploads\/2025\/12\/u580961_052-1-scaled.jpg\" alt=\"Sarah Ferguson\" width=\"1707\" height=\"2560\"  \/><\/p>\n<p> Sarah Ferguson en Windsor. (Foto: Gtres)\n<\/p>\n<p>Los correos intercambiados con el pederasta Jeffrey Epstein despu\u00e9s de que el magnate fuera condenado por delitos sexuales han puesto a la madre de las princesas Beatriz y Eugenia en el punto de mira. Aunque sus portavoces han dicho que Fergie escribi\u00f3 estos correos bajo coacciones, las organizaciones que colaboraban con ella se han distanciado y sus proyectos profesionales tambi\u00e9n han quedado paralizados. La casa real no puede tomar medidas directas contra ella, pero tampoco ha hecho falta.<strong> Sarah Ferguson est\u00e1 m\u00e1s sola que nunca.<\/strong><\/p>\n<p>\n<img decoding=\"async\" loading=\"lazy\" class=\"size-full wp-image-2434244\" alt=\"Sarah Ferguson\" width=\"1800\" height=\"1899\"  src=\"https:\/\/www.europesays.com\/es\/wp-content\/uploads\/2025\/12\/placeholder.jpg\"  bad-src=\"https:\/\/www.europesays.com\/es\/wp-content\/uploads\/2025\/12\/placeholder.jpg\"\/><\/p>\n<p><img decoding=\"async\" loading=\"lazy\" class=\"size-full wp-image-2434244\" src=\"https:\/\/www.europesays.com\/es\/wp-content\/uploads\/2025\/12\/sarr.jpg\" alt=\"Sarah Ferguson\" width=\"1800\" height=\"1899\"  \/><\/p>\n<p> Sarah Ferguson con el rey Carlos III. (Foto: Gtres)\n<\/p>\n<p><strong>Un aislamiento que contrasta con la etapa en la que era una de las grandes protagonistas de la actualidad y en la que incluso llegaba a rivalizar con Diana de Gales -en el buen sentido-<\/strong>. Diana y Fergie fueron las primeras nueras de la Reina Isabel II, las primeras mujeres de fuera de la familia que tuvieron que hacer frente a la complicada realidad que implicaba ser parte de los Windsor, con todas sus normas, sus costumbres y sus estrictos protocolos.<\/p>\n<p>\n<img decoding=\"async\" loading=\"lazy\" class=\"size-full wp-image-2381006\" alt=\"Sarah Ferguson y el pr\u00edncipe Andr\u00e9s en el funeral de la duquesa de Kent. (Foto: Gtres)\" width=\"1800\" height=\"1200\"  src=\"https:\/\/www.europesays.com\/es\/wp-content\/uploads\/2025\/12\/placeholder.jpg\"  bad-src=\"https:\/\/www.europesays.com\/es\/wp-content\/uploads\/2025\/12\/placeholder.jpg\"\/><\/p>\n<p><img decoding=\"async\" loading=\"lazy\" class=\"size-full wp-image-2381006\" src=\"https:\/\/www.europesays.com\/es\/wp-content\/uploads\/2025\/12\/u591005_071-1.jpg\" alt=\"Sarah Ferguson y el pr\u00edncipe Andr\u00e9s en el funeral de la duquesa de Kent. (Foto: Gtres)\" width=\"1800\" height=\"1200\"  \/><\/p>\n<p> Sarah y Andr\u00e9s en el funeral de la duquesa de Kent, antes de la retirada de t\u00edtulos. (Foto: Gtres)\n<\/p>\n<p>La \u00e9poca dorada de Sarah Ferguson<\/p>\n<p>Sin embargo, <strong>hubo un tiempo en el que Sarah Ferguson era un miembro popular de la familia real<\/strong>. Aunque no ten\u00eda el glamour y la elegancia de Diana de Gales, Sarah ca\u00eda simp\u00e1tica y eso le hizo ganar puntos entre los brit\u00e1nicos. Adem\u00e1s, era la esposa de todo un h\u00e9roe nacional. Andr\u00e9s goz\u00f3 de un gran apoyo en su pa\u00eds natal tras regresar con \u00e9xito de la Guerra de las Malvinas. Un triunfo que, seg\u00fan algunas fuentes, gener\u00f3 cierto recelo en el actual rey Carlos III, a quien no permitieron entrar en combate por su posici\u00f3n de heredero.<\/p>\n<p>\n<img decoding=\"async\" loading=\"lazy\" class=\"size-full wp-image-2293492\" alt=\"Reina Isabel II, Sarah Ferguson\" width=\"1800\" height=\"1013\"  src=\"https:\/\/www.europesays.com\/es\/wp-content\/uploads\/2025\/12\/placeholder.jpg\"  bad-src=\"https:\/\/www.europesays.com\/es\/wp-content\/uploads\/2025\/12\/placeholder.jpg\"\/><\/p>\n<p><img decoding=\"async\" loading=\"lazy\" class=\"size-full wp-image-2293492\" src=\"https:\/\/www.europesays.com\/es\/wp-content\/uploads\/2025\/12\/fergie.jpg\" alt=\"Reina Isabel II, Sarah Ferguson\" width=\"1800\" height=\"1013\"  \/><\/p>\n<p> Sarah Ferguson en un acto con la Reina Isabel II. (Foto: Gtres)\n<\/p>\n<p>Los a\u00f1os dorados de Fergie dentro de la familia real comenzaron en 1986, cuando contrajo matrimonio con Andr\u00e9s. El punto final de esta etapa fue su separaci\u00f3n y posterior divorcio, en torno a 1996. Durante esta etapa, Sarah fue una figura muy querida gracias a su car\u00e1cter cercano y a su espontaneidad, que contrastaba mucho con la rigidez protocolaria propia de la mayor\u00eda de los miembros de la familia real.<\/p>\n<p>\n<img decoding=\"async\" loading=\"lazy\" class=\"size-full wp-image-2132177\" alt=\"Sarah Ferguson\" width=\"1280\" height=\"1013\"  src=\"https:\/\/www.europesays.com\/es\/wp-content\/uploads\/2025\/12\/placeholder.jpg\"  bad-src=\"https:\/\/www.europesays.com\/es\/wp-content\/uploads\/2025\/12\/placeholder.jpg\"\/><\/p>\n<p><img decoding=\"async\" loading=\"lazy\" class=\"size-full wp-image-2132177\" src=\"https:\/\/www.europesays.com\/es\/wp-content\/uploads\/2025\/12\/a02016781_easy-resize.com_.jpg\" alt=\"Sarah Ferguson\" width=\"1280\" height=\"1013\"  \/><\/p>\n<p> Sarah Ferguson con Diana de Gales a comienzos de los ochenta. (Foto: Gtres).\n<\/p>\n<p><strong>Fergie no acaparaba portadas como Diana por ser la m\u00e1s guapa o la m\u00e1s elegante, pero s\u00ed destacaba porque era simp\u00e1tica y divertida<\/strong>. En estos a\u00f1os que particip\u00f3 activamente en la agenda se la pudo ver en actos fundamentalmente relacionados con causas solidarias, pero tambi\u00e9n art\u00edsticas y deportivas. No hay m\u00e1s que echar un vistazo a la hemeroteca para hacerse una idea de c\u00f3mo era Fergie en esta \u00e9poca.<strong> C\u00f3mo su sonrisa y su cabello rojo y ensortijado conquistaron a los ciudadanos.<\/strong> Al menos hasta que los esc\u00e1ndalos entraron a formar parte del d\u00eda a d\u00eda de los Windsor. No obstante, a pesar de que tras el divorcio tuvo que tomar distancia a nivel p\u00fablico, nunca se lleg\u00f3 a desvincular de la familia real.<\/p>\n<p>\n<img decoding=\"async\" loading=\"lazy\" class=\"size-full wp-image-1658702\" alt=\"Sarah Ferguson\" width=\"1800\" height=\"1013\"  src=\"https:\/\/www.europesays.com\/es\/wp-content\/uploads\/2025\/12\/placeholder.jpg\"  bad-src=\"https:\/\/www.europesays.com\/es\/wp-content\/uploads\/2025\/12\/placeholder.jpg\"\/><\/p>\n<p><img decoding=\"async\" loading=\"lazy\" class=\"size-full wp-image-1658702\" src=\"https:\/\/www.europesays.com\/es\/wp-content\/uploads\/2025\/12\/fergie8.jpg\" alt=\"Sarah Ferguson\" width=\"1800\" height=\"1013\"  \/><\/p>\n<p> Sarah Ferguson y Andr\u00e9s el d\u00eda de su boda en Londres. (Foto: Gtres)\n<\/p>\n<p>El esc\u00e1ndalo que supuso su primera ca\u00edda<\/p>\n<p>Como hemos dicho al principio de este texto, <strong>Sarah Ferguson es una de las perjudicadas del esc\u00e1ndalo que lleva a\u00f1os rodeando a Andr\u00e9s y que ha acabado con su ca\u00edda<\/strong>. Sin embargo, no es la primera vez que Fergie protagoniza una pol\u00e9mica que acaba con su distanciamiento de los Windsor.<\/p>\n<p>Era agosto de 1992 uno de los tabloides m\u00e1s populares del Reino Unido llev\u00f3 a su portada unas fotograf\u00edas que sacudieron la imagen de la monarqu\u00eda.<strong> Sarah Ferguson, duquesa de York, aparec\u00eda en bikini y en actitud relajada durante unas vacaciones por el Mediterr\u00e1neo mientras un hombre le chupaba un dedo del pie.<\/strong><\/p>\n<p>\n<img decoding=\"async\" loading=\"lazy\" class=\"size-full wp-image-1979286\" alt=\"Sarah Ferguson, rey Carlos III\" width=\"1800\" height=\"1891\"  src=\"https:\/\/www.europesays.com\/es\/wp-content\/uploads\/2025\/12\/placeholder.jpg\"  bad-src=\"https:\/\/www.europesays.com\/es\/wp-content\/uploads\/2025\/12\/placeholder.jpg\"\/><\/p>\n<p><img decoding=\"async\" loading=\"lazy\" class=\"size-full wp-image-1979286\" src=\"https:\/\/www.europesays.com\/es\/wp-content\/uploads\/2025\/12\/carlos-iii4.jpg\" alt=\"Sarah Ferguson, rey Carlos III\" width=\"1800\" height=\"1891\"  \/><\/p>\n<p> Sarah Ferguson en un acto en Windsor. (Foto: Gtres)\n<\/p>\n<p>Las fotograf\u00edas se realizaron pocos meses despu\u00e9s de que se hubiera confirmado que el proceso de separaci\u00f3n entre Andr\u00e9s y Fergie se hab\u00eda iniciado pero el reportaje fue la gota que colm\u00f3 el vaso. No se pod\u00eda concebir que a la duquesa de York un asesor financiero &#8211;<a href=\"https:\/\/okdiario.com\/look\/actualidad\/que-hacemos-fergie-windsor-jaque-caida-infiernos-duquesa-york-2387060\" rel=\"nofollow noopener\" target=\"_blank\">John Bryan<\/a>-, le chupara un dedo mientras su hija peque\u00f1a estaba a pocos metros. Era una imagen que la Corona no conceb\u00eda.<\/p>\n<p>En el momento de la publicaci\u00f3n Fergie estaba en Balmoral porque, aunque su relaci\u00f3n con Andr\u00e9s ten\u00eda los d\u00edas contados, la pareja ten\u00eda buena sinton\u00eda. Ni la Reina Isabel ni nadie de la familia pudo perdonar la ofensa, sobre todo, el duque de Edimburgo, que ni siquiera se reconcili\u00f3 con ella con el paso del tiempo.<\/p>\n<p>\n<img decoding=\"async\" loading=\"lazy\" class=\"size-full wp-image-1332462\" alt=\"Pr\u00edncipe Andr\u00e9s, Sarah Ferguson y Beatriz de York\" width=\"1800\" height=\"1280\"  src=\"https:\/\/www.europesays.com\/es\/wp-content\/uploads\/2025\/12\/placeholder.jpg\"  bad-src=\"https:\/\/www.europesays.com\/es\/wp-content\/uploads\/2025\/12\/placeholder.jpg\"\/><\/p>\n<p><img decoding=\"async\" loading=\"lazy\" class=\"size-full wp-image-1332462\" src=\"https:\/\/www.europesays.com\/es\/wp-content\/uploads\/2025\/12\/andres-1.jpg\" alt=\"Pr\u00edncipe Andr\u00e9s, Sarah Ferguson y Beatriz de York\" width=\"1800\" height=\"1280\"  \/><\/p>\n<p> Andr\u00e9s y Sarah Ferguson en Ascot con la princesa Beatriz de York. (Foto: Gtres)\n<\/p>\n<p><strong>Fergie acept\u00f3 su destierro con resignaci\u00f3n, en una actitud muy diferente a la de Diana de Gales.<\/strong> Nunca hizo declaraciones y con el tiempo y, sobre todo, por ser un apoyo constante para Andr\u00e9s, fue aceptada por algunos de los miembros de la familia real. Sobre todo, por la Reina Isabel II -de quien ha dicho en m\u00e1s de una ocasi\u00f3n que fue la suegra y la amiga m\u00e1s incre\u00edble- y por Camila, que valor\u00f3 mucho su implicaci\u00f3n con diferentes causas solidarias. Ahora, sin embargo, la situaci\u00f3n es mucho m\u00e1s complicada y la reconciliaci\u00f3n se antoja muy improbable.<\/p>\n","protected":false},"excerpt":{"rendered":"Sarah Ferguson ha vuelto a caer en desgracia. Y ya es la segunda vez desde que se convirtiera&hellip;\n","protected":false},"author":2,"featured_media":287223,"comment_status":"","ping_status":"","sticky":false,"template":"","format":"standard","meta":{"footnotes":""},"categories":[174],"tags":[255,146,147,25,24,256,12767,23],"class_list":{"0":"post-287222","1":"post","2":"type-post","3":"status-publish","4":"format-standard","5":"has-post-thumbnail","7":"category-famosos","8":"tag-celebrities","9":"tag-entertainment","10":"tag-entretenimiento","11":"tag-es","12":"tag-espana","13":"tag-famosos","14":"tag-sarah-ferguson","15":"tag-spain"},"share_on_mastodon":{"url":"https:\/\/pubeurope.com\/@es\/115716026422512010","error":""},"_links":{"self":[{"href":"https:\/\/www.europesays.com\/es\/wp-json\/wp\/v2\/posts\/287222","targetHints":{"allow":["GET"]}}],"collection":[{"href":"https:\/\/www.europesays.com\/es\/wp-json\/wp\/v2\/posts"}],"about":[{"href":"https:\/\/www.europesays.com\/es\/wp-json\/wp\/v2\/types\/post"}],"author":[{"embeddable":true,"href":"https:\/\/www.europesays.com\/es\/wp-json\/wp\/v2\/users\/2"}],"replies":[{"embeddable":true,"href":"https:\/\/www.europesays.com\/es\/wp-json\/wp\/v2\/comments?post=287222"}],"version-history":[{"count":0,"href":"https:\/\/www.europesays.com\/es\/wp-json\/wp\/v2\/posts\/287222\/revisions"}],"wp:featuredmedia":[{"embeddable":true,"href":"https:\/\/www.europesays.com\/es\/wp-json\/wp\/v2\/media\/287223"}],"wp:attachment":[{"href":"https:\/\/www.europesays.com\/es\/wp-json\/wp\/v2\/media?parent=287222"}],"wp:term":[{"taxonomy":"category","embeddable":true,"href":"https:\/\/www.europesays.com\/es\/wp-json\/wp\/v2\/categories?post=287222"},{"taxonomy":"post_tag","embeddable":true,"href":"https:\/\/www.europesays.com\/es\/wp-json\/wp\/v2\/tags?post=287222"}],"curies":[{"name":"wp","href":"https:\/\/api.w.org\/{rel}","templated":true}]}}