{"id":287224,"date":"2025-12-14T04:30:12","date_gmt":"2025-12-14T04:30:12","guid":{"rendered":"https:\/\/www.europesays.com\/es\/287224\/"},"modified":"2025-12-14T04:30:12","modified_gmt":"2025-12-14T04:30:12","slug":"david-sainz-luger-es-una-pelicula-de-guerrilla-hecha-sin-ningun-tipo-de-subvencion","status":"publish","type":"post","link":"https:\/\/www.europesays.com\/es\/287224\/","title":{"rendered":"David Sainz: \u00ab&#8217;Luger&#8217; es una pel\u00edcula de guerrilla, hecha sin ning\u00fan tipo de subvenci\u00f3n\u00bb"},"content":{"rendered":"<p class=\"v-mdl-ath__p v-mdl-ath__p--2\">\nFran Villalba\n<\/p>\n<p class=\"v-mdl-ath__p v-mdl-ath__p--3\">\nSan Crist\u00f3bal de la Laguna\n<\/p>\n<p class=\"v-mdl-ath__p v-mdl-ath__p--6\">\nS\u00e1bado, 13 de diciembre 2025, 22:52<\/p>\n<p class=\"v-p\">Rafa y Toni son dos buscavidas que se dedican a hacer peque\u00f1os trabajos al margen de la ley. Pero lo que parece un encargo sencillo (recuperar un coche robado) termina convirti\u00e9ndose en una carrera contrarreloj por hacerse con una pistola alemana de la Segunda Guerra Mundial (la Luger que da t\u00edtulo a la pel\u00edcula) que codician diferentes personajes, a cada cual m\u00e1s peligroso. Esta es la premisa de &#8216;<strong>Luger&#8217;, \u00abun &#8216;thriller&#8217; oscuro de acci\u00f3n\u00bb<\/strong>, como la califica el cineasta grancanario David Sainz, que a\u00f1ade que \u00aben el Fantastic Fest de Austin, Estados Unidos, donde se vio por primera vez, un periodista la calific\u00f3 como un &#8216;bromance&#8217; (amistad \u00edntima y no sexual entre dos hombres), que es una definici\u00f3n que a m\u00ed me gusta mucho. Porque aunque &#8216;Luger&#8217; en teor\u00eda va de la persecuci\u00f3n de un objeto robado, para m\u00ed en realidad trata de la relaci\u00f3n de dos amigos que se quieren como hermanos y que parecen destinados a estar juntos incluso aunque uno de ellos est\u00e9 deseoso de separarse y cambiar de vida. Hay muchas capas debajo de estos dos tipos duros, que en otra pel\u00edcula ser\u00edan los villanos pero que aqu\u00ed, y eso es lo interesante, son los protagonistas\u00bb.<\/p>\n<p class=\"v-p\">Lo curioso del caso es que en esta ocasi\u00f3n <strong>David Sainz <\/strong>(&#8216;Malviviendo&#8217;, &#8216;Grasa&#8217;, &#8216;En fin&#8217;) no es el guionista ni el director del proyecto, sino que <strong>lidera el reparto junto a Mario Mayo <\/strong>(&#8216;Os reviento&#8217;). El mayor sorprendido fue el propio David, que no estaba nada convencido de sus capacidades como actor y que intent\u00f3 por todos los medios hacer cambiar de idea al director, pero \u00ab<strong>Bruno Mart\u00edn es un t\u00edo muy cabez\u00f3n <\/strong>y se pas\u00f3 dos a\u00f1os pidi\u00e9ndome por favor que protagonizara su peli. Pero es que bien podr\u00eda haber sido su \u00faltima bala, porque ya ha cumplido los 40 y aunque ha hecho muchas cosas, en plan series, nunca se hab\u00eda puesto al frente de un largometraje, en el que adem\u00e1s estaba invirtiendo no s\u00f3lo su tiempo sino tambi\u00e9n su dinero. Yo no quer\u00eda estropearle todo esto, quer\u00eda que cogiera a un actor por derecho, alguien que le funcionase al cien por cien. Sinceramente no me considero actor, porque en realidad mis estudios han ido por otro lado, es decir, direcci\u00f3n, guion&#8230; La interpretaci\u00f3n creo que es un oficio que hay que aprenderlo, aunque s\u00ed es verdad que de tanto dirigir se me ha quedado la capacidad de interpretar papeles que se me parezcan. En ese sentido Rafa es un personaje con el que tengo muchos puntos en com\u00fan, porque Bruno lo escribi\u00f3 espec\u00edficamente para m\u00ed. Y fue tan, tan insistente que al final no pude esquivar esa bala y termin\u00e9 aceptando, algo de lo que ahora me alegro much\u00edsimo. Adem\u00e1s dirige de una forma muy abierta porque conf\u00eda en la gente que tiene a su alrededor, y ten\u00eda muy claro qui\u00e9n era mi personaje, as\u00ed que me sirvi\u00f3 mucho que me lo explicara y que luego me dejara aportarle mi propia sangre\u00bb.<\/p>\n<p class=\"v-p\">Lo que no hizo el director fue darle a David ejemplos cinematogr\u00e1ficos en los que basarse o recomendarle al equipo que viera ninguna pel\u00edcula en especial. \u00abEn eso los dos nos parecemos muchos. En mi caso, cuando dirijo, creo que hablar de t\u00edtulos o personajes en concreto muchas veces termina siendo contraproducente. <strong>Me gusta que el actor pueda hacer un trabajo de construcci\u00f3n de personaje junto a m\u00ed<\/strong>, sin tener que buscar otras referencias. Darle unas herramientas, una voz, una manera de hablar, pero que el actor pueda aportar tambi\u00e9n y crear un personaje \u00fanico. Y Bruno, siendo \u00e9l una enciclopedia del cine, tampoco utiliz\u00f3 ning\u00fan referente. Sab\u00edamos, porque lo conocemos muy bien, qu\u00e9 pel\u00edculas pod\u00edan haberle inspirado, pero no nos pusimos a ver ninguna. Tambi\u00e9n te digo que en mi opini\u00f3n la clave del \u00e9xito de los personajes de Toni y de Rafa, por hablar de los que interpretamos Mario y yo, es que son bastante patrios, costumbristas, y aunque beban de las cintas de acci\u00f3n americanas de los 70 y los 80 est\u00e1n construidos desde el barrio, desde el suelo y desde aqu\u00ed\u00bb.<\/p>\n<p>Un rodaje complicado<\/p>\n<p class=\"v-p\">No oculta que fue un rodaje complicado porque \u00ab&#8217;Luger&#8217; es puro cine independiente, se realiz\u00f3 con <strong>un presupuesto correcto aunque ajustado<\/strong>, y eso hizo que el rodaje fuese m\u00e1s corto de lo que deber\u00eda haber sido. Por suerte Bruno tambi\u00e9n era el montador de la pel\u00edcula y ten\u00eda las cosas muy claras, por lo que no grabamos demasiados planos de m\u00e1s. Pero evidentemente fue duro, sobre todo porque en gran parte se trat\u00f3 de un rodaje nocturno y las noches quieras que no psicol\u00f3gicamente te revientan. Lo bueno es que en este tipo de proyectos normalmente el equipo, que es peque\u00f1o, se convierte en una pi\u00f1a y van todos a una y ponen todos el pecho para recibir la bala que va para otro, y as\u00ed sucedi\u00f3 en este caso. <strong>Nos convertimos en una pandilla <\/strong>y sacamos esto adelante entre unos y otros\u00bb.<\/p>\n<p class=\"v-p\">Al estar en casi todos los planos de la cinta David pr\u00e1cticamente viv\u00eda en el set de rodaje, lo que tambi\u00e9n hizo que, como es l\u00f3gico, en m\u00e1s de una ocasi\u00f3n su mente de director se pusiera en funcionamiento. \u00abInevitablemente <strong>te surgen estos pensamientos intrusivos <\/strong>porque cada persona tiene una manera de contar las historias y sabe encontrar soluciones a situaciones concretas, y a m\u00ed me sal\u00edan todo el rato. A veces algunas de las cosas que ve\u00eda muy claras se las comentaba a Bruno, pero no en plan &#8216;haz esto&#8217;, que ser\u00eda meterme en su terreno y nunca fue mi intenci\u00f3n, sino &#8216;yo har\u00eda esto&#8217; por si le serv\u00eda para resolver alguna movida. Lo bueno es que \u00e9l lo ten\u00eda todo muy claro, aunque s\u00ed que me compr\u00f3 algunas de mis recomendaciones como director inteligente que es, igual que lo har\u00eda yo, es decir, si alguien me propone algo que mejora lo que traigo pensado, evidentemente lo cojo porque no soy idiota, y Bruno tampoco. Entonces fue bonito porque me convert\u00ed en una especie de portero delantero, un actor-asesor de direcci\u00f3n que le propon\u00eda cosas para que \u00e9l decidiera si le serv\u00edan o no. Con todo, quiero dejar claro que la pel\u00edcula es muy suya y creo que tom\u00f3 siempre decisiones certeras\u00bb.<\/p>\n<p class=\"v-p\">&#8216;Luger&#8217; (\u00abcon &#8216;g&#8217; suave, por favor, para que no haya confusiones, que es el nombre concreto de un arma y Bruno tiene una lucha con el tema de la pronunciaci\u00f3n\u00bb) es un largometraje en el que \u00ab<strong>hay menos acci\u00f3n de la que sugiere el tr\u00e1iler<\/strong>, y a\u00fan as\u00ed tiene m\u00e1s que la mayor\u00eda de t\u00edtulos espa\u00f1oles de este a\u00f1o\u00bb y que se ha rodado sin ning\u00fan tipo de subvenci\u00f3n o ayuda. \u00abLa peli existe porque Bruno invierte su propio dinero y porque una productora como La Dalia Films invierte su dinero\u00bb, afirma David Sainz. <\/p>\n<p class=\"v-p\">\u00ab<strong>La cosa en Espa\u00f1a est\u00e1 complicada<\/strong>, sobre todo para dirigir historias de este g\u00e9nero. En Canarias parece que se est\u00e1n dando m\u00e1s oportunidades, pero si te digo la verdad a m\u00ed de momento no me las han dado, as\u00ed que en realidad sigo trabajando de la misma forma que siempre, con la suerte de tener un nombre y el nombre de una productora que nos abre algunas puertas. Pero es dif\u00edcil. Al final el premio es para los que tienen la puerta abierta o que la saben abrir f\u00e1cilmente porque son buenos cerrajeros, pero en nuestro caso tenemos que pelearlo como siempre hemos hecho. A m\u00ed me hace mucha ilusi\u00f3n trabajar en Canarias, tengo muchas ganas de contar historias desde aqu\u00ed. Curiosamente ahora mismo estoy grabando algo bastante guay en las islas, que aunque se trata de un encargo estoy content\u00edsimo. Con los proyectos personales de momento no hemos encestado, pero estamos en ello\u00bb.<\/p>\n<p>\u00c9xitos festivaleros<\/p>\n<p class=\"v-p\">Aunque la pel\u00edcula a\u00fan no tiene fecha de estreno, su paso por distintos festivales se est\u00e1 saldando con un rotundo \u00e9xito. En el <strong>Fantastic Fest de Austin<\/strong> recibi\u00f3 una <strong>Menci\u00f3n Especial del Jurado y en el Festival Isla Calavera Ciudad de La Laguna <\/strong>fue la triunfadora absoluta, alz\u00e1ndose con cinco galardones: Mejor Pel\u00edcula, Mejor Director, Mejor Actor (ex aequo para David Sainz y Mario Mayo), Mejor Gui\u00f3n y Premio del P\u00fablico. <\/p>\n<p class=\"v-p\">\u00ab<strong>Todos los miembros del equipo estamos muy orgullosos del resultado<\/strong>, que tampoco es algo que suceda muy a menudo, y lo bonito es que el p\u00fablico tambi\u00e9n est\u00e1 acogiendo muy bien la pel\u00edcula. En Sitges en vez de Mario Mayo y David Sainz parec\u00edamos Jason Statham y Benicio del Toro por c\u00f3mo nos trataba la gente. Llevaban camisetas de &#8216;Luger&#8217;, nos felicitaban&#8230; En Austin la gente flipaba, aunque all\u00ed es que les encantan las propuestas de este tipo que llegan desde Espa\u00f1a, cosa que curiosamente no pasa en nuestro pa\u00eds. Y en Isla Calavera nos hemos llevado cinco premios, as\u00ed que nos vamos content\u00edsimos. Tengo muchas ganas de que &#8216;Luger&#8217; llegue ya a los cines y toda la gente la pueda ver\u00bb.<\/p>\n<p class=\"v-p\">Sobre <strong>su futuro como actor a las \u00f3rdenes de otros<\/strong>, ni siquiera el premio conseguido le hace cambiar demasiado de opini\u00f3n. \u00abEsto al final lo he hecho porque Bruno es mi amigo y yo por un amigo mato. Aunque admito que ser actor es uno de los curros m\u00e1s divertidos que existen, me lo pas\u00e9 genial y adem\u00e1s es magn\u00edfico porque, quieras que no, te quitas muchas responsabilidades. Sabiendo que ten\u00edamos un buen producto, en los festivales a los que hemos ido no he pasado los nervios que s\u00ed ten\u00eda cuando presentaba algo m\u00edo. Quieres que vaya bien, por puesto, pero al final es la responsabilidad de otro, por lo que sent\u00eda menos tensi\u00f3n. En cuanto a proyectos futuros delante de la c\u00e1mara, si alg\u00fan director est\u00e1 interesado en m\u00ed lo primero que tiene que saber es que soy bastante limitado como actor y que con el galard\u00f3n de Isla Calavera mi cach\u00e9 ha subido una barbaridad\u00bb, comenta entre risas. \u00abPero si con todo alguien me quiere y tiene suficiente presupuesto, si me encuentra quiz\u00e1s pueda contratarme\u00bb. Y es que a todos nos encanta que los planes salgan bien.<\/p>\n<p><img decoding=\"async\" loading=\"lazy\" src=\"https:\/\/www.europesays.com\/es\/wp-content\/uploads\/2025\/12\/Imagen IMG_6047-keHD--650x455@Canarias7.jpg\" class=\"v-a-img\" width=\"650\" height=\"455\" alt=\"David Sainz, en pleno rodaje.\" data-voc-vtm-id=\"in-text-traffic\"\/><\/p>\n<p>David Sainz, en pleno rodaje.<\/p>\n<p>C7<\/p>\n<p><img loading=\"lazy\" decoding=\"async\" src=\"https:\/\/www.europesays.com\/es\/wp-content\/uploads\/2025\/12\/Imagen IMG_6047-keHD--650x455@Canarias7.jpg\" class=\"v-mdl__img-z\" width=\"650\" height=\"455\" alt=\"\"\/><\/p>\n<p>El cineasta lleva actualmente las riendas del rodaje en Canarias de la serie &#8216;El ambulatorio&#8217;<\/p>\n<p class=\"v-p \">\nEl cineasta grancanario David Sainz dirige en estos momentos el rodaje de la serie &#8216;El ambulatorio&#8217;, primera sitcom que se lleva a cabo en las islas. Se trata de una producci\u00f3n de Videoreport Canarias que tendr\u00e1 50 episodios y cuyo reparto encabeza la actriz Carmen Ruiz. Esta comedia transcurre en \u00abun ambulatorio cualquiera, de un pueblo cualquiera, de una isla cualquiera de nuestro archipi\u00e9lago\u00bb, resume su director. \u00abLas historias son universales, es un humor perfectamente exportable, pero inevitablemente, todo lo que sucede en Canarias es muy canario: la manera de comportarnos, los acentos o lamanera de vivir\u00bb, a\u00f1ade. V\u00edctor Hubara, Yanely Hern\u00e1ndez, Kike P\u00e9rez, Delia Santana, Mari Carmen S\u00e1nchez o Nacho Pe\u00f1a son algunos de los actores que dan vida a los personajes de esta apuesta por el talento local.\n<\/p>\n<p>Reporta un error<\/p>\n","protected":false},"excerpt":{"rendered":"Fran Villalba San Crist\u00f3bal de la Laguna S\u00e1bado, 13 de diciembre 2025, 22:52 Rafa y Toni son dos&hellip;\n","protected":false},"author":2,"featured_media":287225,"comment_status":"","ping_status":"","sticky":false,"template":"","format":"standard","meta":{"footnotes":""},"categories":[169],"tags":[177,2429,146,147,25,24,176,69104,51438,69103,175,10732,1257,3731,23,24867,6593],"class_list":{"0":"post-287224","1":"post","2":"type-post","3":"status-publish","4":"format-standard","5":"has-post-thumbnail","7":"category-cine","8":"tag-cine","9":"tag-david","10":"tag-entertainment","11":"tag-entretenimiento","12":"tag-es","13":"tag-espana","14":"tag-film","15":"tag-guerrilla","16":"tag-hecha","17":"tag-luger","18":"tag-movies","19":"tag-ningun","20":"tag-pelicula","21":"tag-sainz","22":"tag-spain","23":"tag-subvencion","24":"tag-tipo"},"share_on_mastodon":{"url":"https:\/\/pubeurope.com\/@es\/115716045448198181","error":""},"_links":{"self":[{"href":"https:\/\/www.europesays.com\/es\/wp-json\/wp\/v2\/posts\/287224","targetHints":{"allow":["GET"]}}],"collection":[{"href":"https:\/\/www.europesays.com\/es\/wp-json\/wp\/v2\/posts"}],"about":[{"href":"https:\/\/www.europesays.com\/es\/wp-json\/wp\/v2\/types\/post"}],"author":[{"embeddable":true,"href":"https:\/\/www.europesays.com\/es\/wp-json\/wp\/v2\/users\/2"}],"replies":[{"embeddable":true,"href":"https:\/\/www.europesays.com\/es\/wp-json\/wp\/v2\/comments?post=287224"}],"version-history":[{"count":0,"href":"https:\/\/www.europesays.com\/es\/wp-json\/wp\/v2\/posts\/287224\/revisions"}],"wp:featuredmedia":[{"embeddable":true,"href":"https:\/\/www.europesays.com\/es\/wp-json\/wp\/v2\/media\/287225"}],"wp:attachment":[{"href":"https:\/\/www.europesays.com\/es\/wp-json\/wp\/v2\/media?parent=287224"}],"wp:term":[{"taxonomy":"category","embeddable":true,"href":"https:\/\/www.europesays.com\/es\/wp-json\/wp\/v2\/categories?post=287224"},{"taxonomy":"post_tag","embeddable":true,"href":"https:\/\/www.europesays.com\/es\/wp-json\/wp\/v2\/tags?post=287224"}],"curies":[{"name":"wp","href":"https:\/\/api.w.org\/{rel}","templated":true}]}}