{"id":287234,"date":"2025-12-14T04:36:10","date_gmt":"2025-12-14T04:36:10","guid":{"rendered":"https:\/\/www.europesays.com\/es\/287234\/"},"modified":"2025-12-14T04:36:10","modified_gmt":"2025-12-14T04:36:10","slug":"maria-corina-frente-a-maduro-momento-decisivo-en-venezuela","status":"publish","type":"post","link":"https:\/\/www.europesays.com\/es\/287234\/","title":{"rendered":"Mar\u00eda Corina frente a Maduro: momento decisivo en Venezuela"},"content":{"rendered":"<p>\u00abMaduro va a salir con o sin negociaci\u00f3n\u00bb. Mar\u00eda Corina Machado est\u00e1 convencida de que el pueblo venezolano recuperar\u00e1 la libertad. No sabe cu\u00e1ndo ser\u00e1 pero cree que ha empezado la cuenta atr\u00e1s para el l\u00edder chavista. <a href=\"https:\/\/www.elindependiente.com\/internacional\/2025\/10\/10\/el-nobel-de-la-paz-ignora-a-trump-y-premia-a-la-politica-venezolana-maria-corina-machado\/\" target=\"_blank\" rel=\"noreferrer noopener nofollow\">La Premio Nobel de la Paz de 2025<\/a> prometi\u00f3 ir a Oslo a recoger el galard\u00f3n y ha salido de la clandestinidad para hacerlo. <a href=\"https:\/\/www.elindependiente.com\/internacional\/2025\/12\/10\/maria-corina-machado-recibe-el-nobel-de-la-paz-con-maxima-expectacion-sobre-su-presencia-en-oslo\/\" target=\"_blank\" rel=\"noreferrer noopener nofollow\">No lleg\u00f3 a la ceremonia<\/a> pero s\u00ed logr\u00f3 salir de Venezuela tras una odisea digna de un guion de Netflix. De momento siente que su lugar est\u00e1 fuera del pa\u00eds. El objetivo sigue siendo el mismo: la recuperaci\u00f3n de la democracia. Asegura que volver\u00e1 a Venezuela, y que tambi\u00e9n lo har\u00e1n los millones de venezolanos forzados a la di\u00e1spora.<\/p>\n<p>El r\u00e9gimen chavista respondi\u00f3 al <a href=\"https:\/\/www.elindependiente.com\/internacional\/2025\/12\/10\/ana-corina-hija-de-la-nobel-de-la-paz-mi-madre-lucha-por-una-venezuela-libre-y-no-va-a-renunciar\/\" target=\"_blank\" rel=\"noreferrer noopener nofollow\">homenaje del Instituto Nobel a Mar\u00eda Corina Machado<\/a> como acostumbra. Ba\u00f1os de masas para trasladar la idea de que el pueblo est\u00e1 con Maduro. Y burlas a la que llaman \u00abbruja mal\u00e9fica\u00bb porque ni a mentar su nombre se atreven. Lo hacen para despreciarla pero en realidad muestran su debilidad ante un enemigo al que han menospreciado continuamente. <\/p>\n<p>\u00abEs un Nobel manchado de sangre\u00bb, dec\u00eda Delcy Rodr\u00edguez, en alusi\u00f3n a la alineaci\u00f3n de Mar\u00eda Corina Machado con las pr\u00e1cticas de Donald Trump en el Caribe y su amenaza de intervenci\u00f3n. En Oslo Mar\u00eda Corina Machado ha justificado el despliegue militar de EEUU en nombre de la defensa de sus intereses nacionales. Es arriesgado, pero la disidente venezolana conf\u00eda en el \u00abamigo americano\u00bb para provocar la ca\u00edda del dictador. <\/p>\n<p>Para Delcy Rodr\u00edguez la sangre de los suyos, de los ciudadanos muertos en las c\u00e1rceles venezolanas, no cuenta. En Venezuela los ciudadanos saben qui\u00e9nes son los carceleros y c\u00f3mo act\u00faan en el Helicoide y otros centros de torturas. La \u00faltima v\u00edctima ha sido el ex gobernador Alfredo D\u00edaz, muerto apenas unos d\u00edas antes de la entrega del Nobel. A Alfredo D\u00edaz mencion\u00f3 en su discurso el presidente del Comit\u00e9 Nobel, J\u00f8rgen Watne Frydnes, quien dej\u00f3 claro que Noruega ya no se cree las peroratas de Maduro y compa\u00f1\u00eda. Mar\u00eda Corina recibi\u00f3 los elogios del Parlamento noruego y del primer ministro, Jonas Gahr St\u00f8re. <\/p>\n<p>Noruega, que ampar\u00f3 las conversaciones durante a\u00f1os, se ha dado cuenta de que el r\u00e9gimen nunca quiso negociar. \u00abNo hay pa\u00eds que conozca mejor el tema venezolano que Noruega. La dureza del discurso dice entre l\u00edneas que saben que los chavistas se burlaron de ellos\u00bb, afirma Carmen Beatriz Fern\u00e1ndez, consultora en DataestrategIA. <\/p>\n<blockquote class=\"wp-block-quote is-style-default is-layout-flow wp-block-quote-is-layout-flow\">\n<p>Ya no ten\u00eda sentido que ella siguiera dentro de Venezuela. En estos meses en la clandestinidad ha tenido \u00ednfimas posibilidades de acci\u00f3n\u00bb<\/p>\n<p>CARMEN BEATRIZ FERN\u00c1NDEZ, CONSULTORA POL\u00cdTICA<\/p><\/blockquote>\n<p>Cambia el tablero de juego<\/p>\n<p><a href=\"https:\/\/www.elindependiente.com\/internacional\/2025\/12\/11\/maria-corina-machado-llega-por-fin-a-oslo-y-sale-de-la-clandestinidad-lo-logramos\/\" target=\"_blank\" rel=\"noreferrer noopener nofollow\">La salida de Mar\u00eda Corina Machado<\/a>, que llevaba en la clandestinidad 16 meses y sin aparecer en p\u00fablico casi un a\u00f1o, viene a confirmar que estamos en una nueva fase. <br \/>\u00abEl oficialismo arrebat\u00f3 la posibilidad de cambio por la v\u00eda democr\u00e1tica. Cerraron las puertas a la democracia y cambiaron el tablero de juego. Maduro ha cambiado el tablero de juego. Hasta julio de 2024 era un tablero m\u00e1s pol\u00edtico y a partir de entonces entramos en un tablero m\u00e1s b\u00e9lico. Y ah\u00ed Mar\u00eda Corina Machado no tiene fichas que jugar. La din\u00e1mica cambia cuando entra en acci\u00f3n el Departamento de Estado. Por eso no tiene sentido ya que ella siga dentro de Venezuela. En estos meses en la clandestinidad ha tenido \u00ednfimas posibilidades de acci\u00f3n\u00bb, apunta Carmen Beatriz Fern\u00e1ndez.\u00a0<\/p>\n<p>En ese cambio de tablero entra en juego la Administraci\u00f3n Trump, por v\u00eda de Marco Rubio, de origen cubano. Marco Rubio y Mar\u00eda Corina Machado se conocen muy bien desde hace a\u00f1os. El secretario de Estado ha convencido a Trump de que es el momento de ejercer la fuerza contra el r\u00e9gimen de Maduro. <\/p>\n<p>El despliegue de la fuerza naval y a\u00e9rea en el Caribe responde a este objetivo. \u00abLa captura del petrolero y los anuncios de nuevas sanciones econ\u00f3micas representan un cambio significativo en la campa\u00f1a de Trump contra el gobierno de Maduro\u00bb, afirma <a href=\"https:\/\/www.johnpolga.com\/\" rel=\"nofollow noopener\" target=\"_blank\">John Polga-Hecimovich<\/a>, profesor de Ciencia Pol\u00edtica en la Academia Naval de Washington.\u00a0Entre los sancionados est\u00e1n los sobrinos de Cilia Flores, esposa de Maduro. <\/p>\n<blockquote class=\"wp-block-quote is-layout-flow wp-block-quote-is-layout-flow\">\n<p>No se plantea una intervenci\u00f3n militar directa. Nunca ha sido favorable Trump a hacerlo. Usa la fuerza militar para ahogar la econom\u00eda\u00bb<\/p>\n<p>Anna Ayuso, investigadora s\u00e9nior en el CIDOB<\/p><\/blockquote>\n<p>\u00abNo se plantea una intervenci\u00f3n militar directa. Nunca ha sido favorable Trump a hacerlo. Usa la fuerza militar para aplicar un bloqueo f\u00e9rreo. Si impiden que salgan o entren barcos con petr\u00f3leo, o componentes para refinar el petr\u00f3leo, lo que hacen es ahogar la econom\u00eda\u00bb, afirma <a href=\"https:\/\/www.cidob.org\/expertos\/anna-ayuso-pozo\" rel=\"nofollow noopener\" target=\"_blank\">Anna Ayuso, investigadora s\u00e9nior y coordinadora de investigaci\u00f3n en el CIDOB<\/a>. Seg\u00fan Ayuso, Mar\u00eda Corina, al defender claramente la intervenci\u00f3n, corre riesgos porque eso legitima a EEUU para otras acciones futuras en la regi\u00f3n, no solo en Venezuela. <\/p>\n<p>El Nobel supuso un espaldarazo a la causa de Mar\u00eda Corina Machado, quien abander\u00f3 la estrategia para demostrar el fraude del r\u00e9gimen en las presidenciales de julio de 2024 con \u00e9xito. Lograron mostrar al mundo las actas electorales que demuestran la victoria de la oposici\u00f3n, encabezada accidentalmente por Eduardo Gonz\u00e1lez Urrutia. Es el presidente leg\u00edtimo, pero solo porque a Mar\u00eda Corina le impidieron presentarse. <\/p>\n<p>Despu\u00e9s <a href=\"https:\/\/www.elindependiente.com\/internacional\/2024\/09\/08\/edmundo-gonzalez-aterriza-en-espana-e-inicia-su-exilio\/\" target=\"_blank\" rel=\"noreferrer noopener nofollow\">Gonz\u00e1lez Urrutia sali\u00f3 de Venezuela con destino a Espa\u00f1a<\/a> porque su vida corr\u00eda peligro. De hecho, el r\u00e9gimen arrest\u00f3 a su yerno, y ahora le ha condenado a 30 a\u00f1os. Mar\u00eda Corina se recluy\u00f3 y la \u00faltima vez que sali\u00f3, en enero de 2025, fue detenida unas horas y luego recuper\u00f3 la libertad. Era un aviso del chavismo. <\/p>\n<p>Una odisea en alta mar<\/p>\n<p>De esta manera, aunque estaba en libertad, se hab\u00eda convertido en un reh\u00e9n del r\u00e9gimen. Por ello el Nobel le ha proporcionado la pista para salir con una misi\u00f3n, recogerlo para llev\u00e1rselo a los venezolanos, como ella misma dice. Pero primero hab\u00eda que salir. Su viaje ha estado lleno de riesgos, como ha confirmado el contratista Bryan Stern, un veterano de guerra estadounidense que ayud\u00f3 a que la misi\u00f3n acabara bien.<\/p>\n<p>Mar\u00eda Corina sali\u00f3 de su refugio el lunes por la tarde. Iba disfrazada y con una peluca. Sorte\u00f3 hasta diez alcabalas hasta llegar a una localidad desde donde parti\u00f3 en barca con direcci\u00f3n a Cura\u00e7ao. La parte m\u00e1s peligrosa del viaje fue esa traves\u00eda en alta mar que result\u00f3 muy compleja en la que colabor\u00f3 Bryan Stern, con experiencia en m\u00e1s de 7.000 extracciones. <\/p>\n<blockquote class=\"twitter-tweet\" data-width=\"550\" data-dnt=\"true\">\n<p lang=\"en\" dir=\"ltr\">Some missions punch harder than others \u2014 and this one hit deep. Extracting Mar\u00eda Corina Machado (<a href=\"https:\/\/twitter.com\/MariaCorinaYA?ref_src=twsrc%5Etfw\" rel=\"nofollow noopener\" target=\"_blank\">@MariaCorinaYA<\/a>) from Venezuela was one of the most complex, high-stakes operations I\u2019ve ever been part of \u2014 and also one of the most meaningful.<\/p>\n<p>Getting Mar\u00eda home to her children\u2026<\/p>\n<p>\u2014 Bryan Stern (@TheBryanStern) <a href=\"https:\/\/twitter.com\/TheBryanStern\/status\/1999256536468848695?ref_src=twsrc%5Etfw\" rel=\"nofollow noopener\" target=\"_blank\">December 11, 2025<\/a><\/p><\/blockquote>\n<p>Mar\u00eda Corina no ha dado detalles, pero s\u00ed ha reconocido que recibi\u00f3 ayuda de EEUU. Bryan Stern dice que no fue la Administraci\u00f3n Trump quien le pag\u00f3. Desde la isla de Cura\u00e7ao, avis\u00f3 a su familia y al Instituto Nobel de que s\u00ed llegar\u00eda a Olso pero tarde. Parti\u00f3 en avi\u00f3n privado y lleg\u00f3 finalmente cerca de la medianoche del mi\u00e9rcoles. <\/p>\n<p>La salida, debilidad del r\u00e9gimen<\/p>\n<p>En principio puede pensarse que al r\u00e9gimen chavista le conviene que Mar\u00eda Corina est\u00e9 fuera del pa\u00eds. El abogado y ex diputado venezolano Armando Armas cree que \u00abparad\u00f3jicamente, revela m\u00e1s debilidad del r\u00e9gimen que fortaleza. De la manera que sali\u00f3 de Venezuela refleja una gran debilidad del r\u00e9gimen. Mar\u00eda Corina se les escabull\u00f3.\u00a0Ahora bien, Maduro intentar\u00e1 venderlo como una victoria, porque todo r\u00e9gimen autoritario necesita construir relatos. Pero en t\u00e9rminos estrat\u00e9gicos, el hecho de que no pueda neutralizarla pol\u00edticamente dentro del pa\u00eds y ahora menos afuera, es algo que nos da una ventaja dentro del movimiento de liberaci\u00f3n\u00bb.\u00a0<\/p>\n<blockquote class=\"wp-block-quote is-layout-flow wp-block-quote-is-layout-flow\">\n<p>Su salida es una forma de preservar capacidad de acci\u00f3n pol\u00edtica, no de renunciar a ella\u00bb<\/p>\n<p>Armando Armas, abogado y ex diputado venezolano<\/p><\/blockquote>\n<p>Seg\u00fan Armando Armas, \u00abla salida de Mar\u00eda Corina Machado debe entenderse como una decisi\u00f3n pol\u00edtica forzada, no como un repliegue voluntario. Se produce en un contexto de acoso sostenido, con un riesgo real e inminente para su libertad personal y su integridad. En reg\u00edmenes autoritarios como el venezolano, permanecer dentro del pa\u00eds no siempre es sin\u00f3nimo de fortaleza; muchas veces es simplemente quedar a merced del aparato represivo. En ese sentido, su salida es una forma de preservar capacidad de acci\u00f3n pol\u00edtica, no de renunciar a ella\u00bb.<strong>\u00a0<\/strong><\/p>\n<p>A su juicio, \u00abestamos\u00a0en un momento bisagra en el que se trata de proteger una opci\u00f3n pol\u00edtica que el r\u00e9gimen no logr\u00f3 destruir por la v\u00eda electoral. Mar\u00eda Corina afronta ese riesgo ahora porque entiende que el conflicto ya no es solo interno, sino internacional, y que parte de la disputa por el futuro de Venezuela se juega fuera del territorio nacional: en tribunales, canciller\u00edas, parlamentos y organismos multilaterales\u00bb. En este sentido, Armas afirma que conf\u00eda en que Mar\u00eda Corina consiga ganar apoyos en Europa. <\/p>\n<p>Todav\u00eda no lo ha confirmado pero se espera que anuncie una gira por diversos pa\u00edss europeos. Con Espa\u00f1a ya ha sido cr\u00edtica, debido a la tibieza del Gobierno de S\u00e1nchez, que hasta se resisti\u00f3 a felicitarle por el Nobel. \u00abVa a aprovechar la oportunidad para reencontrarse con activistas y seguir construyendo apoyo internacional para su proyecto pol\u00edtico y causa, comenzando en Europa y continuando en Washington a principios de 2026\u00bb, se\u00f1ala John Polga.<\/p>\n<p>Salir del pa\u00eds conlleva el riesgo de no poder volver. El fiscal general, Tarek William Saab, hab\u00eda dicho que ser\u00e1 una fugitiva si viajaba a Noruega. Mar\u00eda Corina ha prometido volver. Y, de momento, cumple sus promesas. Hay temor a que se sume al ya numeroso exilio de dirigentes venezolanos. Gran parte de su cr\u00e9dito hasta ahora se deb\u00eda a que ella hab\u00eda resistido dentro. Pero hasta ahora siempre ha cumplido sus promesas. <\/p>\n<p>Un r\u00e9gimen agotado que lucha por su supervivencia<\/p>\n<p>De momento, est\u00e1 trabajando en articular una transici\u00f3n que no tiene fecha. Aunque el r\u00e9gimen da se\u00f1ales de agotamiento, a\u00fan puede resistir, sobre todo porque los militares se mantienen firmes con Maduro. \u00abEl r\u00e9gimen est\u00e1 agotado. Que se enquiste como en Cuba es complicado: es un pa\u00eds demasiado grande. Estamos en el inicio de cambio de r\u00e9gimen pero tardar\u00e1. El problema es el Ej\u00e9rcito porque est\u00e1n muy implicados. Su c\u00fapula est\u00e1 muy implicada en la represi\u00f3n y ser\u00eda muy dif\u00edcil que fueran amnistiados\u00bb, apunta Anna Ayuso. <\/p>\n<p>Armando Armas tampoco percibe \u00abun colapso inminente, pero s\u00ed un agotamiento estructural\u00bb. Se\u00f1ala que \u00abel r\u00e9gimen ya no tiene proyecto, solo supervivencia. Gobierna sin legitimidad democr\u00e1tica, con una econom\u00eda devastada y dependiendo cada vez m\u00e1s de la represi\u00f3n, la fragmentaci\u00f3n opositora y el desgaste social. Los finales de r\u00e9gimen rara vez son espectaculares; suelen ser procesos largos, erosionados, que se aceleran cuando confluyen presi\u00f3n interna, aislamiento externo y fracturas dentro del propio poder. Venezuela est\u00e1 en ese proceso de culminaci\u00f3n de una etapa\u00bb. <\/p>\n<p>Dado el modus operandi del r\u00e9gimen, en Venezuela temen que el \u00e9xito de la salida de Mar\u00eda Corina y su aclamaci\u00f3n en Oslo tenga como respuesta una oleada de represi\u00f3n del r\u00e9gimen. \u00abM\u00e1s nunca volver\u00e1n esos apellidos a Venezuela&#8230; Volver\u00e1 Rin Tintin, volver\u00e1 Tin Tan, pero los nazis y fascistas jam\u00e1s volver\u00e1n\u00bb, entonaba Maduro, burl\u00e1ndose de la sayona. Pero cuantos peores son los chistes y m\u00e1s frecuentes los bailes m\u00e1s endeble se muestran Maduro y los suyos. Hay nervios, y los venezolanos que todav\u00eda aguantan en el pa\u00eds saben c\u00f3mo reacciona el r\u00e9gimen cuando se ve acorralado. Solo queda esperar que la desesperaci\u00f3n tambi\u00e9n les lleve a dejar el barco. <\/p>\n<p>            <a class=\"articulo-relacionado__media\" href=\"https:\/\/www.elindependiente.com\/?p=4385787\" title=\"El &#039;c\u00edrculo de hierro&#039; de Maduro: qui\u00e9n es qui\u00e9n en el chavismo\" rel=\"nofollow noopener\" target=\"_blank\"><\/p>\n<p>                <img loading=\"lazy\" decoding=\"async\" src=\"data:image\/svg+xml,%3Csvg%20xmlns=\" http:=\"\" width=\"390\" height=\"220\" alt=\"El 'c\u00edrculo de hierro' de Maduro: qui\u00e9n es qui\u00e9n en el chavismo\" data-lazy-src=\"https:\/\/www.europesays.com\/es\/wp-content\/uploads\/2025\/12\/nucleo-duro-maduro-390x220.jpg\"\/><\/p>\n<p>\t\t\t            <\/a><\/p>\n<p>PUBLICIDAD<\/p>\n<p><script async src=\"https:\/\/platform.twitter.com\/widgets.js\" charset=\"utf-8\"><\/script><\/p>\n","protected":false},"excerpt":{"rendered":"\u00abMaduro va a salir con o sin negociaci\u00f3n\u00bb. Mar\u00eda Corina Machado est\u00e1 convencida de que el pueblo venezolano&hellip;\n","protected":false},"author":2,"featured_media":287235,"comment_status":"","ping_status":"","sticky":false,"template":"","format":"standard","meta":{"footnotes":""},"categories":[42],"tags":[17,18,13,14,11,61,62,63,64,19,20,4371,9,1194,10,15,16,12,21,22,1192,65,66,67],"class_list":{"0":"post-287234","1":"post","2":"type-post","3":"status-publish","4":"format-standard","5":"has-post-thumbnail","7":"category-internacional","8":"tag-breaking-news","9":"tag-breakingnews","10":"tag-featured-news","11":"tag-featurednews","12":"tag-headlines","13":"tag-internacional","14":"tag-international","15":"tag-international-news","16":"tag-internationalnews","17":"tag-latest-news","18":"tag-latestnews","19":"tag-maria-corina-machado","20":"tag-news","21":"tag-nicolas-maduro","22":"tag-noticias","23":"tag-noticias-destacadas","24":"tag-noticiasdestacadas","25":"tag-titulares","26":"tag-ultimas-noticias","27":"tag-ultimasnoticias","28":"tag-venezuela","29":"tag-world","30":"tag-world-news","31":"tag-worldnews"},"share_on_mastodon":{"url":"https:\/\/pubeurope.com\/@es\/115716069010137919","error":""},"_links":{"self":[{"href":"https:\/\/www.europesays.com\/es\/wp-json\/wp\/v2\/posts\/287234","targetHints":{"allow":["GET"]}}],"collection":[{"href":"https:\/\/www.europesays.com\/es\/wp-json\/wp\/v2\/posts"}],"about":[{"href":"https:\/\/www.europesays.com\/es\/wp-json\/wp\/v2\/types\/post"}],"author":[{"embeddable":true,"href":"https:\/\/www.europesays.com\/es\/wp-json\/wp\/v2\/users\/2"}],"replies":[{"embeddable":true,"href":"https:\/\/www.europesays.com\/es\/wp-json\/wp\/v2\/comments?post=287234"}],"version-history":[{"count":0,"href":"https:\/\/www.europesays.com\/es\/wp-json\/wp\/v2\/posts\/287234\/revisions"}],"wp:featuredmedia":[{"embeddable":true,"href":"https:\/\/www.europesays.com\/es\/wp-json\/wp\/v2\/media\/287235"}],"wp:attachment":[{"href":"https:\/\/www.europesays.com\/es\/wp-json\/wp\/v2\/media?parent=287234"}],"wp:term":[{"taxonomy":"category","embeddable":true,"href":"https:\/\/www.europesays.com\/es\/wp-json\/wp\/v2\/categories?post=287234"},{"taxonomy":"post_tag","embeddable":true,"href":"https:\/\/www.europesays.com\/es\/wp-json\/wp\/v2\/tags?post=287234"}],"curies":[{"name":"wp","href":"https:\/\/api.w.org\/{rel}","templated":true}]}}