{"id":287236,"date":"2025-12-14T04:37:17","date_gmt":"2025-12-14T04:37:17","guid":{"rendered":"https:\/\/www.europesays.com\/es\/287236\/"},"modified":"2025-12-14T04:37:17","modified_gmt":"2025-12-14T04:37:17","slug":"quien-mato-a-maxim-kuzminov-el-piloto-que-renuncio-a-rusia-y-acribillaron-a-tiros-en-alicante","status":"publish","type":"post","link":"https:\/\/www.europesays.com\/es\/287236\/","title":{"rendered":"Qui\u00e9n mat\u00f3 a Maxim Kuzminov, el piloto que renunci\u00f3 a Rusia y acribillaron a tiros en Alicante"},"content":{"rendered":"<p style=\"\"><strong>Maxim Kuzminov<\/strong> se gradu\u00f3 en la Escuela Superior de Pilotos de Aviaci\u00f3n Militar de Syzran, la tercera ciudad m\u00e1s grande en el \u00f3blast de Samara, Rusia. Como el resto de soldados, ten\u00eda un objetivo, una meta y un deber: servir a su pa\u00eds. Seis  &#8230; meses despu\u00e9s de la invasi\u00f3n del ej\u00e9rcito de Putin en Ucrania, fue destinado a Mari\u00fapol y luego a Berdiansk. Pilotaba un Mi-8, un helic\u00f3ptero de transporte, que no particip\u00f3 en ninguna acci\u00f3n de combate, pero a\u00fan as\u00ed quiso huir del horror. La <a href=\"https:\/\/www.abc.es\/internacional\/ucrania-recompensa-medio-millon-dolares-piloto-ruso-20230906102922-nt.html\" target=\"_blank\" data-voc-vtm-id=\"in-text-traffic\" title=\"operaci\u00f3n &#039;Syntysia&#039;\" data-mrf-link=\"www.abc.es\" rel=\"nofollow noopener\">operaci\u00f3n &#8216;Syntysia&#8217;<\/a> traz\u00f3 su plan de fuga pasando por Ucrania y ocult\u00e1ndose despu\u00e9s en Espa\u00f1a, concretamente en Villajoyosa, Alicante, como Igor Shevchenko, su nombre falso. All\u00ed, fue acribillado a tiros por unos sicarios que casi dos a\u00f1os despu\u00e9s nadie ha encontrado.<\/p>\n<p class=\"voc-p\" style=\"\">Conforme avanz\u00f3 ABC, la titular de la plaza n\u00famero 3 de la Secci\u00f3n Civil y de Instrucci\u00f3n del Tribunal de Instancia de Villajoyosa decret\u00f3 esta semana el sobreseimiento provisional, por falta de autor conocido, de la causa en la que investigaba el asesinato del piloto que desert\u00f3 del Ej\u00e9rcito ruso. Una decisi\u00f3n esperada, pese a las <a href=\"https:\/\/www.abc.es\/espana\/rusia-califica-piloto-desertor-asesinado-alicante-traidor-20240220121454-nt.html\" target=\"_blank\" data-voc-vtm-id=\"in-text-traffic\" title=\"sospechas adelantadas por este peri\u00f3dico\" data-mrf-link=\"www.abc.es\" rel=\"nofollow noopener\">sospechas adelantadas por este peri\u00f3dico<\/a> que apuntaban a un encargo a sicarios por parte de los servicios de inteligencia del Kremlin, puesto que el atestado entregado a la magistrada por la Polic\u00eda Judicial de la Guardia Civil detalla que \u00ab<strong>no ha sido posible concretar la autor\u00eda material<\/strong> o intelectual de los disparos contra la v\u00edctima\u00bb.<\/p>\n<p class=\"voc-p\" style=\"\">El \u00f3rgano judicial que estaba ese d\u00eda de guardia inco\u00f3 diligencias previas para la investigaci\u00f3n de los hechos, calificados inicialmente como un delito de homicidio o asesinato, y decret\u00f3 el secreto de las actuaciones para proteger las pesquisas. Sin embargo, las numerosas diligencias de investigaci\u00f3n practicadas por el <strong>grupo de Homicidios<\/strong> de la Unidad Org\u00e1nica de la Polic\u00eda Judicial de la Guardia Civil no han permitido dirigir la causa contra persona o personas concretas como autoras intelectuales o materiales del crimen.<\/p>\n<p class=\"voc-p\" style=\"\">\u00abAnalizadas las circunstancias concurrentes y, teniendo en cuenta los requisitos que deben concurrir para la comisi\u00f3n del il\u00edcito penal, se puede concluir, por esta juzgadora, que <strong>no existe prueba suficiente<\/strong> para atribuir la responsabilidad criminal a persona determinada como autor, c\u00f3mplice o encubridor de los hechos que han dado lugar a la formaci\u00f3n de la presente causa\u00bb, se\u00f1ala la instructora en un auto fechado el pasado mes de septiembre.<\/p>\n<p class=\"voc-p\" style=\"\">De esta manera, la Justicia espa\u00f1ola no ha podido confirmar las sospechas que exist\u00eda entre los investigadores de que detr\u00e1s del crimen estuvieron los servicios de inteligencia militar de Rusia, el GRU, mediante un encargo a sicarios altamente profesionalizados. De hecho, el jefe del Servicio de Espionaje Exterior de Rusia, Sergu\u00e9i Narishkin, lleg\u00f3 a referirse a Kuzminov como un \u00abcad\u00e1ver moral\u00bb y fue calificado en su pa\u00eds de origen de <strong>\u00abtraidor y criminal\u00bb<\/strong>.<\/p>\n<p class=\"voc-p\" style=\"\">Tanto que Rybar, el canal de Telegram promilitar ruso con mayor n\u00famero de seguidores en todo el mundo, public\u00f3 un <a href=\"https:\/\/www.abc.es\/espana\/comunidad-valenciana\/comic-ruso-narra-asesinato-piloto-desertor-kuzminov-20240424110033-nt.html\" target=\"_blank\" data-voc-vtm-id=\"in-text-traffic\" title=\"c\u00f3mic\" data-mrf-link=\"www.abc.es\" rel=\"nofollow noopener\">c\u00f3mic<\/a> que narraba una suerte de recreaci\u00f3n del crimen a sangre fr\u00eda de Kuzminov. 31 p\u00e1ginas donde se relataba el plan para asesinar al &#8216;traidor&#8217; y las imprudencias que llevaron a descubrirlo en la costa alicantina. \u00abEs \u00e9l\u00bb. Bajan del coche y dicen: \u00abHey, basura. Esto es por los chicos\u00bb, antes de acribillarle por la espalda y huir del lugar no sin antes asegurar que estaba muerto. Despu\u00e9s, acaba el c\u00f3mic con el incendio del veh\u00edculo utilizado y una conversaci\u00f3n entre ambos sicarios mientras contemplan el fuego que calcina el turismo.<\/p>\n<p>\nLas imprudencias de Kuzminov\n<\/p>\n<p class=\"voc-p\" style=\"\">Esta historia est\u00e1 llena de matices y puntos inconexos que hoy d\u00eda siguen siendo una inc\u00f3gnita. Por ejemplo, que la exclusiva de que el asesinato en Alicante era realmente el piloto desertor ruso la public\u00f3 el peri\u00f3dico digital italiano<strong> &#8216;Il Corrispondente&#8217;<\/strong>, un medio de comunicaci\u00f3n rodeado de misterio por su sentir an\u00f3nimo. Ninguna de sus informaciones llevan firma, pero a\u00fan as\u00ed tuvo la credibilidad suficiente por la agencia estatal rusa Tass para relanzar la noticia con su cita, en todo el mundo.<\/p>\n<p class=\"voc-p\" style=\"\">Tal y como public\u00f3 entonces ABC, sorprendi\u00f3 que ese peri\u00f3dico -filorruso-, desconocido para la gran mayor\u00eda de italianos, se adelantara a todos los medios publicando el nombre real de la v\u00edctima. Cit\u00f3 como fuente a la Guardia Civil y present\u00f3 la exclusiva la present\u00f3 como si fuera una sentencia contra un criminal y no el asesinato de un piloto que hab\u00eda denunciado p\u00fablicamente la guerra de Putin en Ucrania: \u00abLos traidores no viven mucho tiempo\u00bb.<\/p>\n<p><img decoding=\"async\" loading=\"lazy\" src=\"https:\/\/www.europesays.com\/es\/wp-content\/uploads\/2025\/12\/villajoyosa-alicante-U25173163587rxy-760x427@diario_abc.jpg\" class=\"voc-img\" width=\"760\" height=\"427\" alt=\"Urbanizaci\u00f3n donde viv\u00eda el piloto desertor ruso en Villajoyosa, Alicante\" data-voc-vtm-id=\"in-text-traffic\"\/><\/p>\n<p>Urbanizaci\u00f3n donde viv\u00eda el piloto desertor ruso en Villajoyosa, Alicante<\/p>\n<p>JUAN CARLOS SOLER<\/p>\n<p class=\"voc-p\" style=\"\">De lo que no hay duda es que el asesinato fue obra de profesionales, que estudiaron a fondo su objetivo hasta decidir el mejor momento para asesinarlo sin fallar. A las 17.30 horas, en la puerta del garaje de los apartamentos donde se escond\u00eda Kuzminov en Villajoyosa, donde tambi\u00e9n viv\u00edan compatriotas rusos y ucranianos. Intent\u00f3 escapar, pero no hubo escapatoria, le acribillaron a balazos y huyeron en un coche que fue calcinado voluntariamente en la localidad de El Campello.<\/p>\n<p class=\"voc-p\" style=\"\">En cuanto c\u00f3mo pudieron llegar estos sicarios hasta el desertor ruso, cabe incidir en el<strong> notable n\u00famero de imprudencias<\/strong> que llev\u00f3 a cabo desde que lleg\u00f3 a Alicante, donde era habitual que consumiera drogas, utilizara servicios de compa\u00f1\u00eda e incluso que protagonizara altercados p\u00fablicos en una zona de apartamento donde vive un gran n\u00famero de compatriotas. Adem\u00e1s, realizaba llamadas telef\u00f3nicas a su pa\u00eds con asiduidad, incluida su novia a la que invit\u00f3 a viajar y conocer su nueva vida. En las \u00faltimas declaraciones del Gobierno espa\u00f1ol al respecto, la ministra de Defensa, Margarita Robles, recalc\u00f3 que el desertor \u00abvino a Espa\u00f1a libremente\u00bb y que el Ejecutivo de Pedro S\u00e1nchez no estaba enterado de su supuesta presencia en territorio nacional.<\/p>\n<p>\nLa huida de Kuzminov\n<\/p>\n<p class=\"voc-p\" style=\"\">La primera vez que los ucranianos oyeron el nombre de Kuzminov fue el <a href=\"https:\/\/www.abc.es\/internacional\/ucrania-recompensa-medio-millon-dolares-piloto-ruso-20230906102922-nt.html\" target=\"_blank\" data-voc-vtm-id=\"in-text-traffic\" title=\"3 de septiembre de 2023\" data-mrf-link=\"www.abc.es\" rel=\"nofollow noopener\">3 de septiembre de 2023<\/a> en un documental emitido en la televisi\u00f3n nacional bajo el t\u00edtulo &#8216;Pilotos rusos ca\u00eddos&#8217;. En la cinta revelaba c\u00f3mo se plane\u00f3 la fuga y el aterrizaje de su aeronave, valorada en casi nueve millones de euros.<\/p>\n<p class=\"voc-p\" style=\"\">\u00abSi haces lo que yo hice, este tipo de cosas, no te arrepentir\u00e1s en absoluto. Tendr\u00e1s absolutamente todo para el resto de tu vida\u00bb, asegura Kuzminov, que proporcion\u00f3 pruebas valiosas sobre la aviaci\u00f3n del ej\u00e9rcito ruso, su sistema de comunicaci\u00f3n y la red de aer\u00f3dromos. La deserci\u00f3n fue el resultado de una larga operaci\u00f3n del HUR para traer el helic\u00f3ptero Mi-8 y su piloto a Ucrania. <\/p>\n<p class=\"voc-p\" style=\"\">Seg\u00fan relat\u00f3 el despu\u00e9s asesinado, sus padres apoyaron sus planes de desertar y se unieron a \u00e9l en Ucrania, pa\u00eds del que recibi\u00f3 <strong>500.000 d\u00f3lares en grivnas<\/strong>, la moneda local, as\u00ed como las facilidades para esconderse en Alicante, donde finalmente ser\u00eda asesinado, seg\u00fan la Justicia espa\u00f1ola, no se sabe por qui\u00e9n ni por qu\u00e9.<\/p>\n","protected":false},"excerpt":{"rendered":"Maxim Kuzminov se gradu\u00f3 en la Escuela Superior de Pilotos de Aviaci\u00f3n Militar de Syzran, la tercera ciudad&hellip;\n","protected":false},"author":2,"featured_media":287237,"comment_status":"","ping_status":"","sticky":false,"template":"","format":"standard","meta":{"footnotes":""},"categories":[8],"tags":[69108,2206,17,18,25,24,13,14,11,69106,19,20,37142,69105,9,10,15,16,14725,69107,1614,23,31072,12,21,22],"class_list":{"0":"post-287236","1":"post","2":"type-post","3":"status-publish","4":"format-standard","5":"has-post-thumbnail","7":"category-espana","8":"tag-acribillaron","9":"tag-alicante","10":"tag-breaking-news","11":"tag-breakingnews","12":"tag-es","13":"tag-espana","14":"tag-featured-news","15":"tag-featurednews","16":"tag-headlines","17":"tag-kuzminov","18":"tag-latest-news","19":"tag-latestnews","20":"tag-mato","21":"tag-maxim","22":"tag-news","23":"tag-noticias","24":"tag-noticias-destacadas","25":"tag-noticiasdestacadas","26":"tag-piloto","27":"tag-renuncio","28":"tag-rusia","29":"tag-spain","30":"tag-tiros","31":"tag-titulares","32":"tag-ultimas-noticias","33":"tag-ultimasnoticias"},"share_on_mastodon":{"url":"https:\/\/pubeurope.com\/@es\/115716073000057601","error":""},"_links":{"self":[{"href":"https:\/\/www.europesays.com\/es\/wp-json\/wp\/v2\/posts\/287236","targetHints":{"allow":["GET"]}}],"collection":[{"href":"https:\/\/www.europesays.com\/es\/wp-json\/wp\/v2\/posts"}],"about":[{"href":"https:\/\/www.europesays.com\/es\/wp-json\/wp\/v2\/types\/post"}],"author":[{"embeddable":true,"href":"https:\/\/www.europesays.com\/es\/wp-json\/wp\/v2\/users\/2"}],"replies":[{"embeddable":true,"href":"https:\/\/www.europesays.com\/es\/wp-json\/wp\/v2\/comments?post=287236"}],"version-history":[{"count":0,"href":"https:\/\/www.europesays.com\/es\/wp-json\/wp\/v2\/posts\/287236\/revisions"}],"wp:featuredmedia":[{"embeddable":true,"href":"https:\/\/www.europesays.com\/es\/wp-json\/wp\/v2\/media\/287237"}],"wp:attachment":[{"href":"https:\/\/www.europesays.com\/es\/wp-json\/wp\/v2\/media?parent=287236"}],"wp:term":[{"taxonomy":"category","embeddable":true,"href":"https:\/\/www.europesays.com\/es\/wp-json\/wp\/v2\/categories?post=287236"},{"taxonomy":"post_tag","embeddable":true,"href":"https:\/\/www.europesays.com\/es\/wp-json\/wp\/v2\/tags?post=287236"}],"curies":[{"name":"wp","href":"https:\/\/api.w.org\/{rel}","templated":true}]}}