{"id":287268,"date":"2025-12-14T05:16:29","date_gmt":"2025-12-14T05:16:29","guid":{"rendered":"https:\/\/www.europesays.com\/es\/287268\/"},"modified":"2025-12-14T05:16:29","modified_gmt":"2025-12-14T05:16:29","slug":"la-vejez-la-libertad-y-la-resistencia-frente-a-la-burocracia","status":"publish","type":"post","link":"https:\/\/www.europesays.com\/es\/287268\/","title":{"rendered":"la vejez, la libertad y la resistencia frente a la burocracia"},"content":{"rendered":"<p>Cuando el Gobierno decreta el traslado forzoso de las personas mayores a colonias remotas, una mujer de 77 a\u00f1os decide escapar y adentrarse en un viaje decisivo por el Amazonas. As\u00ed comienza El sendero azul, la nueva pel\u00edcula del brasile\u00f1o <b>Gabriel Mascaro<\/b>, presentada en la Secci\u00f3n Oficial de la Seminci tras lograr el <b>Gran Premio del Jurado en la Berlinale.<\/b> La cinta construye una distop\u00eda \u00edntima y conmovedora sobre la vejez, la libertad y la resistencia frente a una maquinaria institucional que, bajo la promesa de un \u00abfuturo para todos\u00bb, termina erosionando la autonom\u00eda de los cuerpos envejecidos.<\/p>\n<p>El origen del relato nace de una vivencia personal del propio director. \u00abMi abuela empez\u00f3 a pintar a los 80 a\u00f1os, cuando muri\u00f3 mi abuelo\u00bb, recuerda Mascaro (Recife, 1983). Aquella experiencia le revel\u00f3 que el final de una etapa tambi\u00e9n puede ser el principio de otra. Esa convicci\u00f3n atraviesa a la protagonista del film, una mujer que se rebela contra el destino que otros han dise\u00f1ado para ella y desaf\u00eda la idea de que en la vejez solo queda resignarse. Su fuga es, en realidad, una afirmaci\u00f3n radical de vida.<\/p>\n<p>                            <img decoding=\"async\" src=\"https:\/\/www.europesays.com\/es\/wp-content\/uploads\/2025\/12\/critica-sendero1.jpg\" loading=\"lazy\"\/><\/p>\n<p>Aunque la historia se desarrolla en un contexto futurista, el cineasta subraya su inquietante cercan\u00eda con el presente. \u00abSe ha normalizado que, cuanto mayor es un cuerpo, menor es su libertad\u00bb, afirma. El sendero azul habla de esas violencias sutiles que infantilizan a las personas mayores y las apartan del centro de la sociedad. Al mismo tiempo, se propone como un puente entre generaciones, una invitaci\u00f3n a repensar colectivamente qu\u00e9 modelo de convivencia se quiere construir.<\/p>\n<p>Mascaro reconoce la influencia de Una historia verdadera (David Lynch, 1999) y reivindica la falta de relatos protagonizados por personas mayores en el cine contempor\u00e1neo. \u00abLas aventuras parecen reservadas a los j\u00f3venes\u00bb, se\u00f1ala. En su pel\u00edcula, adem\u00e1s, ese desaf\u00edo se duplica al situar en el centro a una mujer, un cuerpo todav\u00eda m\u00e1s invisibilizado en la pantalla.<\/p>\n<p>Tras el impacto de Divino Amor (2019), este cuarto largometraje tard\u00f3 casi diez a\u00f1os en ver la luz por las trabas de financiaci\u00f3n durante el Gobierno de Bolsonaro. \u00abTuvimos el apoyo, pero no la liberaci\u00f3n del dinero. Estuvimos a punto de renunciar\u00bb, confiesa el director. El resultado es una obra delicada y valiente que reivindica el derecho a seguir so\u00f1ando hasta el final.<\/p>\n<p>WhatsApp<a href=\"https:\/\/api.whatsapp.com\/send?text=https:\/\/www.eleconomista.es\/evasion\/noticias\/13685597\/12\/25\/critica-de-el-sendero-azul-la-vejez-la-libertad-y-la-resistencia-frente-a-la-burocracia.html?utm_source%3Dwhatsapp%26utm_medium%3Dshare_button&amp;id=1648118629957_whatsapp\" target=\"_blank\" data-action=\"share\/whatsapp\/share\" aria-label=\"Compartir en Whatsapp\" rel=\"nofollow noopener\"><\/a>Facebook<a id=\"fb-share\" href=\"#\" target=\"_blank\" rel=\"noopener noreferrer\" aria-label=\"Compartir en Facebook\"><\/a>Twitter<a href=\"https:\/\/twitter.com\/share?text=Cr%C3%ADtica+de+%27El+sendero+azul%27%3A+la+vejez%2C+la+libertad+y+la+resistencia+frente+a+la+burocracia&amp;url=https:\/\/www.eleconomista.es\/evasion\/noticias\/13685597\/12\/25\/critica-de-el-sendero-azul-la-vejez-la-libertad-y-la-resistencia-frente-a-la-burocracia.html&amp;via=elEconomistaes&amp;id=1648118839245_twitter\" target=\"_blank\" aria-label=\"Compartir en Twitter\" rel=\"nofollow noopener\"><\/a>Linkedin<a href=\"https:\/\/linkedin.com\/share?text=https:\/\/www.eleconomista.es\/evasion\/noticias\/13685597\/12\/25\/critica-de-el-sendero-azul-la-vejez-la-libertad-y-la-resistencia-frente-a-la-burocracia.html&amp;via=elEconomistaes\" target=\"_blank\" aria-label=\"Compartir en linkedin\" rel=\"nofollow noopener\"><\/a>Beloud<a href=\"https:\/\/beloud.com\/share?text=Cr%C3%ADtica+de+%27El+sendero+azul%27%3A+la+vejez%2C+la+libertad+y+la+resistencia+frente+a+la+burocracia&amp;url=https:\/\/www.eleconomista.es\/evasion\/noticias\/13685597\/12\/25\/critica-de-el-sendero-azul-la-vejez-la-libertad-y-la-resistencia-frente-a-la-burocracia.html&amp;via=elEconomistaes&amp;id=1648118839245_beloud\" target=\"_blank\" aria-label=\"Compartir en beloud\" rel=\"nofollow noopener\"><\/a>Bluesky<a href=\"https:\/\/bsky.app\/intent\/compose?text=https:\/\/bsky.app\/intent\/compose?text=https:\/\/www.eleconomista.es\/evasion\/noticias\/13685597\/12\/25\/critica-de-el-sendero-azul-la-vejez-la-libertad-y-la-resistencia-frente-a-la-burocracia.html&amp;url=https:\/\/www.eleconomista.es\/evasion\/noticias\/13685597\/12\/25\/critica-de-el-sendero-azul-la-vejez-la-libertad-y-la-resistencia-frente-a-la-burocracia.html&amp;via=elEconomistaes&amp;id=1648118839245_bluesky\" target=\"_blank\" aria-label=\"Compartir en bluesky\" rel=\"nofollow noopener\"><\/a><\/p>\n<p><script async src=\"https:\/\/platform.twitter.com\/widgets.js\" charset=\"utf-8\"><\/script><\/p>\n","protected":false},"excerpt":{"rendered":"Cuando el Gobierno decreta el traslado forzoso de las personas mayores a colonias remotas, una mujer de 77&hellip;\n","protected":false},"author":2,"featured_media":287269,"comment_status":"","ping_status":"","sticky":false,"template":"","format":"standard","meta":{"footnotes":""},"categories":[169],"tags":[177,146,147,25,24,54481,176,175,23],"class_list":{"0":"post-287268","1":"post","2":"type-post","3":"status-publish","4":"format-standard","5":"has-post-thumbnail","7":"category-cine","8":"tag-cine","9":"tag-entertainment","10":"tag-entretenimiento","11":"tag-es","12":"tag-espana","13":"tag-evasion","14":"tag-film","15":"tag-movies","16":"tag-spain"},"share_on_mastodon":{"url":"https:\/\/pubeurope.com\/@es\/115716226793096783","error":""},"_links":{"self":[{"href":"https:\/\/www.europesays.com\/es\/wp-json\/wp\/v2\/posts\/287268","targetHints":{"allow":["GET"]}}],"collection":[{"href":"https:\/\/www.europesays.com\/es\/wp-json\/wp\/v2\/posts"}],"about":[{"href":"https:\/\/www.europesays.com\/es\/wp-json\/wp\/v2\/types\/post"}],"author":[{"embeddable":true,"href":"https:\/\/www.europesays.com\/es\/wp-json\/wp\/v2\/users\/2"}],"replies":[{"embeddable":true,"href":"https:\/\/www.europesays.com\/es\/wp-json\/wp\/v2\/comments?post=287268"}],"version-history":[{"count":0,"href":"https:\/\/www.europesays.com\/es\/wp-json\/wp\/v2\/posts\/287268\/revisions"}],"wp:featuredmedia":[{"embeddable":true,"href":"https:\/\/www.europesays.com\/es\/wp-json\/wp\/v2\/media\/287269"}],"wp:attachment":[{"href":"https:\/\/www.europesays.com\/es\/wp-json\/wp\/v2\/media?parent=287268"}],"wp:term":[{"taxonomy":"category","embeddable":true,"href":"https:\/\/www.europesays.com\/es\/wp-json\/wp\/v2\/categories?post=287268"},{"taxonomy":"post_tag","embeddable":true,"href":"https:\/\/www.europesays.com\/es\/wp-json\/wp\/v2\/tags?post=287268"}],"curies":[{"name":"wp","href":"https:\/\/api.w.org\/{rel}","templated":true}]}}