{"id":287298,"date":"2025-12-14T05:45:14","date_gmt":"2025-12-14T05:45:14","guid":{"rendered":"https:\/\/www.europesays.com\/es\/287298\/"},"modified":"2025-12-14T05:45:14","modified_gmt":"2025-12-14T05:45:14","slug":"negacion-negociacion-y-aceptacion-los-lideres-europeos-ante-el-divorcio-de-trump-con-europa-internacional","status":"publish","type":"post","link":"https:\/\/www.europesays.com\/es\/287298\/","title":{"rendered":"Negaci\u00f3n, negociaci\u00f3n y aceptaci\u00f3n: los l\u00edderes europeos ante el divorcio de Trump con Europa | Internacional"},"content":{"rendered":"<p class=\"\">Evitar hablar del conflicto en un intento de apaciguamiento; negarlo; apelar a la historia compartida, o asumirlo y seguir adelante. Las respuestas de los l\u00edderes europeos a <a href=\"https:\/\/elpais.com\/opinion\/2025-12-07\/la-doctrina-trump-contra-europa.html\" target=\"_self\" rel=\"nofollow noopener\" title=\"https:\/\/elpais.com\/opinion\/2025-12-07\/la-doctrina-trump-contra-europa.html\">la nueva Estrategia de Seguridad Nacional<\/a> de la Administraci\u00f3n de Donald Trump, publicada el viernes pasado, recuerdan a algunas fases del duelo tras un divorcio doloroso que no sorprende, pero que a\u00fan no se acepta. Quienes observan casi m\u00e1s desde fuera que desde dentro de la UE, como el ultraconservador h\u00fangaro Viktor Orb\u00e1n, se regodean, sin embargo, en la ruptura.<\/p>\n<p class=\"\">El <a href=\"https:\/\/elpais.com\/internacional\/2025-12-05\/trump-advierte-de-que-europa-se-enfrenta-a-la-desaparicion-de-su-civilizacion.html\" target=\"_self\" rel=\"nofollow noopener\" title=\"https:\/\/elpais.com\/internacional\/2025-12-05\/trump-advierte-de-que-europa-se-enfrenta-a-la-desaparicion-de-su-civilizacion.html\">golpe de EE UU a Europa<\/a>, cuya civilizaci\u00f3n ve en declive, oficializa un giro radical en las relaciones trasatl\u00e1nticas. Estados Unidos, un socio estrat\u00e9gico clave para la arquitectura de seguridad de los europeos desde la Segunda Guerra Mundial, no solo ya no ve al Viejo Continente como una prioridad, justo cuando m\u00e1s amenazada se siente por Mosc\u00fa. Va m\u00e1s all\u00e1, <a href=\"https:\/\/elpais.com\/internacional\/2025-12-07\/trump-pone-a-la-ue-ante-su-mayor-temor-la-injerencia-politica-de-su-gran-aliado.html\" target=\"_self\" rel=\"nofollow noopener\" title=\"https:\/\/elpais.com\/internacional\/2025-12-07\/trump-pone-a-la-ue-ante-su-mayor-temor-la-injerencia-politica-de-su-gran-aliado.html\">al proponerse \u201ccultivar la resistencia a la trayectoria actual de Europa\u201d<\/a> desde dentro, alentando y promoviendo a los partidos y movimientos de extrema derecha, con los que comparte misi\u00f3n y valores. <\/p>\n<p class=\"\">Mientras los l\u00edderes europeos de la internacional ultra celebran la nueva doctrina estadounidense, el resto digiere el choque como puede. <\/p>\n<p class=\"\">El primer ministro brit\u00e1nico, el laborista Keir Starmer, <a href=\"https:\/\/elpais.com\/internacional\/2025-09-17\/donald-trump-llega-al-reino-unido-en-medio-de-protestas-ciudadanas.html\" target=\"_self\" rel=\"nofollow noopener\" title=\"https:\/\/elpais.com\/internacional\/2025-09-17\/donald-trump-llega-al-reino-unido-en-medio-de-protestas-ciudadanas.html\">ha convertido en una prioridad de su mandato<\/a> cultivar y preservar la \u201crelaci\u00f3n especial\u201d que existe entre el Reino Unido y Estados Unidos desde los tiempos de Winston Churchill. Con ese prop\u00f3sito, el primer ministro brit\u00e1nico reh\u00faye el enfrentamiento directo con Trump, a pesar de que algunas de sus provocaciones, o de sus aliados, han supuesto un insulto directo a pol\u00edticos de su partido, como el alcalde de Londres, Sadiq Khan, o han contribuido a agitar la amenaza de la ultraderecha en territorio brit\u00e1nico.<\/p>\n<p><img alt=\"Donald Trump UK\" decoding=\"auto\" class=\"_re lazyload a_m-h\" height=\"277\"  width=\"414\"  src=\"https:\/\/www.europesays.com\/es\/wp-content\/uploads\/2025\/12\/XDTPWNNBWNOJFJ76QPC4C7A3HA.jpg\" loading=\"lazy\"\/>Trump y Starmer, en la Casa Blanca en febrero.Kevin Lamarque (REUTERS)<\/p>\n<p class=\"\">Starmer niega siempre la mayor, sin darse por aludido ni responder directamente al presidente estadounidense. El l\u00edder del Partido Liberal Dem\u00f3crata, Ed Davey, fue este mi\u00e9rcoles el primero en pedirle, durante la sesi\u00f3n de control parlamentario al Gobierno, su reacci\u00f3n ante la nueva estrategia. Davey le pregunt\u00f3 si iba a dejar claro a Trump que \u201ccualquier intento de injerencia\u201d en la democracia brit\u00e1nica es \u201cinaceptable\u201d. \u201cYo solo veo una Europa fuerte y unida en su apoyo a Ucrania y en la defensa de la libertad y la democracia, principios que defendemos desde hace mucho tiempo. Y yo siempre estar\u00e9 en pie para defenderlos\u201d, respond\u00eda el primer ministro, para esquivar una vez m\u00e1s el conflicto con Trump.<\/p>\n<p class=\"\">En Alemania, la nueva estrategia se ha recibido como una confirmaci\u00f3n del cambio profundo en la relaci\u00f3n bilateral y el fin de una \u00e9poca en la que EE UU fue el aliado privilegiado. El canciller alem\u00e1n, el democristiano Friedrich Merz, ha calificado de \u201cinaceptables\u201d los aspectos de <a href=\"https:\/\/www.whitehouse.gov\/wp-content\/uploads\/2025\/12\/2025-National-Security-Strategy.pdf\" target=\"_self\" rel=\"nofollow noopener\" title=\"https:\/\/www.whitehouse.gov\/wp-content\/uploads\/2025\/12\/2025-National-Security-Strategy.pdf\">la Estrategia de Seguridad Nacional<\/a> m\u00e1s agresivos contra los Gobiernos europeos. Al mismo tiempo, ha llamado a mantener \u201cla cabeza fr\u00eda\u201d y, \u201cm\u00e1s all\u00e1 de la ret\u00f3rica\u201d, a preservar la cooperaci\u00f3n con Washington. Para el Gobierno alem\u00e1n la prioridad es evitar el choque frontal, pues considera que hoy por hoy la UE no est\u00e1 preparada para <a href=\"https:\/\/elpais.com\/internacional\/2025-03-16\/las-grietas-de-la-defensa-europea-por-que-la-capacidad-disuasoria-frente-a-rusia-es-limitada.html\" target=\"_self\" rel=\"nofollow noopener\" title=\"https:\/\/elpais.com\/internacional\/2025-03-16\/las-grietas-de-la-defensa-europea-por-que-la-capacidad-disuasoria-frente-a-rusia-es-limitada.html\">prescindir de EE UU como potencia protectora<\/a>. En plenas conversaciones sobre una posible paz en Ucrania, la ruptura con Trump podr\u00eda ser letal, seg\u00fan este argumento.<\/p>\n<p><img decoding=\"auto\" class=\"_re lazyload a_m-h\" height=\"277\"  width=\"414\"  src=\"https:\/\/www.europesays.com\/es\/wp-content\/uploads\/2025\/12\/JNNQB46Y7NDJPJ24KXM4T6C6NI.jpg\" loading=\"lazy\"\/>El magnate Elon Musk, en un acto de campa\u00f1a del partido ultraderechista Alternativa por Alemania, en febrero.Sean Gallup (Getty Images)<\/p>\n<p class=\"\">La reacci\u00f3n ha sido distinta en el partido de extrema derecha Alternativa para Alemania (AfD), que conforma el segundo grupo parlamentario y lidera buena parte de los sondeos sobre expectativas de voto. Para esta formaci\u00f3n, que en la \u00faltima campa\u00f1a electoral <a href=\"https:\/\/elpais.com\/internacional\/2025-01-09\/el-apoyo-de-musk-a-la-extrema-derecha-trastoca-la-campana-electoral-en-alemania.html\" target=\"_self\" rel=\"nofollow noopener\" title=\"https:\/\/elpais.com\/internacional\/2025-01-09\/el-apoyo-de-musk-a-la-extrema-derecha-trastoca-la-campana-electoral-en-alemania.html\">cont\u00f3 con el apoyo del magnate Elon Musk<\/a>, el documento estadounidense representa un aval a sus posturas. En un mensaje en las redes sociales, su l\u00edder, Alice Weidel, hizo suyo el diagn\u00f3stico sobre el supuesto declive de Europa y concluy\u00f3 que \u201cpor eso es necesaria AfD\u201d.<\/p>\n<p>Autonom\u00eda estrat\u00e9gica<\/p>\n<p class=\"\">Francia observa la nueva estrategia estadounidense como una mera <a href=\"https:\/\/elpais.com\/internacional\/2025-02-16\/europa-se-asoma-a-una-nueva-epoca-con-el-crudo-cambio-de-rumbo-de-ee-uu.html\" target=\"_self\" rel=\"nofollow noopener\" title=\"https:\/\/elpais.com\/internacional\/2025-02-16\/europa-se-asoma-a-una-nueva-epoca-con-el-crudo-cambio-de-rumbo-de-ee-uu.html\">confirmaci\u00f3n de lo que comenz\u00f3 a constatarse<\/a> con <a href=\"https:\/\/elpais.com\/internacional\/2020-11-12\/berlin-y-paris-discrepan-sobre-la-estrategia-de-la-ue-para-la-era-post-trump.html\" target=\"_self\" rel=\"nofollow noopener\" title=\"https:\/\/elpais.com\/internacional\/2020-11-12\/berlin-y-paris-discrepan-sobre-la-estrategia-de-la-ue-para-la-era-post-trump.html\">el advenimiento del segundo mandato de Donald Trump en la Casa Blanca<\/a>. En el El\u00edseo, adem\u00e1s, creen que subraya la l\u00ednea del presidente, Emmanuel Macron, que ha insistido en que Europa no puede convertirse en un \u201cvasallo\u201d de Estados Unidos y que <a href=\"https:\/\/elpais.com\/internacional\/2022-01-10\/francia-vincula-la-seguridad-de-europa-a-la-autonomia-economica.html\" target=\"_self\" rel=\"nofollow noopener\" title=\"https:\/\/elpais.com\/internacional\/2022-01-10\/francia-vincula-la-seguridad-de-europa-a-la-autonomia-economica.html\">la autonom\u00eda estrat\u00e9gica europea es clave<\/a> en este nuevo contexto global. <\/p>\n<p class=\"\">La tensi\u00f3n, sin embargo, ha subido con la publicaci\u00f3n del documento. La secretaria de Estado para las Fuerzas Armadas, Alice Rufo, asegur\u00f3 en la Asamblea Nacional que \u201cla nueva estrategia de seguridad estadounidense es una clarificaci\u00f3n extremadamente brutal de la postura ideol\u00f3gica de Estados Unidos\u201d. Rufo, que hab\u00eda sido tambi\u00e9n consejera diplom\u00e1tica adjunta del presidente en temas de seguridad, cree que Europa debe reaccionar. \u201cVivimos en un mundo de carn\u00edvoros, Europa no es una isla, y solo ser\u00e1 respetada si sabe c\u00f3mo hacerse respetar [\u2026] Debemos acelerar el rearme de Francia, acelerar el rearme de Europa\u201d, subray\u00f3.<\/p>\n<p><img decoding=\"auto\" class=\"_re lazyload a_m-h\" height=\"276\"  width=\"414\"  src=\"https:\/\/www.europesays.com\/es\/wp-content\/uploads\/2025\/12\/3HKN55BAWZADNHALVWG2XNWSSY.jpg\" loading=\"lazy\"\/>Macron saluda a Trump durante la cumbre internacional para la paz en Gaza, celebrada en Sharm el-Sheikh, en Egipto, en octubre.Yoan Valat (AP)<\/p>\n<p class=\"\">En Italia, la reacci\u00f3n de Giorgia Meloni, abocada al constante equilibrismo, ha sido la habitual tras cada ataque de la Casa Blanca a la UE: desdramatizar, eludiendo los puntos m\u00e1s pol\u00e9micos, y <a href=\"https:\/\/elpais.com\/internacional\/2025-06-12\/italia-admite-subir-su-gasto-militar-al-5-pero-propone-ampliar-el-plazo-de-7-a-10-anos.html\" target=\"_self\" rel=\"nofollow noopener\" title=\"https:\/\/elpais.com\/internacional\/2025-06-12\/italia-admite-subir-su-gasto-militar-al-5-pero-propone-ampliar-el-plazo-de-7-a-10-anos.html\">darle parte de raz\u00f3n a Trump<\/a>. Su l\u00ednea b\u00e1sica argumental es que se deben mantener a toda costa los v\u00ednculos con Washington. La primera ministra no ve \u201cninguna erosi\u00f3n\u201d en la relaci\u00f3n y cree que el documento solo evidencia que Europa \u201cpara hacerse mayor tiene que defenderse sola\u201d. El ministro de Defensa, Guido Crosetto, la secund\u00f3 sobre la necesidad de que Europa se rearme: \u201cTrump solo ha acelerado un proceso irreversible\u201d.<\/p>\n<p class=\"\">Sobre Ucrania, Meloni es m\u00e1s clara en su sinton\u00eda con la Comisi\u00f3n Europea y el apoyo a Kiev. Sin embargo, pesan su ambig\u00fcedad y sus simpat\u00edas por Trump. Se qued\u00f3 fuera de la cumbre con el presidente ucranio, Volod\u00edmir Zelenski, <a href=\"https:\/\/elpais.com\/internacional\/2025-12-08\/el-reino-unido-francia-y-alemania-arropan-a-zelenski-frente-a-la-presion-de-trump-por-cerrar-un-acuerdo-de-paz.html\" target=\"_self\" rel=\"nofollow noopener\" title=\"https:\/\/elpais.com\/internacional\/2025-12-08\/el-reino-unido-francia-y-alemania-arropan-a-zelenski-frente-a-la-presion-de-trump-por-cerrar-un-acuerdo-de-paz.html\">organizada en Londres el lunes<\/a>, con los l\u00edderes de Reino Unido, Francia y Alemania. Pero al d\u00eda siguiente el presidente ucranio se preocup\u00f3 de ir a Roma a ver a Meloni (y tambi\u00e9n al Papa), porque sabe que tiene l\u00ednea directa con Trump. Estuvo hora y media con ella.<\/p>\n<p>\u201cEnemigos comunes\u201d<\/p>\n<p class=\"\">Polonia tampoco estuvo en el encuentro de Londres, a pesar de ser el mayor Estado de la UE fronterizo con Ucrania. Se juega su propia seguridad en esa guerra, y tambi\u00e9n en la relaci\u00f3n con Washington, cuyo paraguas de defensa considera fundamental. El primer ministro, el liberal Donald Tusk, escribi\u00f3 un mensaje en X que se hizo viral en el que se dirigi\u00f3 a sus \u201cqueridos amigos estadounidenses\u201d y les record\u00f3 que Europa es \u201csu mejor aliado, no su problema\u201d. \u201cTenemos enemigos comunes. Al menos as\u00ed ha sido en los \u00faltimos 80 a\u00f1os\u201d, dijo, \u201ca menos que algo haya cambiado\u201d.<\/p>\n<blockquote class=\"twitter-tweet\">\n<p lang=\"en\" dir=\"ltr\">Dear American friends, Europe is your closest ally, not your problem. And we have common enemies. At least that\u2019s how it has been in the last 80 years. We need to stick to this, this is the only reasonable strategy of our common security. Unless something has changed.<\/p>\n<p>\u2014 Donald Tusk (@donaldtusk) <a href=\"https:\/\/twitter.com\/donaldtusk\/status\/1997336196007985541?ref_src=twsrc%5Etfw\" rel=\"nofollow noopener\" target=\"_blank\">December 6, 2025<\/a><\/p><\/blockquote>\n<p class=\"\">El presidente ultranacionalista y conservador polaco, Karol Nawrocki, recibi\u00f3 <a href=\"https:\/\/elpais.com\/internacional\/2025-05-30\/violencia-prostitucion-y-apoyo-de-trump-el-revuelo-en-torno-al-candidato-ultraconservador-enturbia-las-presidenciales-en-polonia.html\" target=\"_self\" rel=\"nofollow noopener\" title=\"https:\/\/elpais.com\/internacional\/2025-05-30\/violencia-prostitucion-y-apoyo-de-trump-el-revuelo-en-torno-al-candidato-ultraconservador-enturbia-las-presidenciales-en-polonia.html\">el apoyo de Trump en su campa\u00f1a electoral el pasado mayo<\/a>. Forma parte de esos partidos y movimientos con los que el presidente estadounidense cuenta <a href=\"https:\/\/elpais.com\/internacional\/2025-12-08\/trump-europa-tiene-que-tener-cuidado-va-en-mala-direccion.html\" target=\"_self\" rel=\"nofollow noopener\" title=\"https:\/\/elpais.com\/internacional\/2025-12-08\/trump-europa-tiene-que-tener-cuidado-va-en-mala-direccion.html\">para reconducir a Europa<\/a>. Slawomir Cenckiewicz, que dirige la Oficina de Seguridad Nacional de Nawrocki, se dirigi\u00f3 al subsecretario de Defensa estadounidense, Elbridge Colby, ide\u00f3logo de la estrategia de Trump, para subrayar que coincid\u00eda con \u00e9l \u201cplenamente en la necesidad de que cada Estado desarrolle sus propias capacidades de defensa\u201d. <\/p>\n<p class=\"\">La nueva estrategia ofrece a Polonia \u201coportunidades para fortalecer su posici\u00f3n como un aliado clave de Estados Unidos en la regi\u00f3n\u201d, afirm\u00f3. El polaco aprovech\u00f3 para recordar, sin embargo, que Rusia es \u201cuna amenaza existencial\u201d para Polonia y toda la regi\u00f3n. <\/p>\n<p class=\"\">En cambio, Orb\u00e1n, el jefe de Gobierno de la UE <a href=\"https:\/\/elpais.com\/internacional\/2025-03-01\/orban-busca-sabotear-la-unidad-europea-y-exige-a-la-ue-que-inicie-negociaciones-con-rusia.html\" target=\"_self\" rel=\"nofollow noopener\" title=\"https:\/\/elpais.com\/internacional\/2025-03-01\/orban-busca-sabotear-la-unidad-europea-y-exige-a-la-ue-que-inicie-negociaciones-con-rusia.html\">m\u00e1s alineado con Washington y con Mosc\u00fa<\/a>, suscribi\u00f3 punto por punto la parte de la nueva estrategia que concierne a Europa, incluyendo que \u201cla relaci\u00f3n de Europa con Rusia necesita reconstruirse estrat\u00e9gicamente\u201d, seg\u00fan dijo <a href=\"https:\/\/x.com\/PM_ViktorOrban\/status\/1999037247010582583\" target=\"_self\" rel=\"nofollow\" title=\"https:\/\/x.com\/PM_ViktorOrban\/status\/1999037247010582583\">en redes sociales el jueves<\/a>. El primer ministro h\u00fangaro, que tiene la intenci\u00f3n declarada de <a href=\"https:\/\/elpais.com\/podcasts\/hoy-en-el-pais\/2023-12-14\/podcast-viktor-orban-el-dirigente-mas-incomodo-de-la-ue.html\" target=\"_self\" rel=\"nofollow noopener\" title=\"https:\/\/elpais.com\/podcasts\/hoy-en-el-pais\/2023-12-14\/podcast-viktor-orban-el-dirigente-mas-incomodo-de-la-ue.html\">tomar las instituciones europeas desde dentro<\/a> para darles un giro soberanista y ultraconservador, se regocij\u00f3 sin ambages con el tono de la Administraci\u00f3n Trump con Europa. \u201cEstados Unidos comprende con precisi\u00f3n el declive de Europa. Ven el declive a escala de la civilizaci\u00f3n contra el que en Hungr\u00eda llevamos 15 a\u00f1os luchando. Por fin, no luchamos solos\u201d, celebr\u00f3.<\/p>\n<p class=\"\">Con informaci\u00f3n de <b>Rafa de Miguel<\/b>, <b>Marc Bassets<\/b>, <b>Daniel Verd\u00fa<\/b>, <b>\u00cd\u00f1igo Dom\u00ednguez<\/b> y <b>Gloria Rodr\u00edguez-Pina<\/b>. <\/p>\n<p><script async src=\"https:\/\/platform.twitter.com\/widgets.js\" charset=\"utf-8\"><\/script><\/p>\n","protected":false},"excerpt":{"rendered":"Evitar hablar del conflicto en un intento de apaciguamiento; negarlo; apelar a la historia compartida, o asumirlo y&hellip;\n","protected":false},"author":2,"featured_media":287299,"comment_status":"","ping_status":"","sticky":false,"template":"","format":"standard","meta":{"footnotes":""},"categories":[42],"tags":[17,18,352,16154,730,629,13,14,317,1661,14655,11,3957,61,62,63,64,628,2928,19,20,9,10,15,16,7027,1614,12,7081,21,22,1617,13020,65,66,67],"class_list":{"0":"post-287298","1":"post","2":"type-post","3":"status-publish","4":"format-standard","5":"has-post-thumbnail","7":"category-internacional","8":"tag-breaking-news","9":"tag-breakingnews","10":"tag-donald-trump","11":"tag-donald-tusk","12":"tag-emmanuel-macron","13":"tag-estados-unidos","14":"tag-featured-news","15":"tag-featurednews","16":"tag-francia","17":"tag-friedrich-merz","18":"tag-giorgia-meloni","19":"tag-headlines","20":"tag-hungria","21":"tag-internacional","22":"tag-international","23":"tag-international-news","24":"tag-internationalnews","25":"tag-italia","26":"tag-keir-starmer","27":"tag-latest-news","28":"tag-latestnews","29":"tag-news","30":"tag-noticias","31":"tag-noticias-destacadas","32":"tag-noticiasdestacadas","33":"tag-polonia","34":"tag-rusia","35":"tag-titulares","36":"tag-ucrania","37":"tag-ultimas-noticias","38":"tag-ultimasnoticias","39":"tag-union-europea","40":"tag-viktor-orban","41":"tag-world","42":"tag-world-news","43":"tag-worldnews"},"share_on_mastodon":{"url":"","error":"Validation failed: Text character limit of 500 exceeded"},"_links":{"self":[{"href":"https:\/\/www.europesays.com\/es\/wp-json\/wp\/v2\/posts\/287298","targetHints":{"allow":["GET"]}}],"collection":[{"href":"https:\/\/www.europesays.com\/es\/wp-json\/wp\/v2\/posts"}],"about":[{"href":"https:\/\/www.europesays.com\/es\/wp-json\/wp\/v2\/types\/post"}],"author":[{"embeddable":true,"href":"https:\/\/www.europesays.com\/es\/wp-json\/wp\/v2\/users\/2"}],"replies":[{"embeddable":true,"href":"https:\/\/www.europesays.com\/es\/wp-json\/wp\/v2\/comments?post=287298"}],"version-history":[{"count":0,"href":"https:\/\/www.europesays.com\/es\/wp-json\/wp\/v2\/posts\/287298\/revisions"}],"wp:featuredmedia":[{"embeddable":true,"href":"https:\/\/www.europesays.com\/es\/wp-json\/wp\/v2\/media\/287299"}],"wp:attachment":[{"href":"https:\/\/www.europesays.com\/es\/wp-json\/wp\/v2\/media?parent=287298"}],"wp:term":[{"taxonomy":"category","embeddable":true,"href":"https:\/\/www.europesays.com\/es\/wp-json\/wp\/v2\/categories?post=287298"},{"taxonomy":"post_tag","embeddable":true,"href":"https:\/\/www.europesays.com\/es\/wp-json\/wp\/v2\/tags?post=287298"}],"curies":[{"name":"wp","href":"https:\/\/api.w.org\/{rel}","templated":true}]}}