{"id":287365,"date":"2025-12-14T06:56:12","date_gmt":"2025-12-14T06:56:12","guid":{"rendered":"https:\/\/www.europesays.com\/es\/287365\/"},"modified":"2025-12-14T06:56:12","modified_gmt":"2025-12-14T06:56:12","slug":"dos-personas-muertas-y-varios-heridos-graves-por-tiroteo-en-universidad-de-eeuu","status":"publish","type":"post","link":"https:\/\/www.europesays.com\/es\/287365\/","title":{"rendered":"Dos personas muertas y varios heridos graves por tiroteo en universidad de EEUU"},"content":{"rendered":"<p>    <img src=\"https:\/\/www.europesays.com\/es\/wp-content\/uploads\/2025\/12\/2025-12-14T043A053A35Z-90634612.jpg\" width=\"1024\" height=\"682\" alt=\"\" loading=\"eager\" decoding=\"sync\" fetchpriority=\"high\"\/><\/p>\n<p>            afp_tickers        <\/p>\n<p>        Este contenido fue publicado en    <\/p>\n<p>        14 diciembre 2025 &#8211; 06:00\n<\/p>\n<p>Un tiroteo el s\u00e1bado en el campus de la Universidad de Brown, una de las m\u00e1s prestigiosas de Estados Unidos, dej\u00f3 dos muertos y nueve heridos, informaron las autoridades.<\/p>\n<p>Ocho de los nueve heridos se encuentran en estado grave pero estable, declar\u00f3 en conferencia de prensa el alcalde de Providence, en Rhode Island (noreste), Brett Smiley.<\/p>\n<p>La novena persona que \u00abrecibi\u00f3 fragmentos del tiroteo\u00bb fue llevada m\u00e1s tarde al hospital, dijeron las autoridades.<\/p>\n<p>Diez de las 11 v\u00edctimas eran estudiantes, dijo la presidenta de la Universidad Brown, Christina Paxson, en una sesi\u00f3n informativa en la noche.<\/p>\n<p>\u00abEs, por desgracia, un d\u00eda como el que la ciudad de Providence y el estado de Rhode Island rezaban para que nunca llegara\u00bb, lament\u00f3 Smiley en referencia a las tragedias recurrentes provocadas por las armas de fuego en todo Estados Unidos.<\/p>\n<p>En una segunda rueda de prensa por la noche, el alcalde precis\u00f3 que el atacante a\u00fan no hab\u00eda sido detenido y que se desplegaron m\u00e1s de 400 miembros de las fuerzas del orden.\u00a0<\/p>\n<p>Los funcionarios de la universidad recalcaron que el campus segu\u00eda confinado mientras se acercaba la medianoche.<\/p>\n<p>El ataque ocurri\u00f3 en el edificio Barus and Holley, sede de los departamentos de ingenier\u00eda y f\u00edsica, donde se realizaban varios ex\u00e1menes en ese momento.\u00a0<\/p>\n<p>\u00abEstamos utilizando todos los recursos posibles para encontrar a este sospechoso. La orden de refugiarse sigue vigente y exhorto a las personas a que la tomen muy en serio. Por favor, no vengan al \u00e1rea\u00bb, declar\u00f3 m\u00e1s temprano el subjefe de polic\u00eda Timothy O\u2019Hara.<\/p>\n<p>La Universidad de Brown report\u00f3 a las 16H22 locales (21H22 GMT) la presencia de un \u00abatacante activo\u00bb.\u00a0<\/p>\n<p>\u00abCierren las puertas, silencien sus tel\u00e9fonos y permanezcan ocultos hasta nueva orden\u00bb, dec\u00eda la alerta inicial de emergencia.<\/p>\n<p>La polic\u00eda y los equipos de socorro se agolparon en el lugar, y la cadena local WPRI inform\u00f3 que hab\u00eda ropa y sangre en la acera.<\/p>\n<p>-Rezar por las v\u00edctimas-<\/p>\n<p>La polic\u00eda public\u00f3 un video en el que el presunto autor de los hechos sale del edificio, vestido con ropa oscura.\u00a0<\/p>\n<p>Testigos se\u00f1alaron que tambi\u00e9n llevaba \u00abuna m\u00e1scara de camuflaje gris\u00bb, precis\u00f3 O\u2019Hara, quien pidi\u00f3 a los testigos que aporten cualquier informaci\u00f3n \u00fatil para la investigaci\u00f3n.\u00a0<\/p>\n<p>El sospechoso fue visto por \u00faltima vez saliendo del edificio y no se ha hallado ning\u00fan arma, dijeron las autoridades.<\/p>\n<p>El presidente Donald Trump dijo en su red social Truth Social que fue informado del tiroteo y que el FBI se encontraba en el lugar.\u00a0<\/p>\n<p>\u00abQu\u00e9 cosa tan terrible\u00bb, escribi\u00f3. \u00abTodo lo que podemos hacer ahora mismo es rezar por las v\u00edctimas\u00bb.<\/p>\n<p>La prestigiosa universidad de la Ivy League est\u00e1 ubicada en Providence, cerca de Boston y tiene alrededor de 11.000 estudiantes.<\/p>\n<p>-Armas de fuego en EEUU-<\/p>\n<p>Este es el m\u00e1s reciente en una larga serie de ataques armados en centros educativos en Estados Unidos, pa\u00eds en el que los intentos de restringir el f\u00e1cil acceso a las armas de fuego se enfrentan a un bloqueo pol\u00edtico.<\/p>\n<p>Con m\u00e1s armas de fuego en circulaci\u00f3n que n\u00famero de habitantes, Estados Unidos presenta la tasa de mortalidad por armas m\u00e1s alta de todos los pa\u00edses desarrollados.<\/p>\n<p>Las matanzas son un flagelo recurrente que los sucesivos gobiernos no han logrado contener hasta ahora, ya que muchos estadounidenses siguen muy apegados al porte de armas, garantizado por la Constituci\u00f3n.<\/p>\n<p>En 2024, m\u00e1s de 16.000 personas, sin contar los suicidios, murieron por arma de fuego, seg\u00fan la ONG Gun Violence Archive.<\/p>\n<p>acb\/ksb\/mvl\/nn\/mas<\/p>\n","protected":false},"excerpt":{"rendered":"afp_tickers Este contenido fue publicado en 14 diciembre 2025 &#8211; 06:00 Un tiroteo el s\u00e1bado en el campus&hellip;\n","protected":false},"author":2,"featured_media":287366,"comment_status":"","ping_status":"","sticky":false,"template":"","format":"standard","meta":{"footnotes":""},"categories":[42],"tags":[17,18,11892,33754,13,14,11,25888,61,62,63,64,19,20,7657,17067,9,10,15,16,1384,33755,90,12,21,22,65,66,67],"class_list":{"0":"post-287365","1":"post","2":"type-post","3":"status-publish","4":"format-standard","5":"has-post-thumbnail","7":"category-internacional","8":"tag-breaking-news","9":"tag-breakingnews","10":"tag-crime","11":"tag-education","12":"tag-featured-news","13":"tag-featurednews","14":"tag-headlines","15":"tag-homicide","16":"tag-internacional","17":"tag-international","18":"tag-international-news","19":"tag-internationalnews","20":"tag-latest-news","21":"tag-latestnews","22":"tag-law-and-order","23":"tag-law-enforcement","24":"tag-news","25":"tag-noticias","26":"tag-noticias-destacadas","27":"tag-noticiasdestacadas","28":"tag-police","29":"tag-school","30":"tag-ticker","31":"tag-titulares","32":"tag-ultimas-noticias","33":"tag-ultimasnoticias","34":"tag-world","35":"tag-world-news","36":"tag-worldnews"},"share_on_mastodon":{"url":"https:\/\/pubeurope.com\/@es\/115716620362258223","error":""},"_links":{"self":[{"href":"https:\/\/www.europesays.com\/es\/wp-json\/wp\/v2\/posts\/287365","targetHints":{"allow":["GET"]}}],"collection":[{"href":"https:\/\/www.europesays.com\/es\/wp-json\/wp\/v2\/posts"}],"about":[{"href":"https:\/\/www.europesays.com\/es\/wp-json\/wp\/v2\/types\/post"}],"author":[{"embeddable":true,"href":"https:\/\/www.europesays.com\/es\/wp-json\/wp\/v2\/users\/2"}],"replies":[{"embeddable":true,"href":"https:\/\/www.europesays.com\/es\/wp-json\/wp\/v2\/comments?post=287365"}],"version-history":[{"count":0,"href":"https:\/\/www.europesays.com\/es\/wp-json\/wp\/v2\/posts\/287365\/revisions"}],"wp:featuredmedia":[{"embeddable":true,"href":"https:\/\/www.europesays.com\/es\/wp-json\/wp\/v2\/media\/287366"}],"wp:attachment":[{"href":"https:\/\/www.europesays.com\/es\/wp-json\/wp\/v2\/media?parent=287365"}],"wp:term":[{"taxonomy":"category","embeddable":true,"href":"https:\/\/www.europesays.com\/es\/wp-json\/wp\/v2\/categories?post=287365"},{"taxonomy":"post_tag","embeddable":true,"href":"https:\/\/www.europesays.com\/es\/wp-json\/wp\/v2\/tags?post=287365"}],"curies":[{"name":"wp","href":"https:\/\/api.w.org\/{rel}","templated":true}]}}