{"id":287369,"date":"2025-12-14T06:58:43","date_gmt":"2025-12-14T06:58:43","guid":{"rendered":"https:\/\/www.europesays.com\/es\/287369\/"},"modified":"2025-12-14T06:58:43","modified_gmt":"2025-12-14T06:58:43","slug":"el-juez-deja-en-libertad-a-leire-diez-a-antxon-alonso-y-al-exjefe-de-la-sepi-y-les-atribuye-amanos-por-importe-de-132-millones","status":"publish","type":"post","link":"https:\/\/www.europesays.com\/es\/287369\/","title":{"rendered":"El juez deja en libertad a Leire D\u00edez, a Antxon Alonso y al exjefe de la SEPI y les atribuye ama\u00f1os por importe de 132 millones"},"content":{"rendered":"<p id=\"paragraph_1\">El juez de la Audiencia Nacional Antonio Pi\u00f1a ha dejado en libertad a <strong>Leire D\u00edez<\/strong>, la fontanera del PSOE; a <strong>Vicente Fern\u00e1ndez<\/strong>, expresidente de la Sociedad Estatal de Participaciones Industriales (SEPI), y al constructor <strong>Antxon Alonso<\/strong>.<\/p>\n<p class=\"paragraph\" id=\"paragraph_2\">Todos ellos fueron detenidos este mi\u00e9rcoles por la Unidad Central Operativa (UCO) de la Guardia Civil. Y este s\u00e1bado han pasado a disposici\u00f3n judicial, investigados por, supuestamente, formar parte de una trama corrupta dedicada, entre 2021 y 2023, a cobrar comisiones ilegales a empresas a cambio de desplegar ciertas influencias.<\/p>\n<p class=\"paragraph\" id=\"paragraph_3\">En concreto, seg\u00fan consta en una resoluci\u00f3n de la causa, los tres investigados habr\u00edan participado en, al menos, cinco ama\u00f1os, en operaciones que suman un valor total aproximado de <strong>132 millones de euros<\/strong>. As\u00ed lo cuantifica la UCO.<\/p>\n<p class=\"paragraph\" id=\"paragraph_4\">Entre otros asuntos, la supuesta red criminal habr\u00eda influido en un rescate p\u00fablico, concedido a la empresa <strong>Tubos Reunidos<\/strong>, por importe de 112,8 millones de euros. Tambi\u00e9n, en la concesi\u00f3n de pr\u00e9stamos, de menor cuant\u00eda, por parte de la SEPI y el presunto ama\u00f1o de otros contratos.<\/p>\n<p class=\"paragraph\" id=\"paragraph_5\">Los tres investigados, adem\u00e1s, empleaban un grupo de WhatsApp denominado Hirurok, que se traduce del euskera como \u00abNosotros tres\u00bb.<\/p>\n<p><img decoding=\"async\" alt=\"Antxon Alonso, a su salida de la Audiencia Nacional.\" data-imgm=\"true\" height=\"180\" loading=\"lazy\"  src=\"https:\/\/www.europesays.com\/es\/wp-content\/uploads\/2025\/12\/1003744054173_260464686_1024x576.jpg\"  width=\"320\"\/><\/p>\n<p>                                                            Antxon Alonso, a su salida de la Audiencia Nacional.<\/p>\n<p>                    Javier Corbacho<\/p>\n<p class=\"paragraph\" id=\"paragraph_6\">Este s\u00e1bado, ante el juez Pi\u00f1a, ni Leire D\u00edez ni Antxon Alonso han declarado. S\u00ed lo ha hecho Vicente Fern\u00e1ndez, que ha contestado a todas las partes y ha negado las supuestas irregularidades que se le atribuyen.<\/p>\n<p class=\"paragraph\" id=\"paragraph_7\">En la llamada vistilla, tras los respectivos interrogatorios, la <strong>Fiscal\u00eda Anticorrupci\u00f3n<\/strong>, representada por Elisa Lamelas Oliv\u00e1n, no ha pedido prisi\u00f3n provisional para ning\u00fan investigado.<\/p>\n<p class=\"paragraph\" id=\"paragraph_8\">Tan s\u00f3lo, la retirada de pasaporte, la prohibici\u00f3n de salir de Espa\u00f1a y comparecencias quincenales ante la Justicia (los d\u00edas 1 y 15 de cada mes). Por ello, al no haber sido solicitado por Anticorrupci\u00f3n, el juez no puede enviarles a la c\u00e1rcel de forma preventiva y les ha impuesto las citadas medidas cautelares.<\/p>\n<p class=\"paragraph\" id=\"paragraph_9\">La investigaci\u00f3n, durante la cual se han practicado numerosos registros de entidades p\u00fablicas y empresas privadas, contin\u00faa bajo secreto de sumario.<\/p>\n<p class=\"paragraph\" id=\"paragraph_10\">Los delitos que se investigan son los siguientes: malversaci\u00f3n, tr\u00e1fico de influencias, organizaci\u00f3n criminal y prevaricaci\u00f3n.<\/p>\n<p class=\"paragraph\" id=\"paragraph_11\">Aunque la causa judicial sigue siendo secreta\u00a0\u2014s\u00f3lo el Ministerio Fiscal tiene acceso a la documentaci\u00f3n\u2014, la asociaci\u00f3n Hazte O\u00edr ya ha solicitado personarse como acusaci\u00f3n popular.<\/p>\n<p>Los investigados<\/p>\n<p class=\"paragraph\" id=\"paragraph_12\">\u00bfQui\u00e9nes son los investigados? Antxon Alonso es el due\u00f1o de la peque\u00f1a constructora Servinabar 2000 SL. Y, <a cmp-ltrk=\"links-parrafos\" cmp-ltrk-idx=\"2\" data-mrf-link=\"https:\/\/www.elespanol.com\/espana\/politica\/20251209\/antxon-cerdan-influian-ministerio-ribera-pro-forestalia-sumelzo-empresas-renovables-pagaban\/1003744046948_0.html\" href=\"https:\/\/www.elespanol.com\/espana\/politica\/20251209\/antxon-cerdan-influian-ministerio-ribera-pro-forestalia-sumelzo-empresas-renovables-pagaban\/1003744046948_0.html?utm_cmp_rs=linksinline\" mrfobservableid=\"4c117c2b-11ef-40e4-9171-ddd80f591034\" rel=\"nofollow noopener\" target=\"_blank\">tal y como desvel\u00f3 EL ESPA\u00d1OL<\/a>, fue \u00e9l, junto a su amigo<strong> Santos Cerd\u00e1n<\/strong>, el ya exsecretario de Organizaci\u00f3n del PSOE, quien influy\u00f3 en el Ministerio para la Transici\u00f3n Ecol\u00f3gica en pro de la compa\u00f1\u00eda privada <strong>Forestalia<\/strong> y de otras empresas de renovables que pagaban a ambos.<\/p>\n<p class=\"paragraph\" data-mrf-recirculation=\"links-parrafos\" id=\"paragraph_13\">Adem\u00e1s, cuando registr\u00f3 la sede de Servinabar 2000 y el domicilio de su due\u00f1o, la UCO hall\u00f3 <a cmp-ltrk=\"links-parrafos\" cmp-ltrk-idx=\"4\" data-mrf-link=\"https:\/\/www.elespanol.com\/espana\/tribunales\/20250624\/contrato-hallado-uco-santos-cerdan-adquiere-servinabar-empresa-tunel-belate\/1003743819389_0.html\" href=\"https:\/\/www.elespanol.com\/espana\/tribunales\/20250624\/contrato-hallado-uco-santos-cerdan-adquiere-servinabar-empresa-tunel-belate\/1003743819389_0.html?utm_cmp_rs=linksinline\" mrfobservableid=\"4ededeec-f914-46d4-b527-6fdf1a91a9b6\" rel=\"nofollow noopener\" target=\"_blank\">un contrato, firmado por Cerd\u00e1n en cada una de sus seis p\u00e1ginas<\/a>, a trav\u00e9s del cual el pol\u00edtico adquir\u00eda el 45% de la constructora por tan s\u00f3lo 6.000 euros.<\/p>\n<p class=\"paragraph\" data-mrf-recirculation=\"links-parrafos\" id=\"paragraph_14\">A pesar de su peque\u00f1o tama\u00f1o, la empresa de Antxon Alonso fue beneficiada con contratos millonarios, como el de la reforma de los t\u00faneles de Belate (Navarra) o el de la ampliaci\u00f3n del Puente del Centenario de Sevilla.<\/p>\n<p class=\"paragraph\" data-mrf-recirculation=\"links-parrafos\" id=\"paragraph_15\">En ambos casos, Servinabar 2000 concurri\u00f3 en una UTE (uni\u00f3n temporal de empresas) junto a Acciona. Un informe de la UCO se\u00f1ala que Cerd\u00e1n habr\u00eda gestionado comisiones ilegales pagadas por esta constructora a \u00e9l, al exministro de Transportes <strong>Jos\u00e9 Luis \u00c1balos<\/strong> y al principal asesor de \u00e9ste, <strong>Koldo Garc\u00eda<\/strong>.<\/p>\n<p class=\"paragraph\" id=\"paragraph_16\">Por su parte, Leire D\u00edez, la conocida como fontanera del PSOE, ya estaba siendo investigada \u2014a ra\u00edz de una denuncia de Hazte O\u00edr\u2014 por un Juzgado de Madrid por hechos distintos a \u00e9stos.<\/p>\n<p class=\"paragraph\" id=\"paragraph_17\">\u00bfCu\u00e1les? Por sus tejemanejes para conseguir informaci\u00f3n de, precisamente, Anticorrupci\u00f3n y la UCO para malbaratar sus pesquisas.<\/p>\n<p class=\"paragraph\" data-mrf-recirculation=\"links-parrafos\" id=\"paragraph_18\">Para ello, la mujer lleg\u00f3 a ofrecer beneficios judiciales a sus interlocutores y se present\u00f3 como emisaria del PSOE y como <strong>\u00abmano derecha\u00bb de Santos Cerd\u00e1n<\/strong>.<\/p>\n<p class=\"paragraph\" data-mrf-recirculation=\"links-parrafos\" id=\"paragraph_19\">Vicente Fern\u00e1ndez era un hombre de m\u00e1xima confianza de la ministra de Hacienda, <strong>Mar\u00eda Jes\u00fas Montero<\/strong>. Tras abandonar la SEPI, acab\u00f3 siendo contratado en 2021 por, precisamente, Servinabar 2000, algo que ha reconocido este s\u00e1bado en la Audiencia Nacional.<\/p>\n<p>El &#8216;caso Aznalc\u00f3llar&#8217;<\/p>\n<p class=\"paragraph\" id=\"paragraph_20\">El fichaje del expresidente de la SEPI por Servinabar se produjo despu\u00e9s de que Fern\u00e1ndez fuera imputado en el caso Aznalc\u00f3llar, una causa judicial relativa a la concesi\u00f3n de una mina. Hace menos de una semana, ha sido absuelto.<\/p>\n<p class=\"paragraph\" id=\"paragraph_21\">La contrataci\u00f3n se efectu\u00f3 en 2021, tras verse frustrado el plan de la ministra Montero de que el caso fuese archivado de forma rauda para que \u00e9l pudiese regresar a su puesto. No sucedi\u00f3 as\u00ed: fue juzgado y la absoluci\u00f3n no lleg\u00f3 hasta la semana pasada.<\/p>\n<p class=\"paragraph\" id=\"paragraph_22\">Vicente Fern\u00e1ndez era un hombre muy pr\u00f3ximo a la hoy ministra Montero, quien, actualmente, reniega de \u00e9l. Fue la titular de Hacienda quien aval\u00f3 personalmente su nombramiento en la SEPI tras haber coincidido ambos en la Junta de Andaluc\u00eda.<\/p>\n<p class=\"paragraph\" id=\"paragraph_23\">Cuando fue interrogado en el Senado, en la llamada comisi\u00f3n Koldo, el PP pregunt\u00f3 a Fern\u00e1ndez por el caso Aznalc\u00f3llar y a supuestos tejemanejes de Leire D\u00edez para boicotear esta causa.<\/p>\n<p class=\"paragraph\" id=\"paragraph_24\">\u00ab\u00bfNo nos va a contar usted por qu\u00e9 Leire D\u00edez promovi\u00f3 contactos con periodistas para favorecer una corriente de opini\u00f3n favorable al cierre judicial del caso Aznalc\u00f3llar? \u00bfO por qu\u00e9 Leire D\u00edez realiz\u00f3 un completo argumentario contra la empresa que hab\u00eda interpuesto una demanda a la Junta de Andaluc\u00eda, Emerita Resources?\u00bb, pregunt\u00f3 un senador del Partido Popular.<\/p>\n<p class=\"paragraph\" id=\"paragraph_25\">EL ESPA\u00d1OL ha tratado de ponerse en contacto con Emerita Resources. Por el momento, no ha obtenido respuesta.<\/p>\n<p class=\"paragraph\" id=\"paragraph_26\">Lo que este peri\u00f3dico s\u00ed que puede confirmar es que Leire D\u00edez visit\u00f3 numerosos medios de comunicaci\u00f3n \u2014entre ellos, este diario\u2014 para intentar que se publicaran informaciones favorables hacia Fern\u00e1ndez.<\/p>\n","protected":false},"excerpt":{"rendered":"El juez de la Audiencia Nacional Antonio Pi\u00f1a ha dejado en libertad a Leire D\u00edez, la fontanera del&hellip;\n","protected":false},"author":2,"featured_media":287370,"comment_status":"","ping_status":"","sticky":false,"template":"","format":"standard","meta":{"footnotes":""},"categories":[5],"tags":[6543,17,18,767,25,24,13,14,8810,10601,11,19,20,53620,9,10,15,16,12500,23,12,493,21,22],"class_list":{"0":"post-287369","1":"post","2":"type-post","3":"status-publish","4":"format-standard","5":"has-post-thumbnail","7":"category-titulares","8":"tag-audiencia-nacional","9":"tag-breaking-news","10":"tag-breakingnews","11":"tag-corrupcion","12":"tag-es","13":"tag-espana","14":"tag-featured-news","15":"tag-featurednews","16":"tag-fiscalia-anticorrupcion","17":"tag-hazte-oir","18":"tag-headlines","19":"tag-latest-news","20":"tag-latestnews","21":"tag-leire-diez","22":"tag-news","23":"tag-noticias","24":"tag-noticias-destacadas","25":"tag-noticiasdestacadas","26":"tag-sepi-sociedad-estatal-participaciones-industriales","27":"tag-spain","28":"tag-titulares","29":"tag-tribunales","30":"tag-ultimas-noticias","31":"tag-ultimasnoticias"},"share_on_mastodon":{"url":"https:\/\/pubeurope.com\/@es\/115716628092478627","error":""},"_links":{"self":[{"href":"https:\/\/www.europesays.com\/es\/wp-json\/wp\/v2\/posts\/287369","targetHints":{"allow":["GET"]}}],"collection":[{"href":"https:\/\/www.europesays.com\/es\/wp-json\/wp\/v2\/posts"}],"about":[{"href":"https:\/\/www.europesays.com\/es\/wp-json\/wp\/v2\/types\/post"}],"author":[{"embeddable":true,"href":"https:\/\/www.europesays.com\/es\/wp-json\/wp\/v2\/users\/2"}],"replies":[{"embeddable":true,"href":"https:\/\/www.europesays.com\/es\/wp-json\/wp\/v2\/comments?post=287369"}],"version-history":[{"count":0,"href":"https:\/\/www.europesays.com\/es\/wp-json\/wp\/v2\/posts\/287369\/revisions"}],"wp:featuredmedia":[{"embeddable":true,"href":"https:\/\/www.europesays.com\/es\/wp-json\/wp\/v2\/media\/287370"}],"wp:attachment":[{"href":"https:\/\/www.europesays.com\/es\/wp-json\/wp\/v2\/media?parent=287369"}],"wp:term":[{"taxonomy":"category","embeddable":true,"href":"https:\/\/www.europesays.com\/es\/wp-json\/wp\/v2\/categories?post=287369"},{"taxonomy":"post_tag","embeddable":true,"href":"https:\/\/www.europesays.com\/es\/wp-json\/wp\/v2\/tags?post=287369"}],"curies":[{"name":"wp","href":"https:\/\/api.w.org\/{rel}","templated":true}]}}