{"id":287386,"date":"2025-12-14T07:16:21","date_gmt":"2025-12-14T07:16:21","guid":{"rendered":"https:\/\/www.europesays.com\/es\/287386\/"},"modified":"2025-12-14T07:16:21","modified_gmt":"2025-12-14T07:16:21","slug":"la-gripe-se-adelanta-a-la-navidad","status":"publish","type":"post","link":"https:\/\/www.europesays.com\/es\/287386\/","title":{"rendered":"La gripe se adelanta a la Navidad"},"content":{"rendered":"<p class=\"article-body__text \">\n        Con una <strong>capacidad de transmisi\u00f3n acelerada <\/strong>y una habilidad inusual para <strong>esquivar la inmunidad previa<\/strong>, la variante K ha <a href=\"https:\/\/www.deia.eus\/actualidad\/sociedad\/2025\/12\/10\/quintuplican-ingresos-gripe-euskadi-ocupacion-10454120.html\" title=\"multiplicado por cinco los ingresos hospitalarios en la red de Osakidetza\" target=\"_blank\" class=\"link copy\" rel=\"nofollow noopener\"><strong>multiplicado por cinco los ingresos hospitalarios <\/strong>en la red de Osakidetza<\/a> en comparaci\u00f3n con el a\u00f1o anterior y la <strong>ocupaci\u00f3n de camas alcanzaba esta semana ya casi el 76%<\/strong>, obligando a los servicios de salud a desplegar <a href=\"https:\/\/www.deia.eus\/actualidad\/sociedad\/2025\/11\/10\/osakidetza-navidad-turnos-horarios-10327275.html\" title=\"planes de contingencia\" target=\"_blank\" class=\"link copy\" rel=\"nofollow noopener\">planes de contingencia<\/a> antes de que suenen las campanas de Navidad.\n<\/p>\n<p>            <a href=\"https:\/\/www.deia.eus\/actualidad\/sociedad\/2025\/11\/10\/osakidetza-navidad-turnos-horarios-10327275.html\" title=\"Osakidetza prepara un plan de contingencia para navidad en el que reorganizar\u00e1 turnos y horarios en ambulatorios\" class=\"new__media\" rel=\"nofollow noopener\" target=\"_blank\"><\/p>\n<p>                <img alt=\"Osakidetza prepara un plan de contingencia para navidad en el que reorganizar\u00e1 turnos y horarios en ambulatorios\" data-src=\"https:\/\/www.europesays.com\/es\/wp-content\/uploads\/2025\/12\/f6653cea-160a-43eb-b23b-9a13dcb585ed_16-9-aspect-ratio_default_0.jpg\" class=\"lozad\"\/><\/p>\n<p>        <\/a><\/p>\n<p>        <a href=\"https:\/\/www.deia.eus\/actualidad\/sociedad\/2025\/11\/10\/osakidetza-navidad-turnos-horarios-10327275.html\" title=\"Osakidetza prepara un plan de contingencia para navidad en el que reorganizar\u00e1 turnos y horarios en ambulatorios\" class=\"new__headline\" rel=\"nofollow noopener\" target=\"_blank\"><br \/>\n            Osakidetza prepara un plan de contingencia para navidad en el que reorganizar\u00e1 turnos y horarios en ambulatorios<br \/>\n        <\/a><\/p>\n<p>  El DNI de la variante K<\/p>\n<p class=\"article-body__text \">\n        Para entender por qu\u00e9 esta gripe est\u00e1 golpeando con tanta fuerza hay que mirar al microscopio. El virus de la gripe A se divide en <strong>dos subtipos principales en humanos<\/strong>: el <strong>H1N1<\/strong> (el pand\u00e9mico de 2009) y el <strong>H3N2<\/strong>. Hist\u00f3ricamente, las temporadas dominadas por el H3N2 son las m\u00e1s duras para el sistema sanitario, ya que afectan con mayor virulencia a las personas mayores y a los grupos de riesgo.\n<\/p>\n<p class=\"article-body__text \">\n        La <strong>variante K es una evoluci\u00f3n gen\u00e9tica de este H3N2<\/strong>. Seg\u00fan explica el <strong>responsable de vigilancia epidemiol\u00f3gica del Departamento de Salud del Gobierno vasco, Pello Latasa<\/strong>, este linaje ha desarrollado una mutaci\u00f3n en su prote\u00edna de superficie (la hemaglutinina) que act\u00faa como un camuflaje perfecto. A este fen\u00f3meno se le conoce como <strong>\u00abdrift antig\u00e9nico\u00bb o deriva antig\u00e9nica<\/strong>, que, en t\u00e9rminos sencillos, significar\u00eda que el virus se ha puesto un disfraz que no hab\u00edamos visto antes. Como detalla Latasa, <strong>no es un virus nuevo, sino una acumulaci\u00f3n de cambios <\/strong>de otros anteriores: \u201cDentro de la H3 se han ido acumulando mutaciones&#8230; y ha tenido tantas que se la ha cambiado de nombre, pero el origen es el mismo, viene de la misma gripe que estaba circulando la temporada pasada\u201d.\n<\/p>\n<p><strong>LOS S\u00cdNTOMAS<\/strong><\/p>\n<ul>\n<li><strong>Fiebre alta y repentina. <\/strong>Picos de 39\u00baC o m\u00e1s que son dif\u00edciles de bajar con antit\u00e9rmicos convencionales y que pueden durar hasta 4 o 5 d\u00edas.\u00a0<\/li>\n<li><strong>Tos seca y persistente.<\/strong> A menudo sin expectoraci\u00f3n inicial, pero muy irritativa, que provoca dolor costal y, en ocasiones, dificultad respiratoria.\u00a0<\/li>\n<li><strong>Mialgias intensas.<\/strong> El dolor muscular y articular -el famoso \u201cdolor de huesos\u201d o sensaci\u00f3n de \u201cpaliza f\u00edsica\u201d- es tan intenso que muchos pacientes refieren dificultad incluso para levantarse de la cama.<\/li>\n<li><strong>Cefalea frontal.<\/strong> Un dolor que afecta al l\u00f3bulo frontal, es decir, se puede dar en la frente o en las sienes y puede ser un dolor suave o ir escalando de intensidad hasta volverse severo.<\/li>\n<li><strong>Fatiga extrema.<\/strong> Que puede prolongarse semanas despu\u00e9s de la infecci\u00f3n.<\/li>\n<li><strong>Afectaci\u00f3n gastrointestinal.<\/strong> A diferencia de gripes pasadas, esta variante K est\u00e1 cursando en un porcentaje relevante de casos (especialmente en ni\u00f1os) con v\u00f3mitos y diarrea, lo que acelera la deshidrataci\u00f3n.<\/li>\n<\/ul>\n<p class=\"article-body__text \">\n        Esto provoca que <strong>los anticuerpos generados por infecciones de a\u00f1os anteriores o<\/strong> incluso <strong>por vacunas no actualizadas<\/strong>, <strong>tengan dificultades para reconocer y neutralizar al invasor con la rapidez habitual<\/strong>; aunque, Latasa confirma que \u201cafortunadamente, en los estudios que se han realizado hasta el momento se muestra que<strong> esta vacuna tiene una protecci\u00f3n bastante buena <\/strong>para el subclado que est\u00e1 circulando\u201d. As\u00ed, esta cepa no es necesariamente m\u00e1s letal a pesar de que s\u00ed sea <strong>m\u00e1s eficaz a la hora de contagiarse<\/strong>, especialmente en <strong>ambientes cerrados y mal ventilados<\/strong>, lo que explica la explosividad de la curva de contagios de este oto\u00f1o.\n<\/p>\n<p class=\"article-body__text \">\n        El virus encuentra menos barreras para saltar de un hu\u00e9sped a otro, lo que ha generado cadenas de transmisi\u00f3n comunitaria muy r\u00e1pidas especialmente en centros escolares. Pero, sobre la situaci\u00f3n en las aulas, <strong>Salud descarta medidas dr\u00e1sticas <\/strong>como el cierre preventivo que se ha dado en algunos colegios de Reino Unido, por ejemplo, argumentando que <strong>la escuela tambi\u00e9n juega un rol sanitario fundamental<\/strong>: \u201cNos ayudan a concienciar y a recordar las pr\u00e1cticas preventivas y a fortalecer la vacunaci\u00f3n\u201d, explica el responsable de vigilancia, por eso cerrar centros \u201cno es algo que tenga que plantearse de manera generalizada\u201d.\n<\/p>\n<p>            <a href=\"https:\/\/www.deia.eus\/actualidad\/sociedad\/2025\/12\/10\/gripe-demanda-mascarillas-farmacias-tos-10455411.html\" title=\"La gripe quintuplica la demanda de mascarillas en farmacias en una semana\" class=\"new__media\" rel=\"nofollow noopener\" target=\"_blank\"><\/p>\n<p>                <img alt=\"La gripe quintuplica la demanda de mascarillas en farmacias en una semana\" data-src=\"https:\/\/www.europesays.com\/es\/wp-content\/uploads\/2025\/12\/4a110b61-20b9-4521-85cb-0f0badd8c556_16-9-aspect-ratio_default_0.jpg\" class=\"lozad\"\/><\/p>\n<p>        <\/a><\/p>\n<p>        <a href=\"https:\/\/www.deia.eus\/actualidad\/sociedad\/2025\/12\/10\/gripe-demanda-mascarillas-farmacias-tos-10455411.html\" title=\"La gripe quintuplica la demanda de mascarillas en farmacias en una semana\" class=\"new__headline\" rel=\"nofollow noopener\" target=\"_blank\"><br \/>\n            La gripe quintuplica la demanda de mascarillas en farmacias en una semana<br \/>\n        <\/a><\/p>\n<p class=\"article-body__text \">\n        Seg\u00fan los \u00faltimos datos que ha hecho p\u00fablico el Departamento de Salud junto con Osakidetza, la incidencia ha escalado r\u00e1pidamente, situ\u00e1ndose en el entorno de los <strong>438 casos por cada 100.000 habitantes<\/strong> -que <strong>en Bizkaia ascienden hasta los 506<\/strong>-, en comparaci\u00f3n a los 357 casos de la semana anterior, lo que supone un <strong>incremento del 22,67% en la incidencia del virus gripal en Euskadi<\/strong>. No obstante, los expertos llaman a la calma respecto a la magnitud de la ola y ponen el foco en el calendario. \u201cSi solapamos las curvas (la actual con la de la temporada de gripe pasada), estamos en una cifra muy parecida\u201d, matiza Latasa, quien aclara que <strong>\u201cno tenemos un aumento respecto a la temporada pasada, sino un adelanto\u201d<\/strong>. Un adelanto que, seg\u00fan sus previsiones, <strong>podr\u00eda situar el pico de la epidemia en torno a la Navidad<\/strong>, adelant\u00e1ndose a las fechas habituales de enero.\n<\/p>\n<p class=\"article-body__text \">\n        Sin embargo, el dato m\u00e1s preocupante no se centra tan solo en el crecimiento de la incidencia sino en la <strong>presi\u00f3n asistencial<\/strong>. La <strong>ocupaci\u00f3n de camas <\/strong>en algunos centros de la red p\u00fablica ha rozado <strong>el 80% en momentos puntuales<\/strong>, tensionando unas urgencias que ya lidian con el aumento estacional de otras patolog\u00edas como son la covid-19 y el virus respiratorio sincitial (VRS). Y, a pesar de que esta variante de la gripe A est\u00e1 mostr\u00e1ndose cl\u00ednicamente m\u00e1s ruidosa, la <strong>coexistencia de estos tres virus hace saltar las alarmas<\/strong>.\n<\/p>\n<p class=\"article-body__text \">\n        La red de hospitales de Osakidetza suma ya 9.894 los casos de gripe atendidos, con 1.086 ingresos hospitalarios, 37 de ellos en Unidades de Cuidados Intensivos (UCI), una cifra de ingresados que multiplica por cinco la registrada en estas fechas el pasado a\u00f1o, en la que se hab\u00edan producido 186 ingresos en hospital, 6 entradas en UCI y 3.520 casos de gripe. Unos datos que confirman la tendencia de avance de actividad del virus gripal este a\u00f1o.\n<\/p>\n<p>  La vacuna, escudo imperfecto pero vital<\/p>\n<p class=\"article-body__text \">\n        Ante este panorama, la pregunta en la calle es inevitable\u2026 <strong>\u00bfFunciona la vacuna que nos hemos puesto? <\/strong>La respuesta desde el punto de vista epidemiol\u00f3gico es un<strong> \u00abs\u00ed\u00bb matizado pero rotundo<\/strong>. La inmunizaci\u00f3n act\u00faa como un cintur\u00f3n de seguridad: quiz\u00e1s no evite el choque -el contagio-, pero s\u00ed<strong> ayuda a evitar la letalidad<\/strong>.\n<\/p>\n<p class=\"article-body__text \">\n        En Euskadi, la <strong>campa\u00f1a de vacunaci\u00f3n<\/strong> ha alcanzado pr\u00e1cticamente las <strong>570.000 dosis de vacuna antigripal <\/strong>y las <strong>296.000 dosis frente a la covid-19<\/strong>, pero las autoridades sanitarias miran con preocupaci\u00f3n las coberturas en dos grupos clave: los <strong>ni\u00f1os menores de 5 a\u00f1os <\/strong>(grandes transmisores del virus a sus abuelos) y las <strong>personas con patolog\u00edas cr\u00f3nicas menores de 60 a\u00f1os<\/strong>, que a menudo subestiman su riesgo. As\u00ed, Latasa insiste en <strong>no bajar la guardia hasta alcanzar mayores coberturas en estos grupos<\/strong>, especialmente en la vacunaci\u00f3n infantil que \u201ca\u00fan debe mejorar\u201d.\n<\/p>\n<p>            <a href=\"https:\/\/www.deia.eus\/actualidad\/sociedad\/2025\/10\/27\/osakidetza-adelanta-vacunacion-gripe-poblacion-10272333.html\" title=\"Osakidetza adelanta la vacunaci\u00f3n de la gripe para toda la poblaci\u00f3n y con cita previa\" class=\"new__media\" rel=\"nofollow noopener\" target=\"_blank\"><\/p>\n<p>                <img alt=\"Osakidetza adelanta la vacunaci\u00f3n de la gripe para toda la poblaci\u00f3n y con cita previa\" data-src=\"https:\/\/www.europesays.com\/es\/wp-content\/uploads\/2025\/11\/f16161f2-4cb4-4295-84db-971dbe721554_16-9-aspect-ratio_default_0.jpg\" class=\"lozad\"\/><\/p>\n<p>        <\/a><\/p>\n<p>        <a href=\"https:\/\/www.deia.eus\/actualidad\/sociedad\/2025\/10\/27\/osakidetza-adelanta-vacunacion-gripe-poblacion-10272333.html\" title=\"Osakidetza adelanta la vacunaci\u00f3n de la gripe para toda la poblaci\u00f3n y con cita previa\" class=\"new__headline\" rel=\"nofollow noopener\" target=\"_blank\"><br \/>\n            Osakidetza adelanta la vacunaci\u00f3n de la gripe para toda la poblaci\u00f3n y con cita previa<br \/>\n        <\/a><\/p>\n<p class=\"article-body__text \">\n        En este sentido, tambi\u00e9n llaman a <strong>no \u201cbanalizar\u201d la enfermedad<\/strong>, una tendencia social que se viene dando especialmente tras el trauma colectivo de la covid-19. Aunque para Latasa, esto viene de lejos: \u201cLa gripe se banalizaba antes de la covid-19 tambi\u00e9n\u201d, reflexiona, atribuy\u00e9ndolo a que \u201ces una enfermedad que ha estado ah\u00ed y que afecta a mucha poblaci\u00f3n\u201d haci\u00e9ndonos creer que es \u201clo normal\u201d. Sin embargo, recuerda que hay una parte invisible:<strong> \u201cHay gente que acaba en el hospital y que acaba falleciendo\u201d<\/strong>.\n<\/p>\n<p class=\"article-body__text \">\n        El responsable de vigilancia epidemiol\u00f3gica asegura as\u00ed que <strong>\u201cel mensaje es claro: vacunarse sin demora\u201d<\/strong>. \u201cLa vacunaci\u00f3n es <strong>la herramienta m\u00e1s importante que tenemos para protegernos de la gripe<\/strong>. Hay otras medidas que tambi\u00e9n nos ayudan como el uso de la <strong>mascarilla<\/strong>, la reducci\u00f3n de interacciones sociales, las medidas de higiene que tambi\u00e9n nos ayudan a reducir la transmisi\u00f3n del virus, pero en este caso tenemos una herramienta muy buena que es la vacunaci\u00f3n\u201d, enfatiza.\n<\/p>\n<p>        El mensaje es claro: vacunarse sin demora<\/p>\n<p class=\"article-quote__author\">Pello Latasa &#8211; Responsable de vigilancia epidemiol\u00f3gica del Departamento de Salud del Gobierno vasco<\/p>\n<p class=\"article-body__text \">\n        En un escenario en el que el virus de la gripe adquiere la capacidad de mutar a\u00f1o a a\u00f1o, Latasa destaca tambi\u00e9n la <strong>importancia de \u201cvacunarse todos los a\u00f1os\u201d<\/strong>. Encontramos entonces unos virus en constante evoluci\u00f3n frente a \u201cuna poblaci\u00f3n cada vez m\u00e1s envejecida con m\u00e1s enfermedades cr\u00f3nicas\u201d, lo que hace aumentar los grupos de riesgo. As\u00ed, el responsable del Gobierno vasco llama a \u201capostar por la prevenci\u00f3n\u201d, no solo para detener la gripe, sino tambi\u00e9n para \u201creducir y controlar las enfermedades cr\u00f3nicas\u201d, que se ven muy relacionadas con \u201clos elementos sociales de la salud y las condiciones en las que vivimos\u201d. Pone en el centro la alimentaci\u00f3n y la actividad f\u00edsica y, con ellas, \u201cel acceso que tenemos a instalaciones asequibles, seguras, donde podemos hacer ejercicio\u201d o \u201ca tiendas donde vendan productos asequibles y saludables\u201d para poder hacer frente desde la cuesti\u00f3n social a la reducci\u00f3n de la vulnerabilidad ante las enfermedades.\n<\/p>\n<p>  Repunte y falta de personal<\/p>\n<p class=\"article-body__text \">\n        Euskadi se enfrenta ahora a una carrera contrarreloj. Con la Navidad a la vuelta de la esquina y las reuniones familiares en el horizonte, la gripe tambi\u00e9n hace su visita. Aunque la suya no es de cortes\u00eda. La variante K ha lanzado su \u00f3rdago y la respuesta depender\u00e1 especialmente de la capacidad de gesti\u00f3n del sistema sanitario. Un sistema que precisamente en la misma semana que se enfrenta a este aumento exponencial de la gripe, se enfrentaba tambi\u00e9n a la huelga de cientos de m\u00e9dicos que se han visto obligados a salir a las calles a exigir \u00abjornadas laborales como el resto de mortales\u00bb, denunciando horarios abusivos y contrarios a un buen cumplimiento de su ejercicio, que ponen en riesgo la seguridad de los pacientes.\n<\/p>\n<p>            <a href=\"https:\/\/www.deia.eus\/actualidad\/sociedad\/2025\/12\/09\/sindicato-medico-euskadi-inicia-martes-10447973.html\" title=\"El Sindicato M\u00e9dico de Euskadi inicia la huelga de cuatro d\u00edas por un estatuto marco propio\" class=\"new__media\" rel=\"nofollow noopener\" target=\"_blank\"><\/p>\n<p>                <img alt=\"El Sindicato M\u00e9dico de Euskadi inicia la huelga de cuatro d\u00edas por un estatuto marco propio\" data-src=\"https:\/\/www.europesays.com\/es\/wp-content\/uploads\/2025\/12\/da81be5c-9701-4d91-8999-9db4150c93cf_16-9-aspect-ratio_default_0.jpg\" class=\"lozad\"\/><\/p>\n<p>        <\/a><\/p>\n<p>        <a href=\"https:\/\/www.deia.eus\/actualidad\/sociedad\/2025\/12\/09\/sindicato-medico-euskadi-inicia-martes-10447973.html\" title=\"El Sindicato M\u00e9dico de Euskadi inicia la huelga de cuatro d\u00edas por un estatuto marco propio\" class=\"new__headline\" rel=\"nofollow noopener\" target=\"_blank\"><br \/>\n            El Sindicato M\u00e9dico de Euskadi inicia la huelga de cuatro d\u00edas por un estatuto marco propio<br \/>\n        <\/a><\/p>\n<p class=\"article-body__text \">\n        Si algo quiso ense\u00f1arnos la pandemia de la covid-19 fue la <strong>necesidad de invertir en una salud p\u00fablica de calidad<\/strong> porque la pregunta no ser\u00eda si habr\u00eda nuevas pandemias sino cu\u00e1ndo y cu\u00e1l ser\u00eda el agente que las causara. Ya entonces, el personal m\u00e9dico repiti\u00f3 por activa y por pasiva que<strong> no quer\u00edan ser \u201ch\u00e9roes\u201d sino que quer\u00edan \u201ccondiciones de trabajo dignas\u201d<\/strong>.\n<\/p>\n<p class=\"article-body__text \">\n        \u201cLa gripe elige un mal momento del a\u00f1o\u201d, dice Latasa, refiri\u00e9ndose no solo a las condiciones de reuniones sociales que facilitan su propagaci\u00f3n sino tambi\u00e9n la temporada de vacaciones relativa a estas fiestas que, ahora, se ven unidas adem\u00e1s unos<strong> servicios m\u00ednimos de los centros sanitarios<\/strong> con motivo de los paros m\u00e9dicos que amenazan con continuar en enero. Un repunte de una gripe que se suma a la falta de un personal saturado para crear la tormenta perfecta.<\/p>\n","protected":false},"excerpt":{"rendered":"Con una capacidad de transmisi\u00f3n acelerada y una habilidad inusual para esquivar la inmunidad previa, la variante K&hellip;\n","protected":false},"author":2,"featured_media":287387,"comment_status":"","ping_status":"","sticky":false,"template":"","format":"standard","meta":{"footnotes":""},"categories":[92],"tags":[294,25,24,7749,165,10648,2951,166,23,3642],"class_list":{"0":"post-287386","1":"post","2":"type-post","3":"status-publish","4":"format-standard","5":"has-post-thumbnail","7":"category-salud","8":"tag-adelanta","9":"tag-es","10":"tag-espana","11":"tag-gripe","12":"tag-health","13":"tag-k","14":"tag-navidad","15":"tag-salud","16":"tag-spain","17":"tag-tensa"},"share_on_mastodon":{"url":"https:\/\/pubeurope.com\/@es\/115716698040508721","error":""},"_links":{"self":[{"href":"https:\/\/www.europesays.com\/es\/wp-json\/wp\/v2\/posts\/287386","targetHints":{"allow":["GET"]}}],"collection":[{"href":"https:\/\/www.europesays.com\/es\/wp-json\/wp\/v2\/posts"}],"about":[{"href":"https:\/\/www.europesays.com\/es\/wp-json\/wp\/v2\/types\/post"}],"author":[{"embeddable":true,"href":"https:\/\/www.europesays.com\/es\/wp-json\/wp\/v2\/users\/2"}],"replies":[{"embeddable":true,"href":"https:\/\/www.europesays.com\/es\/wp-json\/wp\/v2\/comments?post=287386"}],"version-history":[{"count":0,"href":"https:\/\/www.europesays.com\/es\/wp-json\/wp\/v2\/posts\/287386\/revisions"}],"wp:featuredmedia":[{"embeddable":true,"href":"https:\/\/www.europesays.com\/es\/wp-json\/wp\/v2\/media\/287387"}],"wp:attachment":[{"href":"https:\/\/www.europesays.com\/es\/wp-json\/wp\/v2\/media?parent=287386"}],"wp:term":[{"taxonomy":"category","embeddable":true,"href":"https:\/\/www.europesays.com\/es\/wp-json\/wp\/v2\/categories?post=287386"},{"taxonomy":"post_tag","embeddable":true,"href":"https:\/\/www.europesays.com\/es\/wp-json\/wp\/v2\/tags?post=287386"}],"curies":[{"name":"wp","href":"https:\/\/api.w.org\/{rel}","templated":true}]}}