{"id":287392,"date":"2025-12-14T07:20:12","date_gmt":"2025-12-14T07:20:12","guid":{"rendered":"https:\/\/www.europesays.com\/es\/287392\/"},"modified":"2025-12-14T07:20:12","modified_gmt":"2025-12-14T07:20:12","slug":"investigan-a-un-creador-de-contenidos-por-lanzar-fuegos-artificiales-frente-a-la-torre-eiffel-para-promocionar-su-documental","status":"publish","type":"post","link":"https:\/\/www.europesays.com\/es\/287392\/","title":{"rendered":"Investigan a un creador de contenidos por lanzar fuegos artificiales frente a la Torre Eiffel para promocionar su documental"},"content":{"rendered":"<p class=\"c-paragraph\">Las autoridades francesas han abierto una investigaci\u00f3n al creador de contenidos franc\u00e9s <b>Loris Giuliano <\/b>por promocionar en la noche del viernes el estreno en redes sociales de su documental Napoli, dedicado a su club de f\u00fatbol favorito, con un gran espect\u00e1culo de fuegos artificiales frente a la Torre Eiffel.<\/p>\n<p class=\"c-paragraph\">La investigaci\u00f3n se ha abierto por el delito de<b> \u00abponer en peligro la vida de terceros\u00bb,<\/b> ya que no ten\u00eda permiso para poner en marcha el espect\u00e1culo pirot\u00e9cnico, que colg\u00f3 en redes sociales, seg\u00fan informa este s\u00e1bado el diario Le Parisien.<\/p>\n<p class=\"c-paragraph\">Las im\u00e1genes muestran a Giuliano de espaldas desde la <b>explanada del Trocad\u00e9ro<\/b>, con la Torre Eiffel de fondo, vestido con un traje negro y en la espalda el cartel de su documental sobre el N\u00e1poles, y turistas at\u00f3nitos grabando o fotografiando los fuegos artificiales.<\/p>\n<p class=\"c-paragraph\">En el v\u00eddeo, Giuliano, conocido especialmente en YouTube, donde tiene casi dos millones de suscriptores, se gira a la c\u00e1mara y <b>manifiesta su alegr\u00eda por haber terminado el documental,<\/b> que tambi\u00e9n anoche subi\u00f3 a su cadena de YouTube.<\/p>\n<p class=\"c-paragraph\">Sin embargo, el acto de promoci\u00f3n en la explanada del Trocad\u00e9ro no hab\u00eda sido autorizado, seg\u00fan<b> el ayuntamiento del distrito 16 de Par\u00eds <\/b>y la prefectura de polic\u00eda, que precis\u00f3 que el incidente ocurri\u00f3 alrededor de las 22:00 hora local.<\/p>\n<p class=\"c-paragraph\">Inmediatamente se abri\u00f3 una investigaci\u00f3n policial por el delito de \u00abponer en peligro la vida de terceros\u00bb, precis\u00f3 este s\u00e1bado el alcalde del distrito 16 de Par\u00eds, <b>J\u00e9r\u00e9my Redler.<\/b><\/p>\n","protected":false},"excerpt":{"rendered":"Las autoridades francesas han abierto una investigaci\u00f3n al creador de contenidos franc\u00e9s Loris Giuliano por promocionar en la&hellip;\n","protected":false},"author":2,"featured_media":287393,"comment_status":"","ping_status":"","sticky":false,"template":"","format":"standard","meta":{"footnotes":""},"categories":[42],"tags":[17,18,6093,2517,13,14,11,61,62,63,64,9074,19,20,9,10,15,16,5043,12,21,22,16743,65,66,67],"class_list":{"0":"post-287392","1":"post","2":"type-post","3":"status-publish","4":"format-standard","5":"has-post-thumbnail","7":"category-internacional","8":"tag-breaking-news","9":"tag-breakingnews","10":"tag-contenidos","11":"tag-creador","12":"tag-featured-news","13":"tag-featurednews","14":"tag-headlines","15":"tag-internacional","16":"tag-international","17":"tag-international-news","18":"tag-internationalnews","19":"tag-investigan","20":"tag-latest-news","21":"tag-latestnews","22":"tag-news","23":"tag-noticias","24":"tag-noticias-destacadas","25":"tag-noticiasdestacadas","26":"tag-por","27":"tag-titulares","28":"tag-ultimas-noticias","29":"tag-ultimasnoticias","30":"tag-un","31":"tag-world","32":"tag-world-news","33":"tag-worldnews"},"share_on_mastodon":{"url":"https:\/\/pubeurope.com\/@es\/115716713689543841","error":""},"_links":{"self":[{"href":"https:\/\/www.europesays.com\/es\/wp-json\/wp\/v2\/posts\/287392","targetHints":{"allow":["GET"]}}],"collection":[{"href":"https:\/\/www.europesays.com\/es\/wp-json\/wp\/v2\/posts"}],"about":[{"href":"https:\/\/www.europesays.com\/es\/wp-json\/wp\/v2\/types\/post"}],"author":[{"embeddable":true,"href":"https:\/\/www.europesays.com\/es\/wp-json\/wp\/v2\/users\/2"}],"replies":[{"embeddable":true,"href":"https:\/\/www.europesays.com\/es\/wp-json\/wp\/v2\/comments?post=287392"}],"version-history":[{"count":0,"href":"https:\/\/www.europesays.com\/es\/wp-json\/wp\/v2\/posts\/287392\/revisions"}],"wp:featuredmedia":[{"embeddable":true,"href":"https:\/\/www.europesays.com\/es\/wp-json\/wp\/v2\/media\/287393"}],"wp:attachment":[{"href":"https:\/\/www.europesays.com\/es\/wp-json\/wp\/v2\/media?parent=287392"}],"wp:term":[{"taxonomy":"category","embeddable":true,"href":"https:\/\/www.europesays.com\/es\/wp-json\/wp\/v2\/categories?post=287392"},{"taxonomy":"post_tag","embeddable":true,"href":"https:\/\/www.europesays.com\/es\/wp-json\/wp\/v2\/tags?post=287392"}],"curies":[{"name":"wp","href":"https:\/\/api.w.org\/{rel}","templated":true}]}}