{"id":287400,"date":"2025-12-14T07:30:08","date_gmt":"2025-12-14T07:30:08","guid":{"rendered":"https:\/\/www.europesays.com\/es\/287400\/"},"modified":"2025-12-14T07:30:08","modified_gmt":"2025-12-14T07:30:08","slug":"los-150-hijos-de-zeljko-obradovic-baloncesto-deportes","status":"publish","type":"post","link":"https:\/\/www.europesays.com\/es\/287400\/","title":{"rendered":"Los 150 \u2018hijos\u2019 de Zeljko Obradovic | Baloncesto | Deportes"},"content":{"rendered":"<p class=\"\">\u00bfC\u00f3mo se mide el legado de una leyenda? Zeljko Obradovic<a href=\"https:\/\/elpais.com\/deportes\/baloncesto\/2025-11-26\/zeljko-obradovic-nueve-veces-ganador-de-la-copa-de-europa-dimite-como-entrenador-del-partizan-de-belgrado.html\" target=\"_blank\" rel=\"noreferrer nofollow noopener\" title=\"https:\/\/elpais.com\/deportes\/baloncesto\/2025-11-26\/zeljko-obradovic-nueve-veces-ganador-de-la-copa-de-europa-dimite-como-entrenador-del-partizan-de-belgrado.html\"> dimiti\u00f3 hace un par de semanas como entrenador del Partiz\u00e1n de Belgrado<\/a> y su marcha ha dejado un vac\u00edo imposible de llenar en el baloncesto europeo. Hay un antes y un despu\u00e9s de Obradovic tanto por lo ganado como por lo ense\u00f1ado. Si el mito se cuenta al peso, nadie luce un palmar\u00e9s semejante, coronado por nueve Copas de Europa: Partiz\u00e1n 1992, Joventut 94, Real Madrid 95, Panathinaikos 2000, 2002, 2007, 2009 y 2011, y Fenerbah\u00e7e 2017. En perspectiva, el siguiente escal\u00f3n lo ocupan cuatro entrenadores (Gomelsky, Ferr\u00e1ndiz, Maljkovic y Messina) con cuatro coronas cada uno. Y si la eternidad se juzga por su influencia en el juego y en las siguientes generaciones, ah\u00ed tampoco admite comparaci\u00f3n el viejo sabio. A los 65 a\u00f1os, despu\u00e9s de 34 en la pizarra, Obradovic ha creado escuela como entrenador de entrenadores. \u00c9l mismo calcula que 150 jugadores que han pasado por sus manos se han convertido en t\u00e9cnicos \u201ca todos los niveles\u201d.<\/p>\n<p class=\"\">La lista incluye a ilustres como Pablo Laso, Sarunas Jasikevicius, Aleksander Djordjevic, Vassilis Spanoulis, Jaka Lakovic, Sasa Obradovic, Mike Batiste\u2026 En todos ellos se adivina una parte del sello Obradovic: su pasi\u00f3n por el juego, el conocimiento obsesivo que le imped\u00eda dormir imaginando las preguntas que le har\u00edan sus jugadores y cuyas respuestas \u00e9l necesitaba conocer para ganarse la autoridad, ese car\u00e1cter volc\u00e1nico, la fidelidad a su palabra, el trato cercano en la intimidad\u2026 Un genio con muchas caras.<\/p>\n<p class=\"\">Curiosamente, un hilo conductor une a muchos de esos alumnos que ha dejado como descendencia. Casi todos eran bases, la posici\u00f3n que Obradovic desempe\u00f1aba en la pista en su \u00e9poca de jugador y que despu\u00e9s en la banda consideraba la piedra angular de su esquema. Laso, Jasikevicius, Spanoluis, Djordjevic, Lakovic\u2026 De base a base, de entrenador a entrenador, una complicidad especial para transmitir la sabidur\u00eda. Una de las excepciones es Batiste, el ala-p\u00edvot estadounidense que molde\u00f3 nueve a\u00f1os en el Panathinaikos y que ahora es asistente en los Toronto Raptors tras ejercer ese cargo en Brooklyn, Charlotte, Orlando, Washington y Houston. La c\u00e1tedra de Obradovic tambi\u00e9n ha llegado a la NBA.<\/p>\n<p class=\"\">\u201cFue el primero que dijo: \u2018Pablito ser\u00e1 entrenador\u201d, recuerda hoy <a href=\"https:\/\/elpais.com\/deportes\/baloncesto\/2025-12-10\/pablo-laso-nuevo-entrenador-del-anadolu-efes.html\" target=\"_blank\" rel=\"noreferrer nofollow noopener\" title=\"https:\/\/elpais.com\/deportes\/baloncesto\/2025-12-10\/pablo-laso-nuevo-entrenador-del-anadolu-efes.html\">Pablo Laso, jugador a las \u00f3rdenes del profesor en el Real Madrid entre 1995 y 1997<\/a>. Obradovic era entonces ya un referente que hab\u00eda conquistado la Copa de Europa con tres equipos diferentes (Partiz\u00e1n, Joventut y Madrid) en sus cuatro primeras temporadas como entrenador. Con ese palmar\u00e9s bajo el brazo, sus m\u00e9todos no se discut\u00edan. <\/p>\n<p class=\"\">\u201cEl jugador cuando sabe que va a ser entrenado por Zeljko est\u00e1 m\u00e1s abierto de mente porque es un t\u00e9cnico reputado. La influencia que tiene en un jugador interesado en saber y aprender es muy grande porque transmite pasi\u00f3n, deseo y ganas en todo, desde preparar un entrenamiento a una final, por qu\u00e9 se hace esto u otro&#8230;. Fue el primero que me dijo a solas: \u2018Pablo, cuando t\u00fa entrenes, porque ser\u00e1s un gran entrenador, har\u00e1s lo que t\u00fa quieras, pero ahora soy yo el que mando\u2019. Siempre ha tenido una visi\u00f3n adelantada a su tiempo\u201d, analiza Laso, uno de sus disc\u00edpulos m\u00e1s aventajados, campe\u00f3n de la Euroliga en 2015 y 2018 con el equipo blanco y muchas veces frente al maestro en la banda en la competici\u00f3n europea. <\/p>\n<p class=\"\">\u201cYo como t\u00e9cnico lo que m\u00e1s he intentado repetir de \u00e9l es saber valorar a cada jugador por lo que puede hacer bien y lo que puede dar el equipo. \u00c9l pod\u00eda valorar tanto que hicieras una buena defensa como que metieras 45 puntos. Lo importante era el trabajo bien hecho de cada uno y \u00e9l sab\u00eda transmitir esa importancia\u201d, a\u00f1ade Laso, y admite esa \u201cconexi\u00f3n especial con los bases\u201d: \u201c\u00c9l fue muy bueno en esa posici\u00f3n y valoraba c\u00f3mo esos jugadores eran capaces de ser buenos ellos y de hacer mejores a los dem\u00e1s y al equipo. Su legado va a perdurar siempre. Si hace 20 a\u00f1os Zeljko era un referente, lo seguir\u00e1 siendo en otros 20. Obradovic ser\u00e1 entrenador aunque no entrene\u201d.<\/p>\n<p><img decoding=\"auto\" class=\"_re lazyload a_m-h\" height=\"224\"  width=\"414\"  src=\"https:\/\/www.europesays.com\/es\/wp-content\/uploads\/2025\/12\/OD2ZFLJD3722FEHBPAA4VUSADA.jpg\" loading=\"lazy\"\/>Spanoulis y Obradovic, en el Panathinaikos en 2009.getty<\/p>\n<p class=\"\">El esloveno Jaka Lakovic tambi\u00e9n forma parte de los herederos. Entre 2002 y 2006 visti\u00f3 la camiseta verde del Panathinaikos y en su \u00faltimo curso en Atenas coincidi\u00f3 adem\u00e1s con Spanoulis. Su carrera como entrenador le ha conducido al banquillo del Bilbao Basket, el Ratiopharm Ulm y desde 2022 el Gran Canaria, adem\u00e1s de ser asistente en el Joventut y en la selecci\u00f3n de Eslovenia. Lakovic no olvida aquellas lecciones. \u201cCuando conoc\u00ed a Obradovic era mi primera experiencia fuera de mi pa\u00eds. Yo llegu\u00e9 como el m\u00e1ximo anotador del Novo Mesto y con \u00e9l me di cuenta de que no ten\u00eda ni idea de baloncesto. Zeljko me resete\u00f3, me empez\u00f3 a formar en el juego de verdad, me hizo preguntarme el porqu\u00e9 de cada jugada o movimiento. Esa demanda la ten\u00eda sobre todo con los bases porque es el jugador que debe preocuparse por c\u00f3mo funciona el equipo y era una pieza b\u00e1sica en su sistema. Gracias a \u00e9l aprend\u00ed a ser un verdadero profesional y todo lo que se necesita para tener \u00e9xito al nivel m\u00e1s alto. Su ambici\u00f3n d\u00eda a d\u00eda, su amor por el baloncesto, me contagi\u00f3, me comi\u00f3. Empec\u00e9 a ver el juego de otra manera, acab\u00e9 vi\u00e9ndolo como \u00e9l y ya estaba vendido. No solo era su idea de baloncesto, sino de la vida. Aunque por la tele parezca que no, \u00e9l siempre est\u00e1 al lado de sus jugadores, los protege como si fueran sus hijos. Su relaci\u00f3n es maravillosa\u201d, afirma Lakovic. \u00bfSu aprendizaje? \u201cComo t\u00e9cnico yo he intentado heredar su nivel de exigencia y la importancia del detalle. Y c\u00f3mo comportarme fuera de la pista. Por mucho que ha ganado, Zeljko nunca ha dejado de ser una persona normal. Su legado es enorme. Nadie puede alcanzar su grandeza\u201d.<\/p>\n<p class=\"\">Obradovic se ha ido, o eso parece. <a href=\"https:\/\/elpais.com\/deportes\/baloncesto\/2025-11-26\/zeljko-obradovic-nueve-veces-ganador-de-la-copa-de-europa-dimite-como-entrenador-del-partizan-de-belgrado.html\" target=\"_blank\" rel=\"noreferrer nofollow noopener\" title=\"https:\/\/elpais.com\/deportes\/baloncesto\/2025-11-26\/zeljko-obradovic-nueve-veces-ganador-de-la-copa-de-europa-dimite-como-entrenador-del-partizan-de-belgrado.html\">En el Partiz\u00e1n comenz\u00f3 su hist\u00f3rica carrera<\/a> y en casa ha cerrado el c\u00edrculo. Nadie sabe si volver\u00e1 a entrenar, pero nadie discute el legado del gran padre.<\/p>\n","protected":false},"excerpt":{"rendered":"\u00bfC\u00f3mo se mide el legado de una leyenda? Zeljko Obradovic dimiti\u00f3 hace un par de semanas como entrenador&hellip;\n","protected":false},"author":2,"featured_media":287401,"comment_status":"","ping_status":"","sticky":false,"template":"","format":"standard","meta":{"footnotes":""},"categories":[269],"tags":[299,298,1540,168,1539,25,24,833,53775,8283,17591,23,167,51075],"class_list":{"0":"post-287400","1":"post","2":"type-post","3":"status-publish","4":"format-standard","5":"has-post-thumbnail","7":"category-baloncesto","8":"tag-baloncesto","9":"tag-basketball","10":"tag-competiciones","11":"tag-deportes","12":"tag-entrenadores","13":"tag-es","14":"tag-espana","15":"tag-euroliga","16":"tag-jaka-lakovic","17":"tag-jugadores-baloncesto","18":"tag-pablo-laso","19":"tag-spain","20":"tag-sports","21":"tag-zeljko-obradovic"},"share_on_mastodon":{"url":"https:\/\/pubeurope.com\/@es\/115716753435882459","error":""},"_links":{"self":[{"href":"https:\/\/www.europesays.com\/es\/wp-json\/wp\/v2\/posts\/287400","targetHints":{"allow":["GET"]}}],"collection":[{"href":"https:\/\/www.europesays.com\/es\/wp-json\/wp\/v2\/posts"}],"about":[{"href":"https:\/\/www.europesays.com\/es\/wp-json\/wp\/v2\/types\/post"}],"author":[{"embeddable":true,"href":"https:\/\/www.europesays.com\/es\/wp-json\/wp\/v2\/users\/2"}],"replies":[{"embeddable":true,"href":"https:\/\/www.europesays.com\/es\/wp-json\/wp\/v2\/comments?post=287400"}],"version-history":[{"count":0,"href":"https:\/\/www.europesays.com\/es\/wp-json\/wp\/v2\/posts\/287400\/revisions"}],"wp:featuredmedia":[{"embeddable":true,"href":"https:\/\/www.europesays.com\/es\/wp-json\/wp\/v2\/media\/287401"}],"wp:attachment":[{"href":"https:\/\/www.europesays.com\/es\/wp-json\/wp\/v2\/media?parent=287400"}],"wp:term":[{"taxonomy":"category","embeddable":true,"href":"https:\/\/www.europesays.com\/es\/wp-json\/wp\/v2\/categories?post=287400"},{"taxonomy":"post_tag","embeddable":true,"href":"https:\/\/www.europesays.com\/es\/wp-json\/wp\/v2\/tags?post=287400"}],"curies":[{"name":"wp","href":"https:\/\/api.w.org\/{rel}","templated":true}]}}