{"id":287424,"date":"2025-12-14T07:44:19","date_gmt":"2025-12-14T07:44:19","guid":{"rendered":"https:\/\/www.europesays.com\/es\/287424\/"},"modified":"2025-12-14T07:44:19","modified_gmt":"2025-12-14T07:44:19","slug":"la-ue-acuerda-las-cuotas-de-pesca-para-2026-tras-intensas-negociaciones-y-espana-esquiva-el-recorte","status":"publish","type":"post","link":"https:\/\/www.europesays.com\/es\/287424\/","title":{"rendered":"La UE acuerda las cuotas de pesca para 2026 tras intensas negociaciones y Espa\u00f1a esquiva el recorte"},"content":{"rendered":"<p>\n                    Publicado                 13\/12\/2025 &#8211; 11:57 CET<br \/>\n                \u2022Ultima actualizaci\u00f3n<br \/>\n                                     17:23\n                                        <\/p>\n<p>El Consejo de Ministros de Agricultura y Pesca de la UE ha aprobado los <strong>l\u00edmites de captura y el esfuerzo pesquero para 2026<\/strong>, y en algunos casos hasta 2028. El acuerdo regula las poblaciones comerciales m\u00e1s importantes del Atl\u00e1ntico, el Mar del Norte, el Mediterr\u00e1neo y el Mar Negro.<\/p>\n<p><strong>El esfuerzo pesquero combina el tama\u00f1o y la potencia del motor de los barcos con los d\u00edas dedicados a la actividad<\/strong>. Despu\u00e9s de dos d\u00edas de conversaciones, los 27 Estados miembros han llegado a un compromiso que equilibra las recomendaciones cient\u00edficas con la viabilidad econ\u00f3mica del sector.<\/p>\n<p>Jacob Jensen, ministro dan\u00e9s responsable del \u00e1rea, ha explicado que el pacto \u00abofrece a los pescadores certeza sobre sus posibilidades de pesca para 2026\u00bb y busca garantizar \u00ablas mejores condiciones posibles para un sector pesquero sostenible en el futuro\u00bb.<\/p>\n<p>Cambios en las cuotas por zonas<\/p>\n<p>Para el Atl\u00e1ntico y el Mar del Norte, la UE gestiona de forma aut\u00f3noma 24 totales admisibles de captura (TAC). <strong>Las cifras suben para especies como el gallo, que aumenta un 12% en aguas del sur del Golfo de Vizcaya, y la cigala, con un incremento del 54%<\/strong> en esa misma zona.<\/p>\n<p>Por otro lado, bajan las capturas permitidas de lenguado com\u00fan (un 45% menos en el Kattegat y el B\u00e1ltico), jurel en aguas portuguesas (5% menos), abadejo (13% menos) y rape (1% menos). <strong>La caballa plantea un caso especial: los ministros fijaron cuotas provisionales para el primer semestre con una reducci\u00f3n del 70%<\/strong>, a la espera de que concluyan las consultas entre los pa\u00edses costeros del Atl\u00e1ntico nororiental.<\/p>\n<p>En el Mediterr\u00e1neo occidental, <strong>se mantiene el nivel de esfuerzo de 2025 para los arrastreros<\/strong> y tambi\u00e9n los l\u00edmites para la gamba azul y roja. En el Mar Negro hay un ligero descenso en el rodaballo respecto al a\u00f1o anterior.<\/p>\n<p>La situaci\u00f3n de Espa\u00f1a tras el acuerdo<\/p>\n<p>Luis Planas ha anunciado que los pescadores espa\u00f1oles dispondr\u00e1n de <strong>143 d\u00edas de faena en el Mediterr\u00e1neo durante 2026<\/strong>. El dato cobra relevancia porque <a href=\"https:\/\/es.euronews.com\/my-europe\/2024\/12\/10\/el-sector-pesquero-espanol-se-moviliza-contra-el-plan-de-pesca-de-la-ue-es-la-muerte\" rel=\"nofollow noopener\" target=\"_blank\">Bruselas hab\u00eda planteado inicialmente un recorte dr\u00e1stico que habr\u00eda dejado los d\u00edas de actividad en 9,7<\/a>, frente a los 27 establecidos para 2025.<\/p>\n<p>El ministro espa\u00f1ol ha asegurado que las flotas no tendr\u00e1n que aplicar nuevas medidas compensatorias. <strong>En aguas espa\u00f1olas del Mediterr\u00e1neo occidental se mantiene el esfuerzo pesquero de 2025 para los arrastreros<\/strong>, lo mismo que en las aguas francesas e italianas de esa zona.<\/p>\n<p>Sin embargo, tal y coment\u00f3 Planas durante la rueda de prensa, no todo ha sido una victoria, hay un retroceso notable en algunas zonas como en el Golfo de C\u00e1diz de cara a 2026.<\/p>\n<p>El reglamento entrar\u00e1 en vigor el 1 de enero de 2026, despu\u00e9s de la revisi\u00f3n jur\u00eddica y ling\u00fc\u00edstica de <a href=\"https:\/\/www.consilium.europa.eu\/en\/press\/press-releases\/2025\/12\/13\/fishing-opportunities-for-2026-in-eu-and-non-eu-waters-council-secures-agreement\/\" target=\"_blank\" rel=\"noreferrer nofollow noopener\">los textos y su publicaci\u00f3n en el Diario Oficial de la UE<\/a>.<\/p>\n","protected":false},"excerpt":{"rendered":"Publicado 13\/12\/2025 &#8211; 11:57 CET \u2022Ultima actualizaci\u00f3n 17:23 El Consejo de Ministros de Agricultura y Pesca de la&hellip;\n","protected":false},"author":2,"featured_media":287425,"comment_status":"","ping_status":"","sticky":false,"template":"","format":"standard","meta":{"footnotes":""},"categories":[8],"tags":[18708,17,18,25,24,13,14,11,19,20,8987,9,10,15,16,4770,23,12,21,22,1617],"class_list":{"0":"post-287424","1":"post","2":"type-post","3":"status-publish","4":"format-standard","5":"has-post-thumbnail","7":"category-espana","8":"tag-acuerdos-internacionales","9":"tag-breaking-news","10":"tag-breakingnews","11":"tag-es","12":"tag-espana","13":"tag-featured-news","14":"tag-featurednews","15":"tag-headlines","16":"tag-latest-news","17":"tag-latestnews","18":"tag-mar-mediterraneo","19":"tag-news","20":"tag-noticias","21":"tag-noticias-destacadas","22":"tag-noticiasdestacadas","23":"tag-pesca","24":"tag-spain","25":"tag-titulares","26":"tag-ultimas-noticias","27":"tag-ultimasnoticias","28":"tag-union-europea"},"share_on_mastodon":{"url":"https:\/\/pubeurope.com\/@es\/115716808037681041","error":""},"_links":{"self":[{"href":"https:\/\/www.europesays.com\/es\/wp-json\/wp\/v2\/posts\/287424","targetHints":{"allow":["GET"]}}],"collection":[{"href":"https:\/\/www.europesays.com\/es\/wp-json\/wp\/v2\/posts"}],"about":[{"href":"https:\/\/www.europesays.com\/es\/wp-json\/wp\/v2\/types\/post"}],"author":[{"embeddable":true,"href":"https:\/\/www.europesays.com\/es\/wp-json\/wp\/v2\/users\/2"}],"replies":[{"embeddable":true,"href":"https:\/\/www.europesays.com\/es\/wp-json\/wp\/v2\/comments?post=287424"}],"version-history":[{"count":0,"href":"https:\/\/www.europesays.com\/es\/wp-json\/wp\/v2\/posts\/287424\/revisions"}],"wp:featuredmedia":[{"embeddable":true,"href":"https:\/\/www.europesays.com\/es\/wp-json\/wp\/v2\/media\/287425"}],"wp:attachment":[{"href":"https:\/\/www.europesays.com\/es\/wp-json\/wp\/v2\/media?parent=287424"}],"wp:term":[{"taxonomy":"category","embeddable":true,"href":"https:\/\/www.europesays.com\/es\/wp-json\/wp\/v2\/categories?post=287424"},{"taxonomy":"post_tag","embeddable":true,"href":"https:\/\/www.europesays.com\/es\/wp-json\/wp\/v2\/tags?post=287424"}],"curies":[{"name":"wp","href":"https:\/\/api.w.org\/{rel}","templated":true}]}}