{"id":287438,"date":"2025-12-14T07:58:13","date_gmt":"2025-12-14T07:58:13","guid":{"rendered":"https:\/\/www.europesays.com\/es\/287438\/"},"modified":"2025-12-14T07:58:13","modified_gmt":"2025-12-14T07:58:13","slug":"el-ojo-de-gran-hermano-se-apaga-en-telecinco","status":"publish","type":"post","link":"https:\/\/www.europesays.com\/es\/287438\/","title":{"rendered":"El ojo de &#8216;Gran hermano&#8217; se apaga en Telecinco"},"content":{"rendered":"<p>Apenas 42 d\u00edas va a permanecer abierta la casa de &#8216;Gran hermano&#8217; en su vig\u00e9sima edici\u00f3n. Ni siquiera tan redonda efem\u00e9ride ha servido a Telecinco  &#8230; para reenganchar a los fieles del formato que, en esta ocasi\u00f3n, no se han sumado a las tramas de los concursantes ni a las galas del &#8216;reality&#8217;. El rey de la telerrealidad se cerrar\u00e1 el jueves 18 de diciembre, a las 21.45 horas, en una final apresurada, conducida por Jorge Javier V\u00e1zquez, que pondr\u00e1 el broche a una temporada extra\u00f1a en los 25 a\u00f1os del formato. &#8216;GH&#8217; se acaba y hasta sus \u00faltimos coletazos pasan inadvertidos entre los espectadores. Fin de ciclo para un programa que cambi\u00f3 la historia de la peque\u00f1a pantalla en Espa\u00f1a y revolucion\u00f3 la forma de hacer televisi\u00f3n, especialmente en Mediaset.<\/p>\n<p class=\"v-p\">&#8216;Gran hermano&#8217; inici\u00f3 su \u00faltima edici\u00f3n el pasado 6 de noviembre. Lo hizo con una importante novedad: una nueva casa m\u00e1s avanzada tecnol\u00f3gicamente en la localidad madrile\u00f1a de Tres Cantos, dejando atr\u00e1s su anterior y m\u00e1s emblem\u00e1tica ubicaci\u00f3n en Guadalix de la Sierra. \u00abUna revoluci\u00f3n completa\u00bb, seg\u00fan los responsables del programa y de la productora Zeppelin que, sin embargo, no ha servido para llamar la atenci\u00f3n. El &#8216;reality&#8217; dio el pistoletazo de salida con un resultado relativamente bueno para los tiempos actuales de la televisi\u00f3n: un 15,8% de &#8216;share&#8217; y 889.000 espectadores. Sin embargo, en las sucesivas semanas, la audiencia se ha desplomado, obligando a la cadena a precipitar su final.<\/p>\n<p class=\"v-p\">Fue el propio Jorge Javier V\u00e1zquez quien comunic\u00f3 el \u00faltimo jueves a los concursantes que &#8216;Gran Hermano&#8217; acabar\u00eda antes de las navidades y no en el a\u00f1o nuevo, tal y como estaba previsto en los planes iniciales. \u00ab\u00a1Qu\u00e9 r\u00e1pido se me ha pasado esta edici\u00f3n!\u00bb, exclam\u00f3 el presentador con su habitual iron\u00eda. En esta gala, el programa decidi\u00f3 meter el acelerador de una manera in\u00e9dita: expulsaron durante la noche hasta a cinco concursantes de golpe. Es decir, la mitad de la casa del &#8216;reality&#8217; se vaci\u00f3. \u00bfEl resultado? Un nuevo m\u00ednimo hist\u00f3rico. Un 8,8% de cuota de pantalla y apenas 510.000 espectadores. En la franja de &#8216;access prime time&#8217; \u2013Telecinco parte en dos las galas para minimizar el golpe de &#8216;La revuelta&#8217; y &#8216;El hormiguero&#8217;\u2013 el resultado fue m\u00e1s catastr\u00f3fico: 5,7% de &#8216;share&#8217; y 687.000 seguidores. Un dato escalofriante para un formato que reuni\u00f3 audiencias millonarias y fue un fen\u00f3meno social. La cadena qued\u00f3, en esa franja, en \u00faltima opci\u00f3n, solo por delante de La 2. <\/p>\n<p class=\"v-p\">Una cadena en m\u00ednimos<\/p>\n<p class=\"v-p\">\u00bfPor qu\u00e9 ha fracasado la edici\u00f3n? La respuesta puede contener muchas teor\u00edas. Una clave est\u00e1 en la situaci\u00f3n de crisis de audiencia e imagen que vive actualmente Telecinco, abandonada por una parte de sus espectadores. En noviembre, la cadena promedi\u00f3 un 9% de cuota, el peor de su historia, y muy lejos de La 1 (12,3%) y Antena 3 (13%). El &#8216;reality&#8217; ya parti\u00f3 con una base de datos baja, dentro de una programaci\u00f3n diaria que tambi\u00e9n ha virado hacia otros contenidos m\u00e1s de actualidad pol\u00edtica o social, alej\u00e1ndose del corazoneo que invad\u00eda la parrilla en \u00e9poca de Vasile. <\/p>\n<p class=\"v-p\">Tambi\u00e9n, a diferencia de otras etapas, &#8216;Gran hermano&#8217; ha tenido que rivalizar con contenidos similares en la misma cadena u otros soportes que gustan m\u00e1s a las nuevas generaciones. Es el caso de &#8216;La isla de las tentaciones&#8217;, tambi\u00e9n en Telecinco, cuyo \u00e9xito ha opacado al veterano &#8216;reality&#8217;. El formato presentado por Sandra Barneda, que pone a prueba la fidelidad en el amor, es una de las pocas alegr\u00edas del canal. En su \u00faltima entrega del lunes anot\u00f3 un gran 15,2% de &#8216;share&#8217; y m\u00e1s de 1,1 millones de espectadores. Adem\u00e1s, &#8216;GH&#8217; ha coincidido en emisi\u00f3n con &#8216;Operaci\u00f3n Triunfo&#8217;, en Prime Video, espacio que explota la telerrealidad con un canal en directo en &#8216;Youtube&#8217;.<\/p>\n<p class=\"v-p\">Tambi\u00e9n se ha tenido que &#8216;enfrentar&#8217; a &#8216;La casa de los gemelos&#8217;, un particular y pol\u00e9mico &#8216;reality&#8217; en internet producido por dos hermanos, Carlos y Daniel Ramos, donde las faltas de respeto, insultos y peleas parece que no tienen l\u00edmites. El formato ha ocupado gran parte de la conversaci\u00f3n social en &#8216;X&#8217; o &#8216;TikTok&#8217;. <\/p>\n<p class=\"v-p\">En menos de una semana, &#8216;Gran hermano&#8217; cerrar\u00e1 su ojo. Este domingo volver\u00e1 a expulsar a uno de sus concursantes entre Aniquilino, Cristian, Desir\u00e9e, Ra\u00fal y Roc\u00edo. El jueves habr\u00e1 cuatro finalistas y solo un ganador. La casa con concursantes an\u00f3nimos echar\u00e1 el pestillo y el formato cerrar\u00e1 un ciclo de 25 a\u00f1os de televisi\u00f3n en directo.<\/p>\n","protected":false},"excerpt":{"rendered":"Apenas 42 d\u00edas va a permanecer abierta la casa de &#8216;Gran hermano&#8217; en su vig\u00e9sima edici\u00f3n. Ni siquiera&hellip;\n","protected":false},"author":2,"featured_media":287439,"comment_status":"","ping_status":"","sticky":false,"template":"","format":"standard","meta":{"footnotes":""},"categories":[171],"tags":[37885,146,147,25,24,3956,37,2473,23,692,214],"class_list":{"0":"post-287438","1":"post","2":"type-post","3":"status-publish","4":"format-standard","5":"has-post-thumbnail","7":"category-tv","8":"tag-apaga","9":"tag-entertainment","10":"tag-entretenimiento","11":"tag-es","12":"tag-espana","13":"tag-gran","14":"tag-hermano","15":"tag-ojo","16":"tag-spain","17":"tag-telecinco","18":"tag-tv"},"share_on_mastodon":{"url":"","error":""},"_links":{"self":[{"href":"https:\/\/www.europesays.com\/es\/wp-json\/wp\/v2\/posts\/287438","targetHints":{"allow":["GET"]}}],"collection":[{"href":"https:\/\/www.europesays.com\/es\/wp-json\/wp\/v2\/posts"}],"about":[{"href":"https:\/\/www.europesays.com\/es\/wp-json\/wp\/v2\/types\/post"}],"author":[{"embeddable":true,"href":"https:\/\/www.europesays.com\/es\/wp-json\/wp\/v2\/users\/2"}],"replies":[{"embeddable":true,"href":"https:\/\/www.europesays.com\/es\/wp-json\/wp\/v2\/comments?post=287438"}],"version-history":[{"count":0,"href":"https:\/\/www.europesays.com\/es\/wp-json\/wp\/v2\/posts\/287438\/revisions"}],"wp:featuredmedia":[{"embeddable":true,"href":"https:\/\/www.europesays.com\/es\/wp-json\/wp\/v2\/media\/287439"}],"wp:attachment":[{"href":"https:\/\/www.europesays.com\/es\/wp-json\/wp\/v2\/media?parent=287438"}],"wp:term":[{"taxonomy":"category","embeddable":true,"href":"https:\/\/www.europesays.com\/es\/wp-json\/wp\/v2\/categories?post=287438"},{"taxonomy":"post_tag","embeddable":true,"href":"https:\/\/www.europesays.com\/es\/wp-json\/wp\/v2\/tags?post=287438"}],"curies":[{"name":"wp","href":"https:\/\/api.w.org\/{rel}","templated":true}]}}