{"id":287479,"date":"2025-12-14T08:29:09","date_gmt":"2025-12-14T08:29:09","guid":{"rendered":"https:\/\/www.europesays.com\/es\/287479\/"},"modified":"2025-12-14T08:29:09","modified_gmt":"2025-12-14T08:29:09","slug":"fondos-y-bancos-ponen-en-cuarentena-la-inversion-en-renovables-en-espana","status":"publish","type":"post","link":"https:\/\/www.europesays.com\/es\/287479\/","title":{"rendered":"Fondos y bancos ponen en cuarentena la inversi\u00f3n en renovables en Espa\u00f1a"},"content":{"rendered":"<p style=\"\">El objetivo del <a href=\"https:\/\/www.abc.es\/economia\/gobierno-propone-subir-parte-fija-recibo-luz-20251203185837-nt.html\" target=\"_self\" data-voc-vtm-id=\"in-text-traffic\" title=\"Gobierno de Espa\u00f1a\" rel=\"nofollow noopener\">Gobierno de Espa\u00f1a<\/a>, plasmado en el <strong>Plan Nacional Integrado de Energ\u00eda y Clima (Pniec)<\/strong>, plantea que para 2030 las energ\u00edas renovables habr\u00edan de representar el 81% del &#8216;mix&#8217; energ\u00e9tico y el 48% del consumo final de energ\u00eda. Sin embargo, estas  &#8230; metas \u2013en cuanto a la potencia instalada de renovables\u2013 no son tarea f\u00e1cil de conseguir teniendo en cuenta los problemas estructurales que enfrenta el despliegue de <a href=\"https:\/\/www.abc.es\/economia\/electricas-europeas-reclaman-poder-usar-financiacion-prometida-20251210041741-nt.html\" target=\"_self\" data-voc-vtm-id=\"in-text-traffic\" title=\"nuevos proyectos\" rel=\"nofollow noopener\">nuevos proyectos<\/a>, principalmente por falta de rentabilidad, seg\u00fan apuntan fuentes financieras. <\/p>\n<p class=\"voc-p\" style=\"\">En concreto, el foco est\u00e1 puesto en la energ\u00eda solar, que es la tecnolog\u00eda que m\u00e1s dudas arrastra. Fuentes financieras confirman que tanto fondos de inversi\u00f3n como bancos han puesto en cuarentena el desarrollo de <a href=\"https:\/\/www.abc.es\/economia\/gobierno-asume-fracaso-plan-energia-verde-debate-20251125191142-nt.html\" target=\"_self\" data-voc-vtm-id=\"in-text-traffic\" title=\"nuevos proyectos renovables\" rel=\"nofollow noopener\">nuevos proyectos renovables<\/a>, particularmente de fotovoltaica. Ahora es m\u00e1s complicado captar dinero para estos activos y tambi\u00e9n se dificulta la financiaci\u00f3n.<\/p>\n<p class=\"voc-p\" style=\"\">Andr\u00e9s Alfonso, socio de Derecho Mercantil y M&amp;A y director de Transici\u00f3n Energ\u00e9tica de Ashurst Espa\u00f1a, destaca que \u00ab<strong>este ha sido de los a\u00f1os m\u00e1s dif\u00edciles para la fotovoltaica<\/strong> y eso se ha reflejado en las operaciones que ha habido en el mercado, que han sido muy pocas. Eso se debe a problemas estructurales que en parte sufren tambi\u00e9n otras tecnolog\u00edas como la energ\u00eda e\u00f3lica\u00bb. Los palos en la rueda para la todav\u00eda mayor expansi\u00f3n de renovables son varios. <\/p>\n<p class=\"voc-p\" style=\"\">Este abogado, que precisamente se dedica a asesorar a grandes fondos y energ\u00e9ticas, incide en los problemas de congesti\u00f3n y gesti\u00f3n de la red, as\u00ed como en la falta de proyectos de almacenamiento, tanto independientes como integrados en las propias plantas. \u00abSon problemas estructurales en el sistema que afectan m\u00e1s acusadamente a la energ\u00eda solar porque ha tenido un gran desarrollo con entrada masiva de proyectos en los \u00faltimos a\u00f1os, pero que no ha ido acompa\u00f1ada de un reforzamiento de inversi\u00f3n en las redes. La solar y la e\u00f3lica han llegado recientemente a representar un 50% o m\u00e1s de la generaci\u00f3n en el <strong>&#8216;mix&#8217; energ\u00e9tico<\/strong> y no ha ido acompa\u00f1ado de una inversi\u00f3n proporcional en las redes\u00bb, afirma Alfonso.<\/p>\n<p class=\"voc-title\">\u00abEste ha sido de los a\u00f1os m\u00e1s dif\u00edciles para la fotovoltaica y eso se ha reflejado en que hay muy pocas operaciones\u00bb<\/p>\n<p class=\"voc-article-position__name\">Andr\u00e9s Alfonso<\/p>\n<p class=\"voc-article-position__employ\">Socio de Derecho Mercantil y M&amp;A y director de Transici\u00f3n Energ\u00e9tica de Ashurst Espa\u00f1a<\/p>\n<p class=\"voc-p\" style=\"\">Como se\u00f1alan fuentes del sector energ\u00e9tico, las redes actuales no pueden soportar toda la generaci\u00f3n renovable que existe en Espa\u00f1a y que se prev\u00e9 que existir\u00e1, a\u00fan m\u00e1s, a futuro, en vista del tir\u00f3n de la transici\u00f3n energ\u00e9tica. Sin embargo, lograr los objetivos de generaci\u00f3n podr\u00eda estar en el aire si no se pone remedio al problema de red y rentabilidad que arrastra este sector.<\/p>\n<p class=\"voc-p\" style=\"\">Uno de los elementos a tener en cuenta, y que representa una paradoja con respecto a la falta de mejores redes pero que no exista suficiente demanda, son los llamados vertidos. Estos consisten en que una zona concreta hay <strong>demasiada generaci\u00f3n que la demanda de la zona no puede absorber<\/strong>. La red no es capaz de transportar la energ\u00eda m\u00e1s all\u00e1 de la zona donde est\u00e1 produci\u00e9ndose y eso hace que se vierta, se pierda. Hasta hace tres a\u00f1os ese problema era excepcional y ahora es estructural. De hecho, este pasado verano, y con el impacto tambi\u00e9n del <a href=\"https:\/\/www.abc.es\/economia\/ano-oscuro-ministra-aagesen-apagon-crisis-nuclear-20251124193630-nt.html\" target=\"_self\" data-voc-vtm-id=\"in-text-traffic\" title=\"\u00abmodo reforzado\u00bb\" rel=\"nofollow noopener\">\u00abmodo reforzado\u00bb<\/a> de Red El\u00e9ctrica ha habido picos hist\u00f3ricos de estos denominados &#8216;curtailments&#8217; (su traducci\u00f3n t\u00e9cnica en ingl\u00e9s).<\/p>\n<p class=\"voc-p\" style=\"\">Sobre los datos concretos, hace un a\u00f1o el volumen de estos vertidos de renovables fue del 3% sobre lo que generaban las energ\u00edas verdes. En este \u00faltimo a\u00f1o, solo dos meses superaron el 2% de vertidos. Todo ello con una generaci\u00f3n de renovables que siempre estaba por encima del 50% con respecto al mix total. Sin embargo, en mayo y junio ya fue superior al 3%; mientras que en julio la cifra se ha situado en el 10%, una aut\u00e9ntica anomal\u00eda que cada vez preocupa m\u00e1s al sector.<\/p>\n<p class=\"voc-p\" style=\"\">\u00abEsos vertidos no generan ingresos y adem\u00e1s los precios en algunas franjas horarias son negativos. Y en el medio plazo, no parece que los precios vayan a mejorar\u00bb, reconoce el abogado de Ashurst Espa\u00f1a.<\/p>\n<p>\nProblema de ingresos\n<\/p>\n<p class=\"voc-p\" style=\"\">Los precios, as\u00ed, son uno de los grandes caballos de batalla del sector renovable. Sin rentabilidad, no hay posibilidad de seguir invirtiendo en nuevos proyectos, del tipo que sean. \u00abSi miras el precio medio de captura de la <strong>energ\u00eda solar fotovoltaica<\/strong> en Espa\u00f1a en 2023, 2024 y 2025 ha ido claramente en descenso con respecto al precio medio de mercado. Y esto se debe en parte a que la solar tiene la limitaci\u00f3n de producir en las franjas horarias que puede producir que es cuando hay luz. Sin capacidad de almacenamiento, se concentra la generaci\u00f3n en horas del d\u00eda en que la energ\u00eda es mucho m\u00e1s barata, con precios cero e incluso negativos\u00bb, apunta Andr\u00e9s Alfonso.<\/p>\n<p class=\"voc-title\">La rentabilidad de los proyectos hace que los bancos sean mucho m\u00e1s exigentes a la hora de dar cr\u00e9dito<\/p>\n<p class=\"voc-p\" style=\"\">Fuentes financieras destacan que la rentabilidad que se maneja en los proyectos renovables, en especial de fotovoltaica, est\u00e1n espantando en cierto modo a los inversores, a los fondos, pero tambi\u00e9n a los bancos, que cada vez dan financiaciones m\u00e1s exigentes, a proyectos m\u00e1s definidos y con menor riesgo. <\/p>\n<p class=\"voc-p\" style=\"\"><strong>La financiaci\u00f3n<\/strong>, ya sea bancaria o procedente de fuera de los bancos (capital riesgo), es clave para el despliegue de nuevos proyectos. Pero en la actualidad, las entidades financieras est\u00e1n siendo<strong> mucho m\u00e1s cautelosas que anta\u00f1o<\/strong> precisamente por la rentabilidad. El problema de los vertidos y los precios se traslada a las financiaciones y eso hace inviable en ocasiones conceder los cr\u00e9ditos. Tener que producir y entregar energ\u00eda lejos de los ingresos esperados es una traba para la financiaci\u00f3n. Fuentes del sector financiero reconocen que se mira mucho m\u00e1s a fondo todo lo que tiene que ver con estos proyectos, aunque ni mucho menos afirman que el grifo de cr\u00e9dito est\u00e9 cerrado.<\/p>\n<p>\nMayor inversi\u00f3n en redes\n<\/p>\n<p class=\"voc-p\" style=\"\">Ante esta situaci\u00f3n, los expertos reclaman mayor inversi\u00f3n en las redes para que se pueda gestionar mejor toda esa generaci\u00f3n renovable que est\u00e1 por venir. <strong>\u00abNo podemos esperar a planes de 5-10 a\u00f1os para solucionar un problema que tenemos ya\u00bb<\/strong>, incide el experto de Ashurst Espa\u00f1a, que a\u00f1ade la necesidad de adoptar medidas regulatorias que hagan que la rentabilidad sea atractiva, para fomentar de nuevo las inversiones.<\/p>\n<p class=\"voc-p\" style=\"\">En estos momentos todo est\u00e1 en manos de la <a href=\"https:\/\/www.abc.es\/economia\/competencia-plantea-subir-luz-2026-reforzar-red-20251126190629-nt.html\" target=\"_self\" data-voc-vtm-id=\"in-text-traffic\" title=\"Comisi\u00f3n Nacional de los Mercados y la Competencia (CNMC)\" rel=\"nofollow noopener\">Comisi\u00f3n Nacional de los Mercados y la Competencia (CNMC)<\/a>, que es la que fija la retribuci\u00f3n sobre la inversi\u00f3n que realizan las el\u00e9ctricas. No obstante, y pese a la reclamaci\u00f3n de una mejora de este rendimiento financiero, el regulador debe manejarlo con cuidado puesto que este dinero sale directamente de la <a href=\"https:\/\/www.abc.es\/economia\/gran-misterio-sobre-factura-luz-subira-bajara-20251210041809-nt.html\" target=\"_self\" data-voc-vtm-id=\"in-text-traffic\" title=\"factura\" rel=\"nofollow noopener\">factura<\/a> que pagan los consumidores.<\/p>\n<p class=\"voc-p\" style=\"\">Bajo estas perspectivas, y si no se pone coto a todo ello, en el sector financiero creen que tarde o temprano acabar\u00e1n sucedi\u00e9ndose reestructuraciones de proyectos renovables, en fotovoltaica. Y en paralelo, en el sector energ\u00e9tico destacan que se empieza a ver bastante actividad en otras tecnolog\u00edas como el <strong>biometano<\/strong>, aunque su desarrollo a\u00fan es incipiente, con lo que cabr\u00eda esperarse un &#8216;boom&#8217; de nuevas operaciones sobre proyectos de biometano en los pr\u00f3ximos a\u00f1os.<\/p>\n","protected":false},"excerpt":{"rendered":"El objetivo del Gobierno de Espa\u00f1a, plasmado en el Plan Nacional Integrado de Energ\u00eda y Clima (Pniec), plantea&hellip;\n","protected":false},"author":2,"featured_media":287480,"comment_status":"","ping_status":"","sticky":false,"template":"","format":"standard","meta":{"footnotes":""},"categories":[80],"tags":[3288,82,14967,95,94,25,24,20085,921,15611,5292,23],"class_list":{"0":"post-287479","1":"post","2":"type-post","3":"status-publish","4":"format-standard","5":"has-post-thumbnail","7":"category-economia","8":"tag-bancos","9":"tag-business","10":"tag-cuarentena","11":"tag-economia","12":"tag-economy","13":"tag-es","14":"tag-espana","15":"tag-fondos","16":"tag-inversion","17":"tag-ponen","18":"tag-renovables","19":"tag-spain"},"share_on_mastodon":{"url":"https:\/\/pubeurope.com\/@es\/115716984969125737","error":""},"_links":{"self":[{"href":"https:\/\/www.europesays.com\/es\/wp-json\/wp\/v2\/posts\/287479","targetHints":{"allow":["GET"]}}],"collection":[{"href":"https:\/\/www.europesays.com\/es\/wp-json\/wp\/v2\/posts"}],"about":[{"href":"https:\/\/www.europesays.com\/es\/wp-json\/wp\/v2\/types\/post"}],"author":[{"embeddable":true,"href":"https:\/\/www.europesays.com\/es\/wp-json\/wp\/v2\/users\/2"}],"replies":[{"embeddable":true,"href":"https:\/\/www.europesays.com\/es\/wp-json\/wp\/v2\/comments?post=287479"}],"version-history":[{"count":0,"href":"https:\/\/www.europesays.com\/es\/wp-json\/wp\/v2\/posts\/287479\/revisions"}],"wp:featuredmedia":[{"embeddable":true,"href":"https:\/\/www.europesays.com\/es\/wp-json\/wp\/v2\/media\/287480"}],"wp:attachment":[{"href":"https:\/\/www.europesays.com\/es\/wp-json\/wp\/v2\/media?parent=287479"}],"wp:term":[{"taxonomy":"category","embeddable":true,"href":"https:\/\/www.europesays.com\/es\/wp-json\/wp\/v2\/categories?post=287479"},{"taxonomy":"post_tag","embeddable":true,"href":"https:\/\/www.europesays.com\/es\/wp-json\/wp\/v2\/tags?post=287479"}],"curies":[{"name":"wp","href":"https:\/\/api.w.org\/{rel}","templated":true}]}}