{"id":287505,"date":"2025-12-14T08:50:08","date_gmt":"2025-12-14T08:50:08","guid":{"rendered":"https:\/\/www.europesays.com\/es\/287505\/"},"modified":"2025-12-14T08:50:08","modified_gmt":"2025-12-14T08:50:08","slug":"cinco-obras-esenciales-para-despedir-a-hector-alterio-y-entender-su-legado-cultural-el-pais-expres","status":"publish","type":"post","link":"https:\/\/www.europesays.com\/es\/287505\/","title":{"rendered":"Cinco obras esenciales para despedir a H\u00e9ctor Alterio y entender su legado cultural | El PA\u00cdS Expr\u00e9s"},"content":{"rendered":"<p><img fetchpriority=\"high\" alt=\"Hector Alterio\" decoding=\"auto\" class=\"_re  a_m-h\" height=\"414\"  width=\"414\"  src=\"https:\/\/www.europesays.com\/es\/wp-content\/uploads\/2025\/12\/KR22OYTRH5FQ3HQEKTTM4JTRH4.jpg\" loading=\"eager\"\/>09\/01\/2004 C-145107 Entrevista con el actor H\u00e9ctor Alterio. foto de Ricardo Guti\u00e9rrezFoto: Ricardo Guti\u00e9rez<\/p>\n<p class=\"\">H\u00e9ctor Alterio ha fallecido este s\u00e1bado en Madrid a los 96 a\u00f1os, tras una de las trayectorias m\u00e1s s\u00f3lidas y queridas del teatro, el cine y la televisi\u00f3n en espa\u00f1ol. Padre de actores, Malena y Ernesto, y a\u00fan de gira con Una peque\u00f1a historia, su muerte cierra una vida dedicada a actuar, a entretener y a buscar \u2014como \u00e9l mismo dec\u00eda\u2014 la verdad sobre el escenario.<\/p>\n<p class=\"\"><b>Cinco obras para recordarle: <\/b><\/p>\n<p class=\"\"><b>1. <\/b><b>La historia oficial<\/b><b>. <\/b>Alterio interpreta a un empresario enriquecido por la dictadura en la primera pel\u00edcula argentina que gan\u00f3 el Oscar.<\/p>\n<p class=\"\"><b>2.<\/b><b> El hijo de la novia<\/b><b>.<\/b> Da vida al padre del personaje de Ricardo Dar\u00edn, un hombre mayor que intenta cumplir el \u00faltimo deseo de su esposa enferma. Un papel c\u00e1lido y humano.<\/p>\n<p class=\"\"><b>3. <\/b><b>A un dios desconocido<\/b>. Encarna a un mago homosexual cuya historia se cruza con la memoria de la Guerra Civil. Su interpretaci\u00f3n, valiente y delicada, fue premiada en San Sebasti\u00e1n.<\/p>\n<p class=\"\"><b>4. <\/b><b>El crimen de Cuenca<\/b><b>.<\/b> Interpreta a uno de los acusados en un caso real marcado por torturas y errores judiciales.<\/p>\n<p class=\"\"><b>5. <\/b><b>Vientos de agua<\/b><b>.<\/b> Da vida a un emigrante espa\u00f1ol en Argentina, mientras su hijo Ernesto interpreta al mismo personaje de joven. Una historia de exilio y desarraigo que dialoga con su propia biograf\u00eda.<\/p>\n<p class=\"\">\u00a9Foto: Ricardo Guti\u00e9rez<\/p>\n<p class=\"\"><a href=\"https:\/\/elpais.com\/cultura\/2025-12-13\/muere-a-los-96-anos-el-actor-hector-alterio.html\" target=\"_self\" rel=\"nofollow noopener\" title=\"https:\/\/elpais.com\/cultura\/2025-12-13\/muere-a-los-96-anos-el-actor-hector-alterio.html\">Si quieres saber m\u00e1s, puedes leer aqu\u00ed.<\/a><\/p>\n","protected":false},"excerpt":{"rendered":"09\/01\/2004 C-145107 Entrevista con el actor H\u00e9ctor Alterio. foto de Ricardo Guti\u00e9rrezFoto: Ricardo Guti\u00e9rez H\u00e9ctor Alterio ha fallecido&hellip;\n","protected":false},"author":2,"featured_media":287506,"comment_status":"","ping_status":"","sticky":false,"template":"","format":"standard","meta":{"footnotes":""},"categories":[91],"tags":[1014,283,177,44302,209,146,147,61089,25,24,68994,69136,724,23,1651],"class_list":{"0":"post-287505","1":"post","2":"type-post","3":"status-publish","4":"format-standard","5":"has-post-thumbnail","7":"category-entretenimiento","8":"tag-actores","9":"tag-argentina","10":"tag-cine","11":"tag-cine-iberoamericano","12":"tag-cultura","13":"tag-entertainment","14":"tag-entretenimiento","15":"tag-ernesto-alterio","16":"tag-es","17":"tag-espana","18":"tag-hector-alterio","19":"tag-malena-alterio","20":"tag-obituarios","21":"tag-spain","22":"tag-teatro"},"share_on_mastodon":{"url":"https:\/\/pubeurope.com\/@es\/115717067607838092","error":""},"_links":{"self":[{"href":"https:\/\/www.europesays.com\/es\/wp-json\/wp\/v2\/posts\/287505","targetHints":{"allow":["GET"]}}],"collection":[{"href":"https:\/\/www.europesays.com\/es\/wp-json\/wp\/v2\/posts"}],"about":[{"href":"https:\/\/www.europesays.com\/es\/wp-json\/wp\/v2\/types\/post"}],"author":[{"embeddable":true,"href":"https:\/\/www.europesays.com\/es\/wp-json\/wp\/v2\/users\/2"}],"replies":[{"embeddable":true,"href":"https:\/\/www.europesays.com\/es\/wp-json\/wp\/v2\/comments?post=287505"}],"version-history":[{"count":0,"href":"https:\/\/www.europesays.com\/es\/wp-json\/wp\/v2\/posts\/287505\/revisions"}],"wp:featuredmedia":[{"embeddable":true,"href":"https:\/\/www.europesays.com\/es\/wp-json\/wp\/v2\/media\/287506"}],"wp:attachment":[{"href":"https:\/\/www.europesays.com\/es\/wp-json\/wp\/v2\/media?parent=287505"}],"wp:term":[{"taxonomy":"category","embeddable":true,"href":"https:\/\/www.europesays.com\/es\/wp-json\/wp\/v2\/categories?post=287505"},{"taxonomy":"post_tag","embeddable":true,"href":"https:\/\/www.europesays.com\/es\/wp-json\/wp\/v2\/tags?post=287505"}],"curies":[{"name":"wp","href":"https:\/\/api.w.org\/{rel}","templated":true}]}}