{"id":287508,"date":"2025-12-14T08:52:09","date_gmt":"2025-12-14T08:52:09","guid":{"rendered":"https:\/\/www.europesays.com\/es\/287508\/"},"modified":"2025-12-14T08:52:09","modified_gmt":"2025-12-14T08:52:09","slug":"ni-todos-son-ricos-ni-todos-son-del-opus-dei","status":"publish","type":"post","link":"https:\/\/www.europesays.com\/es\/287508\/","title":{"rendered":"\u201cNi todos son ricos ni todos son del Opus Dei\u201d"},"content":{"rendered":"<p data-gtm-element-container=\"modulo-texto-link\" class=\"paragraph\">A Ver\u00f3nica  Montesinos le gusta quedar de vez en cuando y por separado con cada uno de sus cuatro hijos. Para hablar de sus cosas. La \u00faltima vez que convoc\u00f3 a cenar a Lola (17), la mayor de la prole,  la chica se llev\u00f3 un buen susto: \u201cPensaba que le iba a anunciar que hab\u00eda otro hermano en camino \u201c, cuenta Ver\u00f3nica. \u201cYa somos demasiados, no quiero m\u00e1s\u201d,  tercia  Lola mientras se prepara para las fotos. Acostumbrados a las ventajas de una familia larga \u2013 el padre, Rafa Rovira, cuenta 150,  entre primos y hermanos\u2013, para ellos esta decisi\u00f3n lleg\u00f3 de manera natural. \u201cVas simplificando para no complicarte la vida. Viajamos mucho a Eivissa y con el primero carg\u00e1bamos con un mont\u00f3n de cosas, ahora con cuatro vamos m\u00e1s ligeros; no necesitas ni la mitad de lo que llevabas antes\u201d, cuenta Ver\u00f3nica.<\/p>\n<p data-gtm-element-container=\"modulo-texto-link\" class=\"paragraph\">En  Espa\u00f1a hay medio mill\u00f3n de <a href=\"https:\/\/www.lavanguardia.com\/magazine\/diseno\/20240501\/9588574\/casa-son-tus-vivencias-tus-cicatrices.html\" title=\"El nido familiar de C\u00f3sima G\u00fcell y su familia numerosa en la casa de sus abuelos\" rel=\"nofollow noopener\" target=\"_blank\">familias numerosas <\/a>, seg\u00fan el \u00faltimo estudio de la Federaci\u00f3n Espa\u00f1ola de Familias Numerosas (FEFN), en una \u00e9poca de invierno demogr\u00e1fico en el pa\u00eds, donde, como promedio, cada mujer tiene 1,2 hijos.  Seg\u00fan Eurostat, en la Uni\u00f3n Europea casi la mitad de las familias tiene solo un hijo, y solo el 12, 9% tiene tres o m\u00e1s.  La ley espa\u00f1ola considera una familia numerosa cuando se tienen tres hijos, ya sean de  la misma o de diferentes parejas,  est\u00e9n los padres casados, separados o divorciados.  La FEFN confirma que tener muchos hijos es a menudo una decisi\u00f3n consciente contra la que existen muchos prejuicios. \u201cNi todos son ricos ni todos son del Opus Dei\u201d, confirman.<\/p>\n<p>                <img loading=\"lazy\" decoding=\"async\" data-full-src=\"https:\/\/www.lavanguardia.com\/uploads\/2025\/12\/11\/693aed38b85e5.jpeg\" alt=\"Familia Rovira Montesinos\" width=\"449\" height=\"321\" src=\"https:\/\/www.europesays.com\/es\/wp-content\/uploads\/2025\/12\/693aed38b85e5.jpeg\" class=\"lazy\"\/><\/p>\n<p class=\"caption-title \">Familia Rovira Montesinos<\/p>\n<p>                    Javier P\u00e9rez-Pla<\/p>\n<p class=\"module-text\">Rafa Rovira y Ver\u00f3nica Montesinos  forman una familia numerosa, seg\u00fan todas las clasificaciones conocidas: Lola (17), Isabela (12), Rafa (7), Sol (4). Para gestionar a su prole su f\u00f3rmula ha sido simplificar la log\u00edstica y quedarse con lo esencial. \u201cLos propios ni\u00f1os se gestionan entre ellos, tambi\u00e9n se pelean, pero eso los ayuda a aprender c\u00f3mo funciona el mundo\u201d, cuenta Ver\u00f3nica. Entre los padres se dividen  la intendencia de la casa. Ver\u00f3nica apenas recuerda c\u00f3mo era su vida anterior.<\/p>\n<p data-gtm-element-container=\"modulo-texto-link\" class=\"paragraph\">Aparentemente tener muchos hijos  es sin\u00f3nimo de riqueza, abundancia de espacio,  tiempo y dinero.  Sin embargo,  en el 2023 los datos del Ministerio de Derechos Sociales  apuntaban que a tres de cada cuatro familias numerosas les costaba llegar  a fin de mes. Casi la mitad de los padres de familia numerosa trabaja en el sector privado y un 65% tiene una titulaci\u00f3n universitaria. La carest\u00eda de la vida y la crisis de la vivienda ha convertido en un privilegio y en una temeridad tener m\u00e1s de dos hijos. Pasa en todo el mundo, y all\u00ed donde  los ultrarricos y tecnomillonarios se han puesto a tener hijos, tener una familia larga se ha convertido, adem\u00e1s, en el s\u00edmbolo de estatus definitivo.\u00a0<\/p>\n<p data-gtm-element-container=\"modulo-texto-link\" class=\"paragraph\">Seg\u00fan un estudio de Forbes, que encuest\u00f3 a m\u00e1s de 700 millonarios estadounidenses, al menos 22 de ellos ten\u00edan  siete o m\u00e1s hijos, y en la lista incluyen a Steven Spielberg. Elon Musk tiene 13. Alec e Hilaria Baldwin reventaron Internet con el  programa de  telerealidad, The Baldwins, que documenta los ires y venires entre su piso de Manhattan y su mansi\u00f3n de East Hampton con siete hijos y ocho mascotas. En Tiktok se hace fuerte el movimiento Tradwife, que glorifica a la madre que se queda en casa horneando panes y pasteles para su marido y su extensa  prole.<\/p>\n<blockquote>\n<p>        Ni todos son ricos ni todos son del Opus Dei\u201d<\/p>\n<p>            Federaci\u00f3n Espa\u00f1ola de Familias Numerosas<\/p>\n<\/blockquote>\n<p data-gtm-element-container=\"modulo-texto-link\" class=\"paragraph\">Las familias numerosas son cada vez m\u00e1s frecuentes entre el 1% de los ultrarricos de Manhattan. Al menos esta es la teor\u00eda de Wednesday Martin,  autora de un controvertido libro de nombre provocador: Primates of  Park Avenue (los primates de Park Avenue, no traducido). Martin observa que las \u201cfamilias masivas\u201d est\u00e1n por todas partes en el Upper East Side, una de las zonas de vivienda m\u00e1s cara,  y los colegios y las nannies m\u00e1s exclusivos de EE.UU..  \u201cCuatro  es el nuevo tener tres hijos, cinco ya no es nada loco ni significa que pertenezcas a alguna religi\u00f3n, simplemente significa que eres rico, y seis es como tener  un \u00e1tico con vistas a Central Park\u201d, resume en su libro.<\/p>\n<p data-gtm-element-container=\"modulo-texto-link\" class=\"paragraph\">Ver\u00f3nica y Rafa no hacen planes car\u00edsimos con sus hijos, ni van al \u00faltimo concierto, a no ser que sea un regalo de cumplea\u00f1os. \u201cNo hace falta tener a los ni\u00f1os llenos de extraescolares, tienen que aprender a aburrirse y a gestionar eso\u201d, reflexiona Ver\u00f3nica. Tampoco les compran el \u00faltimo tel\u00e9fono. Son muy estrictos con esto \u00faltimo, quiz\u00e1s porque ella trabaja en la industria tecnol\u00f3gica y es muy consciente de lo adictivos que son para los ni\u00f1os. Julia Urgel, a quien no le hubiera importado tener un cuarto, y que en casa  tiene que lidiar con un adolescente y una ni\u00f1a de cuatro a\u00f1os \u2013\u201ces como tener  a Bad Bunny  y a Peppa Pig en la misma casa- reconoce que \u201cla vida no est\u00e1 f\u00e1cil para traer m\u00e1s ni\u00f1os al mundo\u201d.<\/p>\n<p>                <img loading=\"lazy\" decoding=\"async\" data-full-src=\"https:\/\/www.lavanguardia.com\/uploads\/2025\/12\/11\/693aee24ae513.jpeg\" alt=\"Familia Altozano Urgel\" width=\"449\" height=\"346\" src=\"https:\/\/www.europesays.com\/es\/wp-content\/uploads\/2025\/12\/693aee24ae513.r_d.3797-1708.jpeg\" class=\"lazy\"\/><\/p>\n<p class=\"caption-title \">Familia Altozano Urgel<\/p>\n<p>                    Javier P\u00e9rez-Pla<\/p>\n<p class=\"module-text\">Cuando Julia Urgel y Gonzalo Altozano se  encontraron, ella ya ten\u00eda a sus dos primeros hijos, \u00cd\u00f1igo (14) y Blanca (11). De la nueva uni\u00f3n naci\u00f3 P\u00eda (4), y todos forman una gran familia que funciona como un reloj.  Ella es fundadora de Julia Urgel.The Agency, una agencia de comunicaci\u00f3n que en enero abre oficina en Dubai y \u00e9l es periodista y autor del podcast La mesa de la cocina.Tienen ayuda en casa, la valiosa  Isaura, a quien a veces  Julia llama en broma \u201cmi marida\u201d.<\/p>\n<p data-gtm-element-container=\"modulo-texto-link\" class=\"paragraph\">Julia tiene cuatro hermanos y cada uno tiene su prole. \u201cCuando nos juntamos parecemos un equipo de f\u00fatbol, es muy divertido y los ni\u00f1os dan paz, alegr\u00eda y muchas risas. Yo puedo tener estr\u00e9s y ansiedad pero no es  por los ni\u00f1os, es por lo que nos rodea, la vida tan complicada , todo tan caro. Pero luego los veo a los tres metidos en mi cama un domingo por la ma\u00f1ana y me parece fascinante\u201d. \u201cLa familia es mi eje . Trae complicaciones vitales, pero&#8230; es la vida. Es posible que no puedas darte tantos caprichos o irte a veranear todos los a\u00f1os pero eso nos puede pasar a todos. Lo que peor llevo son las peleas entre ellos, de vez en cuando tengo que pegar un berrido; me gustar\u00eda estar menos estresada y disfrutar de m\u00e1s tiempo de calidad juntos\u201d.<\/p>\n<p data-gtm-element-container=\"modulo-texto-link\" class=\"paragraph\">Sof\u00eda P\u00e9rez Roca y su hermana Luc\u00eda tambi\u00e9n vienen de familias que necesitan una mesa largu\u00edsima en Navidad porque se juntan casi 40.  \u201cYo hubiera tenido dos hijos m\u00e1s, pero no llegaron. Para m\u00ed la familia era la prioridad\u201d, explica Sof\u00eda, que reconoce que la log\u00edstica es complicada y que cuentan con ayuda en casa y la disposici\u00f3n total de sus padres para echarles una mano. \u201cSomos empresarias y estamos siempre de aqu\u00ed para all\u00e1. Intento estar presente todo lo que puedo pero es cierto que no lo tenemos f\u00e1cil. Se lo digo siempre a la mayor cuando se agobia con los ex\u00e1menes: \u2018Chicas, que la vida de una mujer es ese ex\u00e1men m\u00e1s la casa y los ni\u00f1os&#8230; hay que aprender a organizarse porque siempre vamos a tener muchas bolas en el aire\u2019\u201d, a\u00f1ade Sof\u00eda,  que cuenta que siempre vio a su madre ser empresaria y llevar una casa.\u00a0<\/p>\n<p>                <img loading=\"lazy\" decoding=\"async\" data-full-src=\"https:\/\/www.lavanguardia.com\/uploads\/2025\/12\/11\/693aeeb7b6360.jpeg\" alt=\"Familia Fern\u00e1ndez Roca\" width=\"449\" height=\"329\" src=\"https:\/\/www.europesays.com\/es\/wp-content\/uploads\/2025\/12\/693aeeb7b6360.jpeg\" class=\"lazy\"\/><\/p>\n<p class=\"caption-title \">Familia Fern\u00e1ndez Roca<\/p>\n<p>                    Javier P\u00e9rez-Pla<\/p>\n<p class=\"module-text\">Sof\u00eda y Luc\u00eda Fern\u00e1ndez Roca son las fundadoras <br \/>de  Sophie &amp; Lucie, una marca de moda de \u00e9xito.  Cada una tiene una familia de tres hijos y cuando se juntan forman una pandilla de seis primos: Sof\u00eda (17), Alejandra (14), Luc\u00eda (11), otra Luc\u00eda (5), Lorenzo  (2)\u00a0y Pepe (1) . \u201cTuve tres hijos pero hubiera tenido dos m\u00e1s. No me imagino la vida de otra manera. Estoy muy contenta con la fase que estoy viviendo. Tenemos ayuda en casa y mucha red familiar de apoyo. Sin eso, ser\u00eda muy dif\u00edcil\u201d, dice Sof\u00eda.<\/p>\n<p data-gtm-element-container=\"modulo-texto-link\" class=\"paragraph\">\u201cHay cosas que no sabes c\u00f3mo las puedes hacer, nadie te las ha ense\u00f1ado. Supongo que se llevan en el ADN. Creo que todas las mujeres que puedan deber\u00edan pasar por la experiencia  de ser madres\u201d. Ver\u00f3nica tambi\u00e9n debe gestionar necesidades muy dispares. Lola, la mayor, tiene 17 y Sol, la peque\u00f1a, tiene 4. \u201cPero crecer rodeado de hermanos es una gozada porque se vuelven aut\u00f3nomos mucho antes\u201d. Lo que s\u00ed ha aprendido Ver\u00f3nica es que hay que dedicarle alg\u00fan tiempo exclusivo a cada uno, irse de viaje o a cenar a solas porque , aunque se les haya dado la misma educaci\u00f3n o se les haya exigido lo mismo, \u201ccada uno es diferente y tiene sus necesidades propias\u201d.<\/p>\n<p data-gtm-element-container=\"modulo-texto-link\" class=\"paragraph\">Tener mucho hijos, dicen los soci\u00f3logos, habla de gente optimista que conf\u00eda en el futuro, que est\u00e1 tranquila y esto coincide con los grupos demogr\u00e1ficos de mayor ingreso per c\u00e1pita en todo el mundo. Justo a ellos se dirige la industria del lujo, necesitada de volver a ser relevante, con campa\u00f1as como los retratos de paternidad de  Botegga Venetta , o  complementos como los  cargadores de cachemira para beb\u00e9s, que se venden por 800 euros, y que en internet se veneran como \u201cel Birkin de  las madres\u201d.<\/p>\n<p>Tener muchos hijos, dicen los soci\u00f3logos, habla de gente optimista que conf\u00eda en el futuro<\/p>\n<p data-gtm-element-container=\"modulo-texto-link\" class=\"paragraph\">No es el caso de las familias de este reportaje, pero quienes idealizan la maternidad m\u00faltiple en las redes sociales olvidan mencionar en muchos casos la log\u00edstica y el escudo de apoyo que  hay detr\u00e1s. Por ejemplo, dicen que Kim Kasdashian para sus cuatro ni\u00f1os  tiene 10 nannies que se rotan cada 24 horas, y la familia Baldwin tiene dos ni\u00f1eras en n\u00f3mina con un salario anual neto de 200.000 d\u00f3lares. Por lo que sea, en internet se olvida comentar la letra peque\u00f1a. Esta log\u00edstica permite a las multimadres y multipadres ultrarricos estar constantemente haciendo vida social; a ellas, recuperarse del parto en tiempo r\u00e9cord con todo tipo de terapias, y mantener la cara fresca de quien no ha pasado ni una noche sin dormir.\u00a0<\/p>\n<p data-gtm-element-container=\"modulo-texto-link\" class=\"paragraph\">Si tener una gran familia es un s\u00edmbolo de estatus en el 2025  se debe a que, como suele suceder con todo lo aspiracional, se percibe como un inalcanzable. Y porque tener muchos hijos habla demasiado alto de la situaci\u00f3n ec\u00f3nomica de cada cual , m\u00e1s que de su deseo de tener familia.<\/p>\n","protected":false},"excerpt":{"rendered":"A Ver\u00f3nica Montesinos le gusta quedar de vez en cuando y por separado con cada uno de sus&hellip;\n","protected":false},"author":2,"featured_media":287509,"comment_status":"","ping_status":"","sticky":false,"template":"","format":"standard","meta":{"footnotes":""},"categories":[80],"tags":[82,95,94,25,24,23],"class_list":{"0":"post-287508","1":"post","2":"type-post","3":"status-publish","4":"format-standard","5":"has-post-thumbnail","7":"category-economia","8":"tag-business","9":"tag-economia","10":"tag-economy","11":"tag-es","12":"tag-espana","13":"tag-spain"},"share_on_mastodon":{"url":"https:\/\/pubeurope.com\/@es\/115717076567872260","error":""},"_links":{"self":[{"href":"https:\/\/www.europesays.com\/es\/wp-json\/wp\/v2\/posts\/287508","targetHints":{"allow":["GET"]}}],"collection":[{"href":"https:\/\/www.europesays.com\/es\/wp-json\/wp\/v2\/posts"}],"about":[{"href":"https:\/\/www.europesays.com\/es\/wp-json\/wp\/v2\/types\/post"}],"author":[{"embeddable":true,"href":"https:\/\/www.europesays.com\/es\/wp-json\/wp\/v2\/users\/2"}],"replies":[{"embeddable":true,"href":"https:\/\/www.europesays.com\/es\/wp-json\/wp\/v2\/comments?post=287508"}],"version-history":[{"count":0,"href":"https:\/\/www.europesays.com\/es\/wp-json\/wp\/v2\/posts\/287508\/revisions"}],"wp:featuredmedia":[{"embeddable":true,"href":"https:\/\/www.europesays.com\/es\/wp-json\/wp\/v2\/media\/287509"}],"wp:attachment":[{"href":"https:\/\/www.europesays.com\/es\/wp-json\/wp\/v2\/media?parent=287508"}],"wp:term":[{"taxonomy":"category","embeddable":true,"href":"https:\/\/www.europesays.com\/es\/wp-json\/wp\/v2\/categories?post=287508"},{"taxonomy":"post_tag","embeddable":true,"href":"https:\/\/www.europesays.com\/es\/wp-json\/wp\/v2\/tags?post=287508"}],"curies":[{"name":"wp","href":"https:\/\/api.w.org\/{rel}","templated":true}]}}