{"id":287617,"date":"2025-12-14T10:26:12","date_gmt":"2025-12-14T10:26:12","guid":{"rendered":"https:\/\/www.europesays.com\/es\/287617\/"},"modified":"2025-12-14T10:26:12","modified_gmt":"2025-12-14T10:26:12","slug":"al-menos-10-muertos-en-un-tiroteo-en-la-playa-australiana-de-bondi-en-sidney-internacional","status":"publish","type":"post","link":"https:\/\/www.europesays.com\/es\/287617\/","title":{"rendered":"Al menos 10 muertos en un tiroteo en la playa australiana de Bondi, en S\u00eddney | Internacional"},"content":{"rendered":"<p class=\"\">La polic\u00eda australiana ha informado de la detenci\u00f3n de dos personas este domingo tras un tiroteo masivo en la playa de Bondi, en la ciudad de S\u00eddney, y ha instado al p\u00fablico a evitar la zona. Al menos una docena de personas han resultado heridas por los disparos, efectuados mientras se celebraba la fiesta jud\u00eda del Januc\u00e1. Decenas de ambulaciones y veh\u00edculos de la polic\u00eda han llegado a la zona. La cadena de noticias australiana ABC y el diario Sydney Morning Herald han reportado de fuentes policiales de que al menos ua decena de personas han perdido la vida, entre ellas uno de los asaltantes.<\/p>\n<p class=\"\">\u201cVi al menos a 10 personas en el suelo y sangre por todas partes\u201d, <a href=\"https:\/\/www.smh.com.au\/national\/nsw\/bondi-shooting-live-updates-multiple-casualties-at-sydney-beach-dozens-of-shots-fired-20251214-p5nnkw.html\" target=\"_self\" rel=\"nofollow noopener\" title=\"https:\/\/www.smh.com.au\/national\/nsw\/bondi-shooting-live-updates-multiple-casualties-at-sydney-beach-dozens-of-shots-fired-20251214-p5nnkw.html\">ha declarado al diario Sidney Morning Herald Harry Wilson<\/a>, un residente local de 30 a\u00f1os que presenci\u00f3 el tiroteo. Alex Ryvchin, codirector ejecutivo del Consejo Ejecutivo del Juda\u00edsmo Australiano, declar\u00f3 a Sky News en una entrevista que el tiroteo ocurri\u00f3 durante un evento en la playa que celebraba la festividad jud\u00eda de Januc\u00e1, que comenzaba al atardecer. \u201cEsta es la comunidad jud\u00eda en su m\u00e1xima expresi\u00f3n, uni\u00e9ndose para celebrar una ocasi\u00f3n feliz. Si nos atacaran deliberadamente de esta manera, es de una magnitud que ninguno de nosotros podr\u00eda haber imaginado. Es algo horrible\u201d.<\/p>\n<p class=\"\">Las im\u00e1genes que circulan en las redes muestran al menos a una decenas de personas siendo atendidas y recibiendo reanimaci\u00f3n cardiopulmonar en una zona verde junto a los accesos de la playa. En varios v\u00eddeos que circulan en internet, grabados unos minutos antes desde el exterior, se ve a dos individuos armados con rifles disparando desde un peque\u00f1o puente de entrada a la playa. Uno viste completamente de negro; el otro, con camiseta oscura y pantal\u00f3n blanco.<\/p>\n<p class=\"\">Esos dos hombres ser\u00edan los que posteriormente ha arrestado la polic\u00eda australiana. Se desconoce su estado de salud y si han sido alcanzados por disparos de los agentes desplazados a la zona. <\/p>\n<p class=\"\">\u201cCualquier persona en el lugar de los hechos debe refugiarse\u201d, public\u00f3 la polic\u00eda de Nueva Gales del Sur en la red X. Decenas de personas, seg\u00fan las im\u00e1genes que circulan por la redes, huyeron por la playa y el complejo de restaurante y comercios de los alrededores durante el tiroteo, al tiempo que llegaban los primeros veh\u00edculos de la polic\u00eda y los servicios de emergencia. <\/p>\n<p class=\"\">En una de las grabaciones se puede ver c\u00f3mo los tiradores siguen disparando desde la pasarela mientras se acercan los coches policiales por su espalda.<\/p>\n<p class=\"\">El primer ministro australiano, Anthony Albanese, ha sido informado en todo momento sobre la evoluci\u00f3n del incidente, seg\u00fan ha confirmado un portavoz a ABC. El jefe de gobierno ha emitido un comunicado en el que lamenta las \u201cescenas impactantes y angustiosas\u201d que est\u00e1n llegado de Bondi y ha confirmado heridos tras el suceso. \u201cLa Polic\u00eda y los servicios de Emergencia est\u00e1n trabajando sobre el terreno para salvar vidas. Mis condolencias est\u00e1n con cada persona afectada. Estamos trabajando con la polic\u00eda de Nueva Gales del Sur y brindaremos m\u00e1s actualizaciones a medida que se confirme m\u00e1s informaci\u00f3n\u201d, ha manifestado.<\/p>\n","protected":false},"excerpt":{"rendered":"La polic\u00eda australiana ha informado de la detenci\u00f3n de dos personas este domingo tras un tiroteo masivo en&hellip;\n","protected":false},"author":2,"featured_media":287618,"comment_status":"","ping_status":"","sticky":false,"template":"","format":"standard","meta":{"footnotes":""},"categories":[42],"tags":[1154,69141,4699,17,18,13,14,11,61,62,63,64,19,20,9,10,15,16,16956,9550,8180,12,4664,21,22,65,66,67],"class_list":{"0":"post-287617","1":"post","2":"type-post","3":"status-publish","4":"format-standard","5":"has-post-thumbnail","7":"category-internacional","8":"tag-asesinatos","9":"tag-asesinatos-multiples","10":"tag-australia","11":"tag-breaking-news","12":"tag-breakingnews","13":"tag-featured-news","14":"tag-featurednews","15":"tag-headlines","16":"tag-internacional","17":"tag-international","18":"tag-international-news","19":"tag-internationalnews","20":"tag-latest-news","21":"tag-latestnews","22":"tag-news","23":"tag-noticias","24":"tag-noticias-destacadas","25":"tag-noticiasdestacadas","26":"tag-oceania","27":"tag-playas","28":"tag-tiroteos","29":"tag-titulares","30":"tag-turismo","31":"tag-ultimas-noticias","32":"tag-ultimasnoticias","33":"tag-world","34":"tag-world-news","35":"tag-worldnews"},"share_on_mastodon":{"url":"https:\/\/pubeurope.com\/@es\/115717445080066731","error":""},"_links":{"self":[{"href":"https:\/\/www.europesays.com\/es\/wp-json\/wp\/v2\/posts\/287617","targetHints":{"allow":["GET"]}}],"collection":[{"href":"https:\/\/www.europesays.com\/es\/wp-json\/wp\/v2\/posts"}],"about":[{"href":"https:\/\/www.europesays.com\/es\/wp-json\/wp\/v2\/types\/post"}],"author":[{"embeddable":true,"href":"https:\/\/www.europesays.com\/es\/wp-json\/wp\/v2\/users\/2"}],"replies":[{"embeddable":true,"href":"https:\/\/www.europesays.com\/es\/wp-json\/wp\/v2\/comments?post=287617"}],"version-history":[{"count":0,"href":"https:\/\/www.europesays.com\/es\/wp-json\/wp\/v2\/posts\/287617\/revisions"}],"wp:featuredmedia":[{"embeddable":true,"href":"https:\/\/www.europesays.com\/es\/wp-json\/wp\/v2\/media\/287618"}],"wp:attachment":[{"href":"https:\/\/www.europesays.com\/es\/wp-json\/wp\/v2\/media?parent=287617"}],"wp:term":[{"taxonomy":"category","embeddable":true,"href":"https:\/\/www.europesays.com\/es\/wp-json\/wp\/v2\/categories?post=287617"},{"taxonomy":"post_tag","embeddable":true,"href":"https:\/\/www.europesays.com\/es\/wp-json\/wp\/v2\/tags?post=287617"}],"curies":[{"name":"wp","href":"https:\/\/api.w.org\/{rel}","templated":true}]}}