{"id":287627,"date":"2025-12-14T10:37:09","date_gmt":"2025-12-14T10:37:09","guid":{"rendered":"https:\/\/www.europesays.com\/es\/287627\/"},"modified":"2025-12-14T10:37:09","modified_gmt":"2025-12-14T10:37:09","slug":"futbol-laliga-decidira-manana-si-suspende-el-levante-villarreal-por-la-alerta-roja","status":"publish","type":"post","link":"https:\/\/www.europesays.com\/es\/287627\/","title":{"rendered":"F\u00daTBOL. LaLiga decidir\u00e1 ma\u00f1ana si suspende el Levante-Villarreal por la alerta roja"},"content":{"rendered":"<p class=\"ft-text\"><strong>Ya es oficial, el Valencia Basket ha decidido aplazar el partido de hoy de su equipo femenino contra Casademont Zaragoza, <\/strong>que estaba previsto que se disputase en el Roig Arena a las 12.15 horas, por la alerta roja meterol\u00f3gica. Asimismo, el club valenciano decidir\u00e1 hoy por la ma\u00f1ana qu\u00e9 pasa con el encuentro de la tarde, en el que el equipo masculino se deber\u00eda medir a las 18 horas tambi\u00e9n al Casademont Zaragoza en la Liga ACB.<\/p>\n<p class=\"ft-text\">Seg\u00fan inform\u00f3 Valencia Basket ayer: \u00abSiguiendo con las indicaciones de Ayuntamiento e instituciones, Valencia Basket ha solicitado a FEB (Federaci\u00f3n Espa\u00f1ola de Baloncesto), el aplazamiento del partido previsto para ma\u00f1ana -por hoy- a las 12.15 h. Lamentamos los inconvenientes que pueda generar a todos los aficionados. <strong>Las entradas adquiridas para este partido tendr\u00e1n validez para el mismo cuando se asigne una nueva fecha. <\/strong>En caso de no poder asistir, el club devolver\u00e1 el importe de la entrada\u00bb.<\/p>\n<p class=\"ft-text\">Asimismo, el club queda pendiente de las conclusiones de la reuni\u00f3n del Cecopal de Val\u00e9ncia prevista para la ma\u00f1ana de hoy, \u00aby comunicar\u00e1 en funci\u00f3n de las nuevas indicaciones, si hay que solicitar a ACB que se tomen medidas con respecto al partido vespertino\u00bb. La decisi\u00f3n de aplazar el partido de la Liga Endesa F se ha tomado porque est\u00e1 previsto que cientos de aficionados de Zaragoza se desplacen a Val\u00e8ncia por carretera para asistir al encuentro y se quieren evitar riesgos para la seguridad de estas personas. No en vano, la recomendaci\u00f3n de las autoridades para afrontar este episodio de tormentas y lluvias torrenciales es que los ciudadanos se queden en sus casas y evitar desplazamientos innecesarios.<\/p>\n<p>Peligra el Levante UD<\/p>\n<p class=\"ft-text\">Por su parte, en estos momentos peligra tambi\u00e9n la celebraci\u00f3n del partido de Liga <strong>entre el Levante UD y el Villarreal CF que se deb\u00eda jugar esta tarde en el Ciutat de Val\u00e8ncia desde las 18.30 horas. <\/strong>La alcaldesa de Val\u00e8ncia <strong>Mar\u00eda Jos\u00e9 Catal\u00e1 envi\u00f3 ayer una carta a Javier Tebas<\/strong>, presidente de La Liga y entidad organizadora de la competici\u00f3n dom\u00e9stica, para solicitarle el aplazamiento de este encuentro ya que la alerta roja prev\u00e9 dejar intensas lluvias torrenciales de hasta 180 litros\/m2 este domingo 14 de diciembre provocando posibles inundaciones as\u00ed como avenidas cerca de ramblas, barrancos e incluso en zonas inundables y carreteras. Aemet ha declarado este aviso rojo en el litoral de la provincia de Valencia.<\/p>\n<p class=\"ft-text\">El peor momento se vivir\u00e1 entre las 13 y las 16 horas, cuando las lluvias dominar\u00e1n el cielo y pondr\u00e1n en riesgo varias zonas de la provincia. La alerta roja est\u00e1 programada, desde las 12 del mediod\u00eda a las 23 horas, por lo que se han suspendido cientos de encuentros deportivos.<\/p>\n<p class=\"ft-text\">Pese a todo ello, <strong>el Levante UD sigue sin tener una confirmaci\u00f3n oficial de laLiga sobre la cancelaci\u00f3n del partido.<\/strong> Ello pese a que lo ha solicitado oficialmente a la organizaci\u00f3n presidida por Javier Tebas. As\u00ed, las cosas la Liga de F\u00fatbol Profesional decidir\u00e1 esta ma\u00f1ana si suspende el partido correspondiente a la Jornada 16 de la Liga EA Sports, seg\u00fan ha sabido Levante-EMV de fuentes de toda solvencia. La Liga est\u00e1 analizando en un comit\u00e9 interno esta petici\u00f3n de la alcaldesa de Val\u00e8ncia y del Levante, y hoy tomar\u00e1 una decisi\u00f3n. Esto ocurrir\u00e1 tambi\u00e9n cuando se tenga m\u00e1s informaci\u00f3n de Aemet y tras reunirse el Cecopal de la capital valenciana.<\/p>\n<p class=\"ft-text\">Mientras tanto,<strong> el Villarreal CF ya est\u00e1 en Val\u00e8ncia desde la tarde-noche de ayer a expensas de saber qu\u00e9 ocurre con el encuentro<\/strong>. Los aficionados castellonenses y levantinistas <strong>han dormido sin saber si podr\u00e1n asistir al encuentro<\/strong> pero ante las recomendaciones de las autoridades de no desplazarse y de quedarse en casa es imposible pensar en que se va a celebrar el encuentro.<\/p>\n<p>Dificultad para encontrar a fechas a corto plazo<\/p>\n<p class=\"ft-text\">A corto plazo, el hecho de que esta semana se vayan a jugar partidos de Copa del Rey, con Levante y Villarreal CF como protagonistas, dificulta tambi\u00e9n buscar una posible fecha para este encuentro de Liga, en caso de que se aplace, como todo apunta que va a ocurrir.<\/p>\n","protected":false},"excerpt":{"rendered":"Ya es oficial, el Valencia Basket ha decidido aplazar el partido de hoy de su equipo femenino contra&hellip;\n","protected":false},"author":2,"featured_media":287628,"comment_status":"","ping_status":"","sticky":false,"template":"","format":"standard","meta":{"footnotes":""},"categories":[268],"tags":[1540,168,25,24,280,282,281,23,167],"class_list":{"0":"post-287627","1":"post","2":"type-post","3":"status-publish","4":"format-standard","5":"has-post-thumbnail","7":"category-futbol","8":"tag-competiciones","9":"tag-deportes","10":"tag-es","11":"tag-espana","12":"tag-football","13":"tag-futbol","14":"tag-soccer","15":"tag-spain","16":"tag-sports"},"share_on_mastodon":{"url":"https:\/\/pubeurope.com\/@es\/115717488436157786","error":""},"_links":{"self":[{"href":"https:\/\/www.europesays.com\/es\/wp-json\/wp\/v2\/posts\/287627","targetHints":{"allow":["GET"]}}],"collection":[{"href":"https:\/\/www.europesays.com\/es\/wp-json\/wp\/v2\/posts"}],"about":[{"href":"https:\/\/www.europesays.com\/es\/wp-json\/wp\/v2\/types\/post"}],"author":[{"embeddable":true,"href":"https:\/\/www.europesays.com\/es\/wp-json\/wp\/v2\/users\/2"}],"replies":[{"embeddable":true,"href":"https:\/\/www.europesays.com\/es\/wp-json\/wp\/v2\/comments?post=287627"}],"version-history":[{"count":0,"href":"https:\/\/www.europesays.com\/es\/wp-json\/wp\/v2\/posts\/287627\/revisions"}],"wp:featuredmedia":[{"embeddable":true,"href":"https:\/\/www.europesays.com\/es\/wp-json\/wp\/v2\/media\/287628"}],"wp:attachment":[{"href":"https:\/\/www.europesays.com\/es\/wp-json\/wp\/v2\/media?parent=287627"}],"wp:term":[{"taxonomy":"category","embeddable":true,"href":"https:\/\/www.europesays.com\/es\/wp-json\/wp\/v2\/categories?post=287627"},{"taxonomy":"post_tag","embeddable":true,"href":"https:\/\/www.europesays.com\/es\/wp-json\/wp\/v2\/tags?post=287627"}],"curies":[{"name":"wp","href":"https:\/\/api.w.org\/{rel}","templated":true}]}}