{"id":287631,"date":"2025-12-14T10:39:12","date_gmt":"2025-12-14T10:39:12","guid":{"rendered":"https:\/\/www.europesays.com\/es\/287631\/"},"modified":"2025-12-14T10:39:12","modified_gmt":"2025-12-14T10:39:12","slug":"veinte-firmas-solo-dos-sobreviven","status":"publish","type":"post","link":"https:\/\/www.europesays.com\/es\/287631\/","title":{"rendered":"veinte firmas, solo dos sobreviven"},"content":{"rendered":"<p class=\"paragraph-atom &#10;        B-500-300-700-N B-550-300-700-N--md  \">El madrile\u00f1o Juan Carlos Arg\u00fcello, m\u00e1s conocido como Muelle, vio en Vigo un folio en blanco, con necesidad de darle color. Un espacio perfecto para que sus firmas, al estilo flechero, luciesen en paredes y murales. El pionero del grafiti espa\u00f1ol ten\u00eda Vigo como su segunda casa, al menos para desarrollar su faceta creativa, hasta el d\u00eda de su pronto fallecimiento en 1995 (ten\u00eda 30 a\u00f1os). Alberto Santos, profesor universitario en la rama de Bellas Artes y experto en el arte grafitero de Muelle, descubri\u00f3 su legado en la ciudad: <strong>hasta una veintena de firmas, de las cuales solo dos se mantienen visibles a d\u00eda de hoy. <\/strong>Algunas por eliminaci\u00f3n y otras por falta de conservaci\u00f3n, esas pinturas se difuminaron. <a href=\"https:\/\/www.atlantico.net\/vigo\/proyecto-uvigo-busca-preservar-obra_1_20251103-4041143.html\" rel=\"nofollow noopener\" target=\"_blank\">Tan solo sobreviven una de peque\u00f1o tama\u00f1o en la zona de la Alameda <\/a>y otra en el nudo de Isaac Peral, cerca de lo conocido antes como el puente de la Renfe y del acceso a la AP-9. \u201cNo sabemos cu\u00e1ntas veces estuvo aqu\u00ed, pero s\u00ed que <strong>en la Semana Santa de 1989 dio un concierto con su grupo Coartada (Muelle era bater\u00eda) en el Nova Olimpia. <\/strong>Ah\u00ed pudo aprovechar para dejar su firma por la ciudad\u201d, apunt\u00f3 Santos. <\/p>\n<p class=\"paragraph-atom &#10;        B-500-300-700-N B-550-300-700-N--md  \">Todav\u00eda son especulaciones por qu\u00e9 a Muelle le gustaba Vigo. Ni siquiera lo sabe su hermano, con quien Alberto guarda una gran relaci\u00f3n y actualmente leg\u00edtimo heredero de su legado. \u201cMuelle contaba con una vespa de peque\u00f1a cilindrada que utilizaba para sus viajes a Vigo y Galicia. En uno de esos, en plena nacional por Xinzo de Limia, dej\u00f3 una de sus firmas que todav\u00eda se puede apreciar\u201d, asegur\u00f3 Santos. Tambi\u00e9n se rumorea que lleg\u00f3 a mostrar su estilo flechero en Santiago, Ourense y Ponteareas, aunque no hay documentos visibles que lo constatan. S\u00ed los hay en otros puntos de la pen\u00ednsula (adem\u00e1s de Madrid) como \u00c1vila o Zaragoza. Pero Muelle ten\u00eda cierta simpat\u00eda por Vigo: \u201cTuvo much\u00edsima actividad aqu\u00ed. Al menos, una veintena, y <strong>no se descarta que se mueva algo y aparezca otro. Pero eso ya es muy improbable\u201d.<\/strong> Salvo los dos visibles, los dem\u00e1s han sido o borrados \u201cpor desconocimiento\u201d o eliminados a conciencia porque \u201cse nota que han sido frotados\u201d. Intentaron recuperar uno con la c\u00e1mara espectral en la R\u00faa Roupeiro, por Garc\u00eda Barb\u00f3n, pero no fue posible, aunque \u201cun imitador dej\u00f3 su propia firma de Muelle, imagino que para dejar constancia de que estuvo all\u00ed\u201d. <strong>Cerca estuvo de desaparecer tambi\u00e9n la firma de Isaac Peral, pero Santos alert\u00f3 al Concello de su presencia cuando se iba a construir unas escaleras en ese lugar, en plena humanizaci\u00f3n por Vialia y la AP-9<\/strong>: \u201cTuvieron el decoro de moverlas un par de metros para no borrar el grafiti\u201d. <\/p>\n<p class=\"paragraph-atom &#10;        B-500-300-700-N B-550-300-700-N--md  \">Santos estuvo ligado desde siempre a la cultura urbana y al arte callejero. En 2002 comenz\u00f3 a pintar sus primeros grafitis y a juntarse con personas de sus mismas inquietudes. En ese c\u00edrculo solo se hablaba de Muelle, pese a llevar ya siete a\u00f1os fallecido. <strong>\u201cConocer su obra hizo que yo obtuviese el doctorado. Soy Doctor gracias a Muelle.<\/strong> De peque\u00f1o me re\u00f1\u00edan por pintar y ahora estoy dando clases de eso en la universidad\u201d, indic\u00f3. Loter\u00edas del Estado quiso hacer un gui\u00f1o el pasado viernes al sacar un d\u00e9cimo con la inconfundible firma de Muelle. Es la segunda vez que se realiza.<\/p>\n<p class=\"paragraph-atom &#10;        B-500-300-700-N B-550-300-700-N--md  \">Alberto no quiere que el legado de Muelle en Vigo desaparezca. Quiere dejarlo vivo, que la sociedad conozca su arte. Para ello, <strong>solicit\u00f3 dos actividades al Concello y al Museo del Mar de Galicia que no llegaron a buen puerto. <\/strong>Una de ellas es la creaci\u00f3n de una ruta de Muelle, con un recorrido trazado por las zonas de Vigo donde Muelle dej\u00f3 su sello y fue eliminado. Evidentemente, tambi\u00e9n con el paso por las firmas de la Alameda e Isaac Peral. La otra petici\u00f3n fue una exposici\u00f3n en el Museo do Mar que, pese a alguna reuni\u00f3n con su direcci\u00f3n, no lleg\u00f3 a cuajar. Ambas cayeron en saco roto, pese a contar con una memoria exhaustiva y presupuestada del proyecto. No obstante, Muelle todav\u00eda sigue presente en Vigo 30 a\u00f1os despu\u00e9s.<\/p>\n","protected":false},"excerpt":{"rendered":"El madrile\u00f1o Juan Carlos Arg\u00fcello, m\u00e1s conocido como Muelle, vio en Vigo un folio en blanco, con necesidad&hellip;\n","protected":false},"author":2,"featured_media":287632,"comment_status":"","ping_status":"","sticky":false,"template":"","format":"standard","meta":{"footnotes":""},"categories":[173],"tags":[229,233,231,230,232,234,146,147,25,24,17043,27721,23,24804,1274],"class_list":{"0":"post-287631","1":"post","2":"type-post","3":"status-publish","4":"format-standard","5":"has-post-thumbnail","7":"category-arte-y-diseno","8":"tag-arte","9":"tag-arte-y-diseno","10":"tag-arts","11":"tag-arts-and-design","12":"tag-design","13":"tag-diseno","14":"tag-entertainment","15":"tag-entretenimiento","16":"tag-es","17":"tag-espana","18":"tag-firmas","19":"tag-muelle","20":"tag-spain","21":"tag-veinte","22":"tag-vigo"},"share_on_mastodon":{"url":"https:\/\/pubeurope.com\/@es\/115717496055893776","error":""},"_links":{"self":[{"href":"https:\/\/www.europesays.com\/es\/wp-json\/wp\/v2\/posts\/287631","targetHints":{"allow":["GET"]}}],"collection":[{"href":"https:\/\/www.europesays.com\/es\/wp-json\/wp\/v2\/posts"}],"about":[{"href":"https:\/\/www.europesays.com\/es\/wp-json\/wp\/v2\/types\/post"}],"author":[{"embeddable":true,"href":"https:\/\/www.europesays.com\/es\/wp-json\/wp\/v2\/users\/2"}],"replies":[{"embeddable":true,"href":"https:\/\/www.europesays.com\/es\/wp-json\/wp\/v2\/comments?post=287631"}],"version-history":[{"count":0,"href":"https:\/\/www.europesays.com\/es\/wp-json\/wp\/v2\/posts\/287631\/revisions"}],"wp:featuredmedia":[{"embeddable":true,"href":"https:\/\/www.europesays.com\/es\/wp-json\/wp\/v2\/media\/287632"}],"wp:attachment":[{"href":"https:\/\/www.europesays.com\/es\/wp-json\/wp\/v2\/media?parent=287631"}],"wp:term":[{"taxonomy":"category","embeddable":true,"href":"https:\/\/www.europesays.com\/es\/wp-json\/wp\/v2\/categories?post=287631"},{"taxonomy":"post_tag","embeddable":true,"href":"https:\/\/www.europesays.com\/es\/wp-json\/wp\/v2\/tags?post=287631"}],"curies":[{"name":"wp","href":"https:\/\/api.w.org\/{rel}","templated":true}]}}