{"id":287659,"date":"2025-12-14T11:02:15","date_gmt":"2025-12-14T11:02:15","guid":{"rendered":"https:\/\/www.europesays.com\/es\/287659\/"},"modified":"2025-12-14T11:02:15","modified_gmt":"2025-12-14T11:02:15","slug":"en-las-afueras-de-vancouver-una-casa-en-un-pueblo-remoto-al-que-se-llega-navegando-y-parece-de-cuento","status":"publish","type":"post","link":"https:\/\/www.europesays.com\/es\/287659\/","title":{"rendered":"En las afueras de Vancouver, una casa en un pueblo remoto al que se llega navegando y parece de cuento"},"content":{"rendered":"<p><a class=\"com-link --fourxs\" href=\"https:\/\/www.lanacion.com.ar\/\" title=\"Noticias de LA NACION\" rel=\"nofollow noopener\" target=\"_blank\">&gt;LA NACION<\/a><a class=\"com-link --fourxs\" href=\"https:\/\/www.lanacion.com.ar\/revista-living\/\" title=\"Noticias de Revista Living\" rel=\"nofollow noopener\" target=\"_blank\">&gt;Revista Living<\/a><\/p>\n<ul class=\"mod-date flex jc-start ai-center --bullet-list_12 w-100\">\n<li class=\"flex ai-center\">14 de diciembre de 2025<\/li>\n<li class=\"mod-date-hour flex ai-center\">00:00<\/li>\n<li class=\"reading-time flex bullet-sm-none ml-auto_max767 flex gap-2 ai-center\"><img class=\"image flex --cover\" decoding=\"async\" fetchpriority=\"low\" loading=\"lazy\" src=\"https:\/\/www.europesays.com\/es\/wp-content\/uploads\/2025\/12\/timer-ia.webp\" height=\"21\" alt=\"icono tiempo de lectura\"\/>3 minutos de lectura&#8217;<\/li>\n<\/ul>\n<p class=\"com-paragraph  --capital --s\">Pintores, ceramistas, fot\u00f3grafos y dise\u00f1adores hacen vibrar <strong>Roberts Creek, una comunidad de unos 3.500 habitantes <\/strong>en una pen\u00ednsula sobre el estrecho de Georgia (un brazo del oc\u00e9ano Pac\u00edfico), adonde solo se llega en barco. <\/p>\n<p>Una de las primeras intervenciones fue pintar la casa de negro, para que no alterara los espacios abiertos.B\u00e1rbara Tilli<\/p>\n<p class=\"com-paragraph   --s\">Ese para\u00edso natural fue el lugar elegido por la <strong>arquitecta Janine Pilmer <\/strong>nacida en Canad\u00e1 y criada en Argentina y el <strong>artista Lucas Kratochwil<\/strong>, en 2019, para vivir en medio del bosque, al pie de la monta\u00f1a y a pasos de la playa. <\/p>\n<p>La casa, construida en 1955 en Vancouver y transportada a Roberts Creek en los a\u00f1os 70, est\u00e1 emplazada en el fondo del terreno, con un gran parque en el frente.B\u00e1rbara TilliLucas cre\u00f3 la mesa baja con un tronco de cedro que les regal\u00f3 un vecino.B\u00e1rbara Tilli<\/p>\n<p class=\"com-paragraph   --s\">Lucas y Janine renovaron esta casa de los a\u00f1os 50 para montar <strong>The Nook Spa<\/strong>, un espacio boutique de bienestar, adem\u00e1s del <strong>atelier de arte<\/strong> de \u00e9l y el <strong>estudio de arquitectura y dise\u00f1o de interiores<\/strong> de ella. <\/p>\n<p>Para la reforma, que tom\u00f3 un a\u00f1o, se eligieron materiales naturales (siempre que fuera posible de origen local) en una paleta liviana y neutra. barbara tili photography<\/p>\n<p class=\"com-paragraph   --s\">\u201cNos gusta llamar <strong>scanadian<\/strong> al estilo de nuestra casa, una <strong>fusi\u00f3n entre la visi\u00f3n escandinava y el esp\u00edritu canadiense\u201d<\/strong>, nos cuenta Janine. <\/p>\n<p>El roble nativo con el que hicieron los pisos tambi\u00e9n fue elegido para el escritorio y los estantes. barbara tili photography<\/p>\n<blockquote class=\"flex jc-start ai-center py-16\">\n<p class=\"text ln-text prumo text-24 --prumo --font-bold\">El entorno y la casa los encant\u00f3, pero la renovaron para hacerla propia: manteniendo la distribuci\u00f3n original, cambiaron las materialidades y el equipamiento, adem\u00e1s de construir de cero el spa.<\/p>\n<\/blockquote>\n<p>\u201cEl cuarto verde es el que usamos para hacer yoga y meditar. Como tiene puertas de vidrio, se ve desde el ingreso y nutre visualmente el resto de la casa\u201d, nos dijeron.barbara tili photography<\/p>\n<blockquote class=\"flex jc-start ai-center py-16\">\n<p class=\"text ln-text prumo text-24 --prumo --font-bold\">\u201cEl interiorismo es luminoso, sereno y acogedor. Ac\u00e1, los d\u00edas son cortos y bastante oscuros seis meses al a\u00f1o; entonces, tener espacios as\u00ed contribuyen a levantar el \u00e1nimo\u201d.<\/p>\n<\/blockquote>\n<p>La pintura \u2018Bancha 298\u2019 (Farrow Ball) funciona como fondo para los nueve cuadros con yatras (s\u00edmbolos de geometr\u00eda sagrada originarios de la India) pintados por ellos y la mam\u00e1 de Janine. barbara tili photography<\/p>\n<p class=\"com-paragraph   --s\">\u201cLos<strong> toques en verde<\/strong> est\u00e1n presentes en la mayor\u00eda de los espacios de casa, una manera de <strong>agregar color sin generar \u2018ruido\u2019,<\/strong> ya que es parte del entorno\u201d, cuenta.<\/p>\n<p>Los muebles, hechos a medida por Lucas, son de roble blanco nativo, combinados con tiradores y grifer\u00eda negra como acento actual. barbara tili photography<\/p>\n<p class=\"com-paragraph   --s\"><strong>La reforma fue hecha por ellos mismos:<\/strong> mientras Janine desarroll\u00f3 el proyecto creativo y de dise\u00f1o, Lucas puso manos a la obra acompa\u00f1ado por el saber de Chris, un ingeniero civil retirado que vive en la zona.<\/p>\n<p>En el comedor diario con mesa Tulip reaparece el verde, en una obra que los due\u00f1os de casa pintaron juntos.barbara tili photography<\/p>\n<p class=\"com-paragraph   --s\">Con un <strong>aire di\u00e1fano,<\/strong> con apenas presencia de<strong> textiles en tono arena<\/strong>, el cuarto principal funciona como un <strong>mirador <\/strong>donde las ventanas enmarcan el bosque. <\/p>\n<p>El aparador de roble blanco fue hecho a medida por Lucas.B\u00e1rbara Tilli<\/p>\n<blockquote class=\"flex jc-start ai-center py-16\">\n<p class=\"text ln-text prumo text-24 --prumo --font-bold\">La particularidad de los techos y las distintas formas de las aberturas (por no hablar de sus perspectivas) le dan un inter\u00e9s a este dormitorio que nos lleva a olvidar su minimalismo. <\/p>\n<\/blockquote>\n<p>Luz natural y l\u00edneas puras: un rinc\u00f3n que combina simplicidad y calidez, donde la madera aporta car\u00e1cter y la ventana enmarca la conexi\u00f3n con el exterior.B\u00e1rbara Tilli<\/p>\n<p class=\"com-paragraph   --s\">\u201cPor el clima h\u00famedo, quisimos<strong> evitar el uso de azulejos<\/strong> que pudiera acumular moho en las juntas\u201d, cuenta la arquitecta. <\/p>\n<p>El revestimiento es de Microtopping (Ideal Work), un microcemento continuo en piso y paredes. El vanitory de roble blanco, otra obra de Lucas.B\u00e1rbara Tilli<\/p>\n<p class=\"com-paragraph   --s\">El<strong> atelier <\/strong>est\u00e1 a pasos de la <strong>huerta de camas elevadas<\/strong>, donde cultivan <strong>arom\u00e1ticas y frutos rojos.<\/strong> Tambi\u00e9n tienen frutales y un jard\u00edn a la inglesa, con flores silvestres que despiertan durante la primavera. <\/p>\n<p>La cosecha es una de las actividades que m\u00e1s disfruta la pareja en sus tiempos libres.B\u00e1rbara Tilli<\/p>\n<p class=\"com-paragraph   --s\">Desde chico, Lucas se sumergi\u00f3 en los paisajes de la Patagonia, compartiendo la <strong>pasi\u00f3n de su padre por la naturaleza y la herencia art\u00edstica de su familia.<\/strong> Luego de formarse y trabajar en dise\u00f1o industrial, arte y cine en Austria, encontr\u00f3 en los <strong>paisajes canadienses una nueva fuente de inspiraci\u00f3n. <\/strong><\/p>\n<p>En este atelier trabaj\u00f3 en una serie de obra de gran escala, en \u00f3leo, que retrata la zona.barbara tili photography<\/p>\n<blockquote class=\"flex jc-start ai-center py-16\">\n<p class=\"text ln-text prumo text-24 --prumo --font-bold\">En 2020, detr\u00e1s de la casa construyeron los dos m\u00f3dulos, uno para el sauna seco, otro para el ba\u00f1o y el sector al aire libre que forman el circuito de spa, donde reciben la comunidad local y tambi\u00e9n a la de Vancouver, que busca una experiencia de desconexi\u00f3n. <\/p>\n<\/blockquote>\n<p>Afuera trataron el cedro con la t\u00e9cnica de Shou Sugi Ban, que le dio la terminaci\u00f3n oscura y lo protege de la lluvia y de los incendios forestales. B\u00e1rbara Tilli<\/p>\n<p class=\"com-paragraph   --s\">Afuera, un<strong> fog\u00f3n <\/strong>como espacio de relajaci\u00f3n, una<strong> piscina de agua fr\u00eda y otra de agua caliente<\/strong> y ducha de cobre, encargada a medida.<\/p>\n<p>Gracias a su ubicaci\u00f3n del spa, se puede caminar en bata al mar, sumergirse en el agua fr\u00eda y volver para entrar al calor del sauna, una pr\u00e1ctica usual en estos climas.BARBARA TILI<\/p>\n<p class=\"com-paragraph   --s\"><strong>\u201cEl spa tiene una morfolog\u00eda pura, atemporal. <\/strong>No quisimos instalar aleros, algo bastante disruptivo por todo lo que llueve ac\u00e1\u201d, cuenta Janine. <\/p>\n<p>Roberts Creek tiene un clima oce\u00e1nico templado, con inviernos frescos y veranos suaves.barbara tili photography<\/p>\n<p> \u00a0<\/p>\n","protected":false},"excerpt":{"rendered":"&gt;LA NACION&gt;Revista Living 14 de diciembre de 2025 00:00 3 minutos de lectura&#8217; Pintores, ceramistas, fot\u00f3grafos y dise\u00f1adores&hellip;\n","protected":false},"author":2,"featured_media":287660,"comment_status":"","ping_status":"","sticky":false,"template":"","format":"standard","meta":{"footnotes":""},"categories":[173],"tags":[69146,229,233,231,230,232,234,146,147,25,24,23],"class_list":{"0":"post-287659","1":"post","2":"type-post","3":"status-publish","4":"format-standard","5":"has-post-thumbnail","7":"category-arte-y-diseno","8":"tag-aire-libre","9":"tag-arte","10":"tag-arte-y-diseno","11":"tag-arts","12":"tag-arts-and-design","13":"tag-design","14":"tag-diseno","15":"tag-entertainment","16":"tag-entretenimiento","17":"tag-es","18":"tag-espana","19":"tag-spain"},"share_on_mastodon":{"url":"https:\/\/pubeurope.com\/@es\/115717586631140355","error":""},"_links":{"self":[{"href":"https:\/\/www.europesays.com\/es\/wp-json\/wp\/v2\/posts\/287659","targetHints":{"allow":["GET"]}}],"collection":[{"href":"https:\/\/www.europesays.com\/es\/wp-json\/wp\/v2\/posts"}],"about":[{"href":"https:\/\/www.europesays.com\/es\/wp-json\/wp\/v2\/types\/post"}],"author":[{"embeddable":true,"href":"https:\/\/www.europesays.com\/es\/wp-json\/wp\/v2\/users\/2"}],"replies":[{"embeddable":true,"href":"https:\/\/www.europesays.com\/es\/wp-json\/wp\/v2\/comments?post=287659"}],"version-history":[{"count":0,"href":"https:\/\/www.europesays.com\/es\/wp-json\/wp\/v2\/posts\/287659\/revisions"}],"wp:featuredmedia":[{"embeddable":true,"href":"https:\/\/www.europesays.com\/es\/wp-json\/wp\/v2\/media\/287660"}],"wp:attachment":[{"href":"https:\/\/www.europesays.com\/es\/wp-json\/wp\/v2\/media?parent=287659"}],"wp:term":[{"taxonomy":"category","embeddable":true,"href":"https:\/\/www.europesays.com\/es\/wp-json\/wp\/v2\/categories?post=287659"},{"taxonomy":"post_tag","embeddable":true,"href":"https:\/\/www.europesays.com\/es\/wp-json\/wp\/v2\/tags?post=287659"}],"curies":[{"name":"wp","href":"https:\/\/api.w.org\/{rel}","templated":true}]}}